{"id":13888,"date":"2013-08-23T21:04:57","date_gmt":"2013-08-23T20:04:57","guid":{"rendered":"http:\/\/www.moda.es\/blog\/?p=13888"},"modified":"2020-04-27T17:58:37","modified_gmt":"2020-04-27T16:58:37","slug":"el-nuevo-debut-de-garance-dore","status":"publish","type":"post","link":"http:\/\/www.moda.es\/blog\/el-nuevo-debut-de-garance-dore\/","title":{"rendered":"El nuevo debut de Garance Dor\u00e9"},"content":{"rendered":"<p>Siete a\u00f1os despu\u00e9s de comenzar su sitio web hom\u00f3nimo, <strong>Garance Dor\u00e9<\/strong> ha dado el paso inevitable para los bloggers de estilo con un cierto nivel (es decir, con una determinada tasa de usuarios \u00fanicos).<\/p>\n<p>Siguiendo los pasos de su pareja, <strong>Scott Schuman<\/strong>, o lo que es lo mismo, <strong>The Sartorialist<\/strong>, que ya se ha embarcado en la misma aventura en dos ocasiones, la parisina afincada en Nueva York ha firmado el contrato para su primer libro. Este libro, al igual que su blog, contar\u00e1 con una mezcla de <strong>fotograf\u00edas, ilustraciones y reflexiones<\/strong> de Dor\u00e9 sobre moda, belleza y estilo de vida.<\/p>\n<p><a href=\"https:\/\/i0.wp.com\/www.moda.es\/blog\/wp-content\/uploads\/2013\/08\/Garance-Dore-3.jpg\"><img loading=\"lazy\" class=\"aligncenter size-full wp-image-13889\" alt=\"Garance Dore 3\" src=\"https:\/\/i0.wp.com\/www.moda.es\/blog\/wp-content\/uploads\/2013\/08\/Garance-Dore-3.jpg?resize=300%2C436\" width=\"300\" height=\"436\" data-recalc-dims=\"1\" \/><\/a><\/p>\n<p>El blog fue fundado en <strong>2006<\/strong> cuando trabajaba como <strong>ilustradora freelance.<\/strong> M\u00e1s adelante incluy\u00f3 la secci\u00f3n de fotograf\u00edas de street style, que fue lo que realmente la catapult\u00f3 al estrellato del universo blog, a lo que seguir\u00edan los v\u00eddeos y sus propios reportajes. As\u00ed, a sus<strong> 38 a\u00f1os<\/strong>, se une al grupo de <em>bloggers<\/em> que hacen de la red, su vida y su sustento. The Sartorialist ha confesado que factura cantidades de siete cifras cada a\u00f1o gracias a su blog y <strong>Leandra Medine<\/strong>, m\u00e1s conocida como <strong>The Man Repeller<\/strong> espera grandes ganancias tambi\u00e9n por el libro que presenta el pr\u00f3ximo mes: <em>Seeking Love, Finding Overalls<\/em>.<\/p>\n<p>Por el momento, el proyecto de Garance Dor\u00e9 todav\u00eda no tiene t\u00edtulo, pero seguro que no decepciona.<\/p>\n<p><a href=\"https:\/\/i0.wp.com\/www.moda.es\/blog\/wp-content\/uploads\/2013\/08\/Garance-Dore-4.jpg\"><img loading=\"lazy\" class=\"aligncenter size-full wp-image-13890\" alt=\"Garance Dore 4\" src=\"https:\/\/i0.wp.com\/www.moda.es\/blog\/wp-content\/uploads\/2013\/08\/Garance-Dore-4.jpg?resize=300%2C491\" width=\"300\" height=\"491\" data-recalc-dims=\"1\" \/><\/a><\/p>\n<p>&nbsp;<\/p>\n<p>\u00a9WWD \/ Fashion Telegraph<\/p>\n<p>&nbsp;<\/p>\n<p>&nbsp;                             <\/p>\n","protected":false},"excerpt":{"rendered":"<p>Siete a\u00f1os despu\u00e9s de comenzar su sitio web hom\u00f3nimo, Garance Dor\u00e9 ha dado el paso inevitable para los bloggers de estilo con un cierto nivel (es decir, con una determinada tasa de usuarios \u00fanicos). Siguiendo los pasos de su pareja, Scott Schuman, o lo que es lo mismo, The Sartorialist, [&hellip;]<\/p>\n","protected":false},"author":3,"featured_media":17100,"comment_status":"open","ping_status":"open","sticky":false,"template":"","format":"standard","meta":{"jetpack_publicize_message":"","jetpack_is_tweetstorm":false,"jetpack_publicize_feature_enabled":true},"categories":[3,7,11],"tags":[341,515,808,878,882],"jetpack_publicize_connections":[],"jetpack_featured_media_url":"https:\/\/i0.wp.com\/www.moda.es\/blog\/wp-content\/uploads\/2013\/08\/Garance-Dore-3.jpg?fit=300%2C436","jetpack_sharing_enabled":true,"jetpack_shortlink":"https:\/\/wp.me\/p4tJCC-3C0","jetpack-related-posts":[{"id":2439,"url":"http:\/\/www.moda.es\/blog\/el-barquito-por-garance\/","url_meta":{"origin":13888,"position":0},"title":"El barquito por Garance","date":"junio 27, 2011","format":false,"excerpt":"La famosa blogger Garance Dor\u00e9 ha puesto su objetivo al servicio de Petit Bateau, la marca\u00a0del mejor algod\u00f3n con sello franc\u00e9s. La firma\u00a0gala quer\u00eda mostrar su cl\u00e1sica camiseta de cuello en V, que se presenta de nuevo este verano en los m\u00e1s variados colores, con una nueva mirada. Y lo\u2026","rel":"","context":"En \u00abFirmas\u00bb","img":{"alt_text":"","src":"https:\/\/i0.wp.com\/www.moda.es\/blog\/wp-content\/uploads\/2011\/06\/MG_0684+_050911-682x10241.jpg?fit=682%2C1024&resize=350%2C200","width":350,"height":200},"classes":[]},{"id":7422,"url":"http:\/\/www.moda.es\/blog\/las-olsen-reinas-de-la-moda\/","url_meta":{"origin":13888,"position":1},"title":"Las Olsen, reinas de la moda","date":"junio 7, 2012","format":false,"excerpt":"Ayer las hermanas gemelas Olsen fueron noticia. El motivo: anteanoche (en la noche americana) se entregaban los premios de CFDA (Council of Fashion Designers of America), que se pueden considerar como los hom\u00f3logos de los \u00d3scar pero en la moda, y estas cuasi siamesas -que no se separan nunca- se\u2026","rel":"","context":"En \u00abAlfombra Roja\u00bb","img":{"alt_text":"","src":"https:\/\/i0.wp.com\/www.moda.es\/blog\/wp-content\/uploads\/2012\/06\/Mary-Kate-Olsen_-Lauren-Hutton_-Ashley-Olsen-attend-the-2012-CFDA-Fashion-Awards-e13390237317731.jpg?fit=500%2C440&resize=350%2C200","width":350,"height":200},"classes":[]},{"id":18400,"url":"http:\/\/www.moda.es\/blog\/poppy-delevingne-posa-para-chopard\/","url_meta":{"origin":13888,"position":2},"title":"Poppy Delevingne posa para Chopard","date":"octubre 16, 2014","format":false,"excerpt":"La modelo y socialit\u00e9 Poppy Delevingne se ha puesto ante el objetivo de\u00a0Garance Dor\u00e9 para presentar la \u00faltima colecci\u00f3n Happy Diamonds de Chopard. \u201cLa joyer\u00eda es algo muy personal...debe transmitir una historia sobre la persona que la lleva\u201d ha declarado Garance Dor\u00e9. Y cuenta as\u00ed c\u00f3mo fue la sesi\u00f3n: \"Rodamos\u2026","rel":"","context":"En \u00abCampa\u00f1as\u00bb","img":{"alt_text":"","src":"https:\/\/i0.wp.com\/www.moda.es\/blog\/wp-content\/uploads\/2014\/10\/Behind-the-scene-3.jpg?fit=650%2C433&resize=350%2C200","width":350,"height":200},"classes":[]},{"id":17650,"url":"http:\/\/www.moda.es\/blog\/felicidades-the-outnet\/","url_meta":{"origin":13888,"position":3},"title":"Felicidades, The Outnet","date":"mayo 12, 2014","format":false,"excerpt":"\u00bfA qui\u00e9n no le gusta un cumplea\u00f1os? Sin duda es mi celebraci\u00f3n preferida y no s\u00f3lo cuando se trata de mi d\u00eda sino cuando mis marcas preferidas hacen su propia fiesta de aniversario. The Outnet, una de las grandes del estilo on line, celebra su quinto aniversario de forma muy\u2026","rel":"","context":"En \u00abActualidad\u00bb","img":{"alt_text":"","src":"https:\/\/i0.wp.com\/www.moda.es\/blog\/wp-content\/uploads\/2014\/05\/The-Outnet-2.jpg?fit=650%2C566&resize=350%2C200","width":350,"height":200},"classes":[]},{"id":19767,"url":"http:\/\/www.moda.es\/blog\/lo-ultimo-de-scott-schuman\/","url_meta":{"origin":13888,"position":4},"title":"Lo \u00faltimo de Scott Schuman","date":"septiembre 2, 2015","format":false,"excerpt":"Scott Schuman\u00a0ha pasado la \u00faltima d\u00e9cada capturando el estilo de la calle en las capitales de la moda del mundo, pero en su tercer libro, The Sartorialist X lo ha llevado m\u00e1s lejos. \"Realmente he viajado por el mundo para explorar qu\u00e9 significa el\u00a0estilo y la belleza una gran cantidad\u2026","rel":"","context":"En \u00abActualidad\u00bb","img":{"alt_text":"","src":"https:\/\/i0.wp.com\/www.moda.es\/blog\/wp-content\/uploads\/2015\/09\/Captura-de-pantalla-2015-09-02-a-las-22.44.12.png?fit=326%2C482&resize=350%2C200","width":350,"height":200},"classes":[]},{"id":9913,"url":"http:\/\/www.moda.es\/blog\/welcome-back-seaferer\/","url_meta":{"origin":13888,"position":5},"title":"Welcome back, Seaferer","date":"diciembre 29, 2012","format":false,"excerpt":"Renovarse o morir. En 1896, Tony Anzalone, inmigrante italiano y anterior marinero en el ej\u00e9rcito estadounidense hizo realidad su sue\u00f1o estableciendose su propia sastrer\u00eda, Seafarer junto a la Brooklyn Navy Yard. Lo que empez\u00f3 como un taller de reparaci\u00f3n y adaptaci\u00f3n de los uniformes de los soldados continu\u00f3 con la\u2026","rel":"","context":"En \u00abBloggers\u00bb","img":{"alt_text":"","src":"https:\/\/i0.wp.com\/www.moda.es\/blog\/wp-content\/uploads\/2012\/12\/Raquel-Welch.jpg?resize=350%2C200","width":350,"height":200},"classes":[]}],"_links":{"self":[{"href":"http:\/\/www.moda.es\/blog\/wp-json\/wp\/v2\/posts\/13888"}],"collection":[{"href":"http:\/\/www.moda.es\/blog\/wp-json\/wp\/v2\/posts"}],"about":[{"href":"http:\/\/www.moda.es\/blog\/wp-json\/wp\/v2\/types\/post"}],"author":[{"embeddable":true,"href":"http:\/\/www.moda.es\/blog\/wp-json\/wp\/v2\/users\/3"}],"replies":[{"embeddable":true,"href":"http:\/\/www.moda.es\/blog\/wp-json\/wp\/v2\/comments?post=13888"}],"version-history":[{"count":5,"href":"http:\/\/www.moda.es\/blog\/wp-json\/wp\/v2\/posts\/13888\/revisions"}],"predecessor-version":[{"id":36542,"href":"http:\/\/www.moda.es\/blog\/wp-json\/wp\/v2\/posts\/13888\/revisions\/36542"}],"wp:featuredmedia":[{"embeddable":true,"href":"http:\/\/www.moda.es\/blog\/wp-json\/wp\/v2\/media\/17100"}],"wp:attachment":[{"href":"http:\/\/www.moda.es\/blog\/wp-json\/wp\/v2\/media?parent=13888"}],"wp:term":[{"taxonomy":"category","embeddable":true,"href":"http:\/\/www.moda.es\/blog\/wp-json\/wp\/v2\/categories?post=13888"},{"taxonomy":"post_tag","embeddable":true,"href":"http:\/\/www.moda.es\/blog\/wp-json\/wp\/v2\/tags?post=13888"}],"curies":[{"name":"wp","href":"https:\/\/api.w.org\/{rel}","templated":true}]}}