{"id":13881,"date":"2013-08-22T22:13:28","date_gmt":"2013-08-22T21:13:28","guid":{"rendered":"http:\/\/www.moda.es\/blog\/?p=13881"},"modified":"2020-04-27T17:58:47","modified_gmt":"2020-04-27T16:58:47","slug":"moda-deporte-y-solidaridad","status":"publish","type":"post","link":"http:\/\/www.moda.es\/blog\/moda-deporte-y-solidaridad\/","title":{"rendered":"Moda, deporte y solidaridad"},"content":{"rendered":"<p style=\"text-align: center\"><a href=\"https:\/\/i0.wp.com\/www.moda.es\/blog\/wp-content\/uploads\/2013\/08\/Alexander-Wang.jpg\" target=\"_blank\"><img loading=\"lazy\" class=\"size-full wp-image-13883 aligncenter\" alt=\"Alexander Wang\" src=\"https:\/\/i0.wp.com\/www.moda.es\/blog\/wp-content\/uploads\/2013\/08\/Alexander-Wang.jpg?resize=300%2C169\" width=\"300\" height=\"169\" data-recalc-dims=\"1\" \/><\/a><\/p>\n<p><strong>Alexander Wang<\/strong> y el smartphone<strong> Samsung Galaxy Note II<\/strong> han unido sus fuerzas para dise\u00f1ar una bolsa de deporte muy especial.<\/p>\n<p>Su nombre es Wallie, es unisex, perfecta tanto para ir al gimnasio como para unirla a tus <em>looks<\/em> m\u00e1s urbanos pero lo mejor de todo es su verdadero objetivo, y es que las ganancias obtenidas con sus ventas ser\u00e1n destinadas a <strong>fines solidarios<\/strong>.<\/p>\n<p>Para su creaci\u00f3n, Wang recurri\u00f3 a algunos de sus amigos de la industria de la moda y les pidi\u00f3 que realizaran bocetos y dibujos del tel\u00e9fono que m\u00e1s adelante se aplicar\u00edan al print de la bolsa.\u00a0 \u00abLa impresi\u00f3n abstracta realmente captura la energ\u00eda de la ciudad de <strong>Nueva York<\/strong>\u00ab, dijo el dise\u00f1ador. \u00abEsta colaboraci\u00f3n es un gran ejemplo de c\u00f3mo la tecnolog\u00eda y el estilo se unen de una manera inesperada, pero muy significativa.\u00bb<\/p>\n<p style=\"text-align: center\"><a href=\"https:\/\/i0.wp.com\/www.moda.es\/blog\/wp-content\/uploads\/2013\/08\/Alexander-Wang-2.jpg\"><img loading=\"lazy\" class=\"size-full wp-image-13882 aligncenter\" alt=\"Alexander Wang 2\" src=\"https:\/\/i0.wp.com\/www.moda.es\/blog\/wp-content\/uploads\/2013\/08\/Alexander-Wang-2.jpg?resize=300%2C450\" width=\"300\" height=\"450\" data-recalc-dims=\"1\" \/><\/a><\/p>\n<p>\u00abEsta colaboraci\u00f3n con Wang es muy emocionante porque realmente demuestra c\u00f3mo la tecnolog\u00eda no s\u00f3lo facilita nuestra vida sino que hace posbile al proceso creativo de los dise\u00f1adores de moda, artistas y personas creativas\u00bb, dijo <strong>Younghee Lee<\/strong>, vicepresidente ejecutivo de marketing global de <strong>Samsung.<\/strong><\/p>\n<p>Junto a la empresa de tecnolog\u00eda y el dise\u00f1ador, cierra el s\u00edrculo la fundaci\u00f3n Art Start, una organizaci\u00f3n sin \u00e1nimo de lucro que se centra en el<strong> talento art\u00edstico de los ni\u00f1os en situaci\u00f3n de riesgo de edades comprendidas entre 5 y 21 a\u00f1os<\/strong> para darles la confianza necesaria para emprender carreras profesionales significativas.<\/p>\n<p>&nbsp;<\/p>\n<p>\u00a9Vogue UK<\/p>\n<p>&nbsp;                             <\/p>\n","protected":false},"excerpt":{"rendered":"<p>Alexander Wang y el smartphone Samsung Galaxy Note II han unido sus fuerzas para dise\u00f1ar una bolsa de deporte muy especial. Su nombre es Wallie, es unisex, perfecta tanto para ir al gimnasio como para unirla a tus looks m\u00e1s urbanos pero lo mejor de todo es su verdadero objetivo, [&hellip;]<\/p>\n","protected":false},"author":3,"featured_media":17101,"comment_status":"open","ping_status":"open","sticky":false,"template":"","format":"standard","meta":{"jetpack_publicize_message":"","jetpack_is_tweetstorm":false,"jetpack_publicize_feature_enabled":true},"categories":[2,3,11,12],"tags":[66],"jetpack_publicize_connections":[],"jetpack_featured_media_url":"https:\/\/i0.wp.com\/www.moda.es\/blog\/wp-content\/uploads\/2013\/08\/Alexander-Wang.jpg?fit=300%2C169","jetpack_sharing_enabled":true,"jetpack_shortlink":"https:\/\/wp.me\/p4tJCC-3BT","jetpack-related-posts":[{"id":18417,"url":"http:\/\/www.moda.es\/blog\/alexander-wang-habla-de-su-colaboracion-con-hm\/","url_meta":{"origin":13881,"position":0},"title":"Alexander Wang habla de su colaboraci\u00f3n con H&amp;M","date":"octubre 20, 2014","format":false,"excerpt":"Cuando un dise\u00f1ador crea una colecci\u00f3n, siempre hay siempre una inspiraci\u00f3n, una filosof\u00eda o cualquier ideario que la justifique. En el caso de la colaboraci\u00f3n de Alexander Wang con H&M, se trata de la Teor\u00eda del Gym. Aparentemente no dice nada, hasta que vemos la colecci\u00f3n, sus leggings, impermeables y\u2026","rel":"","context":"En \u00abColecciones\u00bb","img":{"alt_text":"","src":"https:\/\/i0.wp.com\/www.moda.es\/blog\/wp-content\/uploads\/2014\/10\/AWHM1.jpg?fit=650%2C489&resize=350%2C200","width":350,"height":200},"classes":[]},{"id":21071,"url":"http:\/\/www.moda.es\/blog\/alexander-wang-se-asocia-con-adidas\/","url_meta":{"origin":13881,"position":1},"title":"Alexander Wang se asocia con Adidas","date":"septiembre 12, 2016","format":false,"excerpt":"La Semana de la Moda de Nueva York est\u00e1 llena de sorpresas, y al final de su desfile de la noche del s\u00e1bado, Alexander Wang sorprendi\u00f3 a la audiencia con la presentaci\u00f3n de una inesperada colaboraci\u00f3n con Adidas. Despu\u00e9s de mostrar su nueva colecci\u00f3n\u00a0primavera \/ verano 2017\u00a0para su marca hom\u00f3nima,\u2026","rel":"","context":"En \u00abDestacados\u00bb","img":{"alt_text":"","src":"https:\/\/i0.wp.com\/www.moda.es\/blog\/wp-content\/uploads\/2016\/09\/Captura-de-pantalla-2016-09-13-a-las-0.19.58.png?fit=593%2C367&resize=350%2C200","width":350,"height":200},"classes":[]},{"id":19645,"url":"http:\/\/www.moda.es\/blog\/alexander-wang-abandona-balenciaga\/","url_meta":{"origin":13881,"position":2},"title":"Alexander Wang abandona Balenciaga","date":"agosto 1, 2015","format":false,"excerpt":"Balenciaga ha confirmado\u00a0que su director creativo, Alexander Wang, dejar\u00e1 la casa por consentimiento mutuo. Wang tom\u00f3 el tim\u00f3n a finales de 2012, y ha demostrado estar a la altura recibiendo la constante aclamaci\u00f3n de la cr\u00edtica y siendo un digno sucesor de Nicolas Ghesquiere,\u00a0y contribuyendo a un positivo crecimiento de\u2026","rel":"","context":"En \u00abActualidad\u00bb","img":{"alt_text":"","src":"https:\/\/i0.wp.com\/www.moda.es\/blog\/wp-content\/uploads\/2015\/08\/Captura-de-pantalla-2015-08-01-a-las-15.37.21.png?fit=322%2C481&resize=350%2C200","width":350,"height":200},"classes":[]},{"id":19281,"url":"http:\/\/www.moda.es\/blog\/alexander-wang-y-diane-von-furstenberg-entre-los-mas-influyentes-segun-time\/","url_meta":{"origin":13881,"position":3},"title":"Alexander Wang y Diane von Furstenberg entre los m\u00e1s influyentes seg\u00fan Time","date":"abril 18, 2015","format":false,"excerpt":"La etiqueta de los \"m\u00e1s influyentes\" es muy codiciada en la moda. Cada a\u00f1o, diversas publicaciones e instituciones hacen la suya, pero pocas tienen tanta relevancia como la de la lista mundial de Las 100 personas m\u00e1s influyentes de la revista Time. El a\u00f1o pasado la directora creativa de C\u00e9line,\u2026","rel":"","context":"En \u00abActualidad\u00bb","img":{"alt_text":"","src":"https:\/\/i0.wp.com\/www.moda.es\/blog\/wp-content\/uploads\/2015\/04\/dvf-wang.jpg?fit=650%2C733&resize=350%2C200","width":350,"height":200},"classes":[]},{"id":13953,"url":"http:\/\/www.moda.es\/blog\/alexander-wang-y-la-lana\/","url_meta":{"origin":13881,"position":4},"title":"Alexander Wang y la lana","date":"agosto 28, 2013","format":false,"excerpt":"Tan importante como un dise\u00f1o es el teijdo con el que est\u00e1 confeccionado, por ello Alexander Wang ha decidido prestar su imagen a la campa\u00f1a pro lana merino \"No Finner Feeling\"\u00a0 de The Woolmark Company durante las dos pr\u00f3ximas campa\u00f1as de invierno. Una calle del suburbio, el dise\u00f1ador y una\u2026","rel":"","context":"En \u00abActualidad\u00bb","img":{"alt_text":"","src":"https:\/\/i0.wp.com\/www.moda.es\/blog\/wp-content\/uploads\/2013\/08\/A.-Wang.jpg?fit=500%2C727&resize=350%2C200","width":350,"height":200},"classes":[]},{"id":21008,"url":"http:\/\/www.moda.es\/blog\/la-batalla-legal-de-alexander-wang\/","url_meta":{"origin":13881,"position":5},"title":"La batalla legal de Alexander Wang","date":"agosto 22, 2016","format":false,"excerpt":"Alexander Wang\u00a0ha recibido\u00a090 millones de d\u00f3lares en da\u00f1os tras demandar con \u00e9xito a m\u00e1s de 45 acusados que operaban en 459 sitios web vendiendo productos falsificados que llevaban su nombre. La marca, sin embargo, es poco probable que reciba la cantidad real, ya que los propietarios de los dominios de\u2026","rel":"","context":"En \u00abActualidad\u00bb","img":{"alt_text":"","src":"https:\/\/i0.wp.com\/www.moda.es\/blog\/wp-content\/uploads\/2016\/08\/Captura-de-pantalla-2016-08-22-a-las-23.11.38.png?fit=781%2C517&resize=350%2C200","width":350,"height":200},"classes":[]}],"_links":{"self":[{"href":"http:\/\/www.moda.es\/blog\/wp-json\/wp\/v2\/posts\/13881"}],"collection":[{"href":"http:\/\/www.moda.es\/blog\/wp-json\/wp\/v2\/posts"}],"about":[{"href":"http:\/\/www.moda.es\/blog\/wp-json\/wp\/v2\/types\/post"}],"author":[{"embeddable":true,"href":"http:\/\/www.moda.es\/blog\/wp-json\/wp\/v2\/users\/3"}],"replies":[{"embeddable":true,"href":"http:\/\/www.moda.es\/blog\/wp-json\/wp\/v2\/comments?post=13881"}],"version-history":[{"count":5,"href":"http:\/\/www.moda.es\/blog\/wp-json\/wp\/v2\/posts\/13881\/revisions"}],"predecessor-version":[{"id":36543,"href":"http:\/\/www.moda.es\/blog\/wp-json\/wp\/v2\/posts\/13881\/revisions\/36543"}],"wp:featuredmedia":[{"embeddable":true,"href":"http:\/\/www.moda.es\/blog\/wp-json\/wp\/v2\/media\/17101"}],"wp:attachment":[{"href":"http:\/\/www.moda.es\/blog\/wp-json\/wp\/v2\/media?parent=13881"}],"wp:term":[{"taxonomy":"category","embeddable":true,"href":"http:\/\/www.moda.es\/blog\/wp-json\/wp\/v2\/categories?post=13881"},{"taxonomy":"post_tag","embeddable":true,"href":"http:\/\/www.moda.es\/blog\/wp-json\/wp\/v2\/tags?post=13881"}],"curies":[{"name":"wp","href":"https:\/\/api.w.org\/{rel}","templated":true}]}}