{"id":13860,"date":"2013-08-21T20:47:10","date_gmt":"2013-08-21T19:47:10","guid":{"rendered":"http:\/\/www.moda.es\/blog\/?p=13860"},"modified":"2020-04-27T17:58:57","modified_gmt":"2020-04-27T16:58:57","slug":"la-liga-de-las-mujeres-extraordinarias","status":"publish","type":"post","link":"http:\/\/www.moda.es\/blog\/la-liga-de-las-mujeres-extraordinarias\/","title":{"rendered":"La liga de las mujeres extraordinarias"},"content":{"rendered":"<p>No s\u00f3lo son bell\u00edsimas y levantan pasiones sino que adem\u00e1s tienen la serie de amasar aut\u00e9nticas <strong>fortunas. <\/strong>La revista <strong>Forbes<\/strong> ha pubicado la lista con las modelos mejor pagadas de 2013. \u00bfQuieres saber qui\u00e9nes son?<\/p>\n<p><a href=\"https:\/\/i0.wp.com\/www.moda.es\/blog\/wp-content\/uploads\/2013\/08\/Top-10-Forbes11.jpg\"><img loading=\"lazy\" class=\"aligncenter size-full wp-image-13867\" alt=\"Top 10 Forbes11\" src=\"https:\/\/i0.wp.com\/www.moda.es\/blog\/wp-content\/uploads\/2013\/08\/Top-10-Forbes11.jpg?resize=300%2C450\" width=\"300\" height=\"450\" data-recalc-dims=\"1\" \/><\/a><\/p>\n<p><strong>\u00a0Gisele B\u00fcndchen<\/strong> ha encabezado la lista de los modelos de mayores ingresos por s<strong>\u00e9ptimo a\u00f1o consecutivo<\/strong>. Seg\u00fan la revista Forbes, la supermodelo se llev\u00f3 a casa <strong>42 millones de d\u00f3lares<\/strong> gracias a sus contratos con marcas como\u00a0<strong>H &amp; M, Chanel, Pantene y David Yurman, <\/strong>la marca brasile\u00f1a de calzado<strong> Grendene<\/strong> y su propia firma de moda \u00edntima.<strong><br \/>\n<\/strong><\/p>\n<p><a href=\"https:\/\/i0.wp.com\/www.moda.es\/blog\/wp-content\/uploads\/2013\/08\/miranda-kerr.jpg\"><img data-attachment-id=\"19032\" data-permalink=\"http:\/\/www.moda.es\/blog\/la-liga-de-las-mujeres-extraordinarias\/miranda-kerr-3\/\" data-orig-file=\"https:\/\/i0.wp.com\/www.moda.es\/blog\/wp-content\/uploads\/2013\/08\/miranda-kerr.jpg?fit=650%2C406\" data-orig-size=\"650,406\" data-comments-opened=\"1\" data-image-meta=\"{&quot;aperture&quot;:&quot;0&quot;,&quot;credit&quot;:&quot;&quot;,&quot;camera&quot;:&quot;&quot;,&quot;caption&quot;:&quot;&quot;,&quot;created_timestamp&quot;:&quot;0&quot;,&quot;copyright&quot;:&quot;&quot;,&quot;focal_length&quot;:&quot;0&quot;,&quot;iso&quot;:&quot;0&quot;,&quot;shutter_speed&quot;:&quot;0&quot;,&quot;title&quot;:&quot;&quot;}\" data-image-title=\"miranda-kerr\" data-image-description=\"\" data-image-caption=\"\" data-medium-file=\"https:\/\/i0.wp.com\/www.moda.es\/blog\/wp-content\/uploads\/2013\/08\/miranda-kerr.jpg?fit=300%2C187\" data-large-file=\"https:\/\/i0.wp.com\/www.moda.es\/blog\/wp-content\/uploads\/2013\/08\/miranda-kerr.jpg?fit=640%2C400\" loading=\"lazy\" class=\"aligncenter size-medium wp-image-19032\" alt=\"miranda-kerr\" src=\"https:\/\/i0.wp.com\/www.moda.es\/blog\/wp-content\/uploads\/2013\/08\/miranda-kerr.jpg?resize=300%2C187\" width=\"300\" height=\"187\" srcset=\"https:\/\/i0.wp.com\/www.moda.es\/blog\/wp-content\/uploads\/2013\/08\/miranda-kerr.jpg?resize=300%2C187 300w, https:\/\/i0.wp.com\/www.moda.es\/blog\/wp-content\/uploads\/2013\/08\/miranda-kerr.jpg?resize=420%2C262 420w, https:\/\/i0.wp.com\/www.moda.es\/blog\/wp-content\/uploads\/2013\/08\/miranda-kerr.jpg?w=650 650w\" sizes=\"(max-width: 300px) 100vw, 300px\" data-recalc-dims=\"1\" \/><\/a><\/p>\n<p>La sigue, aunque desde lejos, la australiana <strong>Miranda Kerr<\/strong>, con una nada desde\u00f1able cantidad de<strong> 7,2 millones de d\u00f3lares<\/strong> en sus arcas. Sin duda <strong>Mango<\/strong> y <strong>Victoria`s Secret<\/strong> han pagado bien.<\/p>\n<p><a href=\"https:\/\/i0.wp.com\/www.moda.es\/blog\/wp-content\/uploads\/2013\/08\/liu.jpg\"><img loading=\"lazy\" class=\"aligncenter\" alt=\"liu\" src=\"https:\/\/i0.wp.com\/www.moda.es\/blog\/wp-content\/uploads\/2013\/08\/liu.jpg?resize=199%2C300\" width=\"199\" height=\"300\" data-recalc-dims=\"1\" \/><\/a><\/p>\n<p>Dos nuevos nombres en la lista de las diez primeras de este a\u00f1o son <strong>Liu Wen<\/strong> (quinto lugar y 4,3 millones de d\u00f3lares) y <strong>Joan Smalls<\/strong> (octavo puesto con 3,5 millones). Wen fue la primera modelo china que desfilaba para Victoria Secret el a\u00f1o pasado y es imagen de <strong>Calvin Klein, Hugo Boss y Est\u00e9e Lauder<\/strong>. Mientras que la puerta rique\u00f1a Smalls se estren\u00f3 como la primera modelo latina para Est\u00e9e Lauder unido a sus impresionantes contratos con <strong>Givenchy, Fendi, Prabal Gurung y H &amp; M.<\/strong><\/p>\n<p><a href=\"https:\/\/i0.wp.com\/www.moda.es\/blog\/wp-content\/uploads\/2013\/08\/carolyn.jpg\"><img data-attachment-id=\"19033\" data-permalink=\"http:\/\/www.moda.es\/blog\/la-liga-de-las-mujeres-extraordinarias\/carolyn\/\" data-orig-file=\"https:\/\/i0.wp.com\/www.moda.es\/blog\/wp-content\/uploads\/2013\/08\/carolyn.jpg?fit=650%2C487\" data-orig-size=\"650,487\" data-comments-opened=\"1\" data-image-meta=\"{&quot;aperture&quot;:&quot;0&quot;,&quot;credit&quot;:&quot;&quot;,&quot;camera&quot;:&quot;&quot;,&quot;caption&quot;:&quot;&quot;,&quot;created_timestamp&quot;:&quot;0&quot;,&quot;copyright&quot;:&quot;&quot;,&quot;focal_length&quot;:&quot;0&quot;,&quot;iso&quot;:&quot;0&quot;,&quot;shutter_speed&quot;:&quot;0&quot;,&quot;title&quot;:&quot;&quot;}\" data-image-title=\"carolyn\" data-image-description=\"\" data-image-caption=\"\" data-medium-file=\"https:\/\/i0.wp.com\/www.moda.es\/blog\/wp-content\/uploads\/2013\/08\/carolyn.jpg?fit=300%2C224\" data-large-file=\"https:\/\/i0.wp.com\/www.moda.es\/blog\/wp-content\/uploads\/2013\/08\/carolyn.jpg?fit=640%2C480\" loading=\"lazy\" class=\"aligncenter size-medium wp-image-19033\" alt=\"carolyn\" src=\"https:\/\/i0.wp.com\/www.moda.es\/blog\/wp-content\/uploads\/2013\/08\/carolyn.jpg?resize=300%2C224\" width=\"300\" height=\"224\" srcset=\"https:\/\/i0.wp.com\/www.moda.es\/blog\/wp-content\/uploads\/2013\/08\/carolyn.jpg?resize=300%2C224 300w, https:\/\/i0.wp.com\/www.moda.es\/blog\/wp-content\/uploads\/2013\/08\/carolyn.jpg?resize=420%2C314 420w, https:\/\/i0.wp.com\/www.moda.es\/blog\/wp-content\/uploads\/2013\/08\/carolyn.jpg?w=650 650w\" sizes=\"(max-width: 300px) 100vw, 300px\" data-recalc-dims=\"1\" \/><\/a><\/p>\n<p>Otros nombres en este ranking son <strong>Adriana Lima<\/strong> (tercer lugar y 6 millones), <strong>Kate Moss<\/strong> (cuatro lugar y 5,7 millones), <strong>Hilary Rhoda<\/strong> (sexto lugar y 4 millones), <strong>Carolyn Murphy<\/strong> (s\u00e9ptimo lugar y 3,6 millones), <strong>Candice Swanepoel<\/strong> (noveno lugar y 3,3 millones) y <strong>Lara Stone<\/strong> (d\u00e9cimo lugar y 3,2 millones)<\/p>\n<p>Lo que tienen estas mujeres en com\u00fan, aparte de la fatla total de problemas econ\u00f3micos es que todas, sin excepci\u00f3n, <strong>han sido o son \u00e1ngeles de Victoria&#8217;s Secret<\/strong>. Est\u00e1 claro que la exposici\u00f3n de la marca sigue siendo altamente rentable para su elenco de modelos.<\/p>\n<p><a href=\"https:\/\/i0.wp.com\/www.moda.es\/blog\/wp-content\/uploads\/2013\/08\/doutzan.jpg\"><img data-attachment-id=\"19034\" data-permalink=\"http:\/\/www.moda.es\/blog\/la-liga-de-las-mujeres-extraordinarias\/doutzan\/\" data-orig-file=\"https:\/\/i0.wp.com\/www.moda.es\/blog\/wp-content\/uploads\/2013\/08\/doutzan.jpg?fit=650%2C868\" data-orig-size=\"650,868\" data-comments-opened=\"1\" data-image-meta=\"{&quot;aperture&quot;:&quot;0&quot;,&quot;credit&quot;:&quot;&quot;,&quot;camera&quot;:&quot;&quot;,&quot;caption&quot;:&quot;&quot;,&quot;created_timestamp&quot;:&quot;0&quot;,&quot;copyright&quot;:&quot;&quot;,&quot;focal_length&quot;:&quot;0&quot;,&quot;iso&quot;:&quot;0&quot;,&quot;shutter_speed&quot;:&quot;0&quot;,&quot;title&quot;:&quot;&quot;}\" data-image-title=\"doutzan\" data-image-description=\"\" data-image-caption=\"\" data-medium-file=\"https:\/\/i0.wp.com\/www.moda.es\/blog\/wp-content\/uploads\/2013\/08\/doutzan.jpg?fit=224%2C300\" data-large-file=\"https:\/\/i0.wp.com\/www.moda.es\/blog\/wp-content\/uploads\/2013\/08\/doutzan.jpg?fit=640%2C855\" loading=\"lazy\" class=\"aligncenter size-medium wp-image-19034\" alt=\"doutzan\" src=\"https:\/\/i0.wp.com\/www.moda.es\/blog\/wp-content\/uploads\/2013\/08\/doutzan.jpg?resize=224%2C300\" width=\"224\" height=\"300\" srcset=\"https:\/\/i0.wp.com\/www.moda.es\/blog\/wp-content\/uploads\/2013\/08\/doutzan.jpg?resize=224%2C300 224w, https:\/\/i0.wp.com\/www.moda.es\/blog\/wp-content\/uploads\/2013\/08\/doutzan.jpg?resize=420%2C560 420w, https:\/\/i0.wp.com\/www.moda.es\/blog\/wp-content\/uploads\/2013\/08\/doutzan.jpg?w=650 650w\" sizes=\"(max-width: 224px) 100vw, 224px\" data-recalc-dims=\"1\" \/><\/a><\/p>\n<p>\u00bfY el a\u00f1o que viene? Forbes predice que <strong>Karlie Kloss y Kate Upton<\/strong> podr\u00edan hacer su debut en este top 10, mientras que <strong>Doutzen Kroes y Alessandra Ambrosio,<\/strong> quienes salieron de la lista este a\u00f1o, tienen la misma probabilidad de hacer una reaparici\u00f3n.<\/p>\n<p><a href=\"https:\/\/i0.wp.com\/www.moda.es\/blog\/wp-content\/uploads\/2013\/08\/Alessandra-Ambrosio.jpg\"><img data-attachment-id=\"19035\" data-permalink=\"http:\/\/www.moda.es\/blog\/la-liga-de-las-mujeres-extraordinarias\/alessandra-ambrosio-3\/\" data-orig-file=\"https:\/\/i0.wp.com\/www.moda.es\/blog\/wp-content\/uploads\/2013\/08\/Alessandra-Ambrosio.jpg?fit=650%2C956\" data-orig-size=\"650,956\" data-comments-opened=\"1\" data-image-meta=\"{&quot;aperture&quot;:&quot;0&quot;,&quot;credit&quot;:&quot;&quot;,&quot;camera&quot;:&quot;&quot;,&quot;caption&quot;:&quot;&quot;,&quot;created_timestamp&quot;:&quot;0&quot;,&quot;copyright&quot;:&quot;&quot;,&quot;focal_length&quot;:&quot;0&quot;,&quot;iso&quot;:&quot;0&quot;,&quot;shutter_speed&quot;:&quot;0&quot;,&quot;title&quot;:&quot;&quot;}\" data-image-title=\"Alessandra Ambrosio\" data-image-description=\"\" data-image-caption=\"\" data-medium-file=\"https:\/\/i0.wp.com\/www.moda.es\/blog\/wp-content\/uploads\/2013\/08\/Alessandra-Ambrosio.jpg?fit=203%2C300\" data-large-file=\"https:\/\/i0.wp.com\/www.moda.es\/blog\/wp-content\/uploads\/2013\/08\/Alessandra-Ambrosio.jpg?fit=640%2C941\" loading=\"lazy\" class=\"aligncenter size-medium wp-image-19035\" alt=\"Alessandra Ambrosio\" src=\"https:\/\/i0.wp.com\/www.moda.es\/blog\/wp-content\/uploads\/2013\/08\/Alessandra-Ambrosio.jpg?resize=203%2C300\" width=\"203\" height=\"300\" srcset=\"https:\/\/i0.wp.com\/www.moda.es\/blog\/wp-content\/uploads\/2013\/08\/Alessandra-Ambrosio.jpg?resize=203%2C300 203w, https:\/\/i0.wp.com\/www.moda.es\/blog\/wp-content\/uploads\/2013\/08\/Alessandra-Ambrosio.jpg?w=650 650w\" sizes=\"(max-width: 203px) 100vw, 203px\" data-recalc-dims=\"1\" \/><\/a><\/p>\n<p>&nbsp;<\/p>\n<p>\u00a9Vogue UK                             <\/p>\n","protected":false},"excerpt":{"rendered":"<p>No s\u00f3lo son bell\u00edsimas y levantan pasiones sino que adem\u00e1s tienen la serie de amasar aut\u00e9nticas fortunas. La revista Forbes ha pubicado la lista con las modelos mejor pagadas de 2013. \u00bfQuieres saber qui\u00e9nes son? \u00a0Gisele B\u00fcndchen ha encabezado la lista de los modelos de mayores ingresos por s\u00e9ptimo a\u00f1o [&hellip;]<\/p>\n","protected":false},"author":3,"featured_media":17097,"comment_status":"open","ping_status":"open","sticky":false,"template":"","format":"standard","meta":{"jetpack_publicize_message":"","jetpack_is_tweetstorm":false,"jetpack_publicize_feature_enabled":true},"categories":[3,11,17],"tags":[48,59,155,161,172,182,250,279,315,324,352,354,376,391,395,440,466,471,472,509,538,622,692,730,932],"jetpack_publicize_connections":[],"jetpack_featured_media_url":"https:\/\/i0.wp.com\/www.moda.es\/blog\/wp-content\/uploads\/2013\/08\/Top-10-Forbes11.jpg?fit=300%2C450","jetpack_sharing_enabled":true,"jetpack_shortlink":"https:\/\/wp.me\/p4tJCC-3By","jetpack-related-posts":[{"id":17873,"url":"http:\/\/www.moda.es\/blog\/gisele-bundchen-para-stuart-weitzman\/","url_meta":{"origin":13860,"position":0},"title":"Gisele B\u00fcndchen para Stuart Weitzman","date":"junio 17, 2014","format":false,"excerpt":"No, no est\u00e1s teniendo un deja vu, es que la pr\u00f3xima campa\u00f1a de Stuart Weitzman con Gisele B\u00fcndchen es exacta a la protagonizada por Kate Moss. Si algo funciona, \u00bfpor qu\u00e9 abandonarlo? Eso es lo que deben haber pensado en la casa porque la est\u00e9tica es la misma que hemos\u2026","rel":"","context":"En \u00abCampa\u00f1as\u00bb","img":{"alt_text":"","src":"https:\/\/i0.wp.com\/www.moda.es\/blog\/wp-content\/uploads\/2014\/06\/bundchen-2.jpg?fit=650%2C510&resize=350%2C200","width":350,"height":200},"classes":[]},{"id":19754,"url":"http:\/\/www.moda.es\/blog\/gisele-bundchen-baila-para-stuart-weitzman\/","url_meta":{"origin":13860,"position":1},"title":"Gisele B\u00fcndchen baila para Stuart Weitzman","date":"agosto 29, 2015","format":false,"excerpt":"Ya hab\u00edamos conocido los muchos talentos de Gisele B\u00fcndchen. No s\u00f3lo se planta ante el objetivo como pocas sino que la pudimos o\u00edr cantar en la campa\u00f1a de H&M al son del Heart of Glass de Blondie, actuar en otra para Chanel bajo las \u00f3rdenes de Baz Luhrmann y\u00a0\u00a0ha demostrar\u2026","rel":"","context":"En \u00abAccesorios\u00bb","img":{"alt_text":"","src":"https:\/\/i0.wp.com\/www.moda.es\/blog\/wp-content\/uploads\/2015\/08\/Captura-de-pantalla-2015-08-29-a-las-23.08.42.png?fit=620%2C438&resize=350%2C200","width":350,"height":200},"classes":[]},{"id":18067,"url":"http:\/\/www.moda.es\/blog\/karlie-kloss-imagen-de-coco-noir-chanel\/","url_meta":{"origin":13860,"position":2},"title":"Karlie Kloss, imagen de Coco Noir Chanel","date":"agosto 13, 2014","format":false,"excerpt":"Lejos de conformarse con ser uno de los fichajes m\u00e1s deseados de las pasarelas, el cuerpo y cara de \u00e1ngel (de Victoria's Secret) de Karlie Kloss que ya figura en el n\u00famero siete de la lista de las cincuenta mejores modelos del mundo, quiere ponerse al frente de las principales\u2026","rel":"","context":"En \u00abCampa\u00f1as\u00bb","img":{"alt_text":"","src":"https:\/\/i0.wp.com\/www.moda.es\/blog\/wp-content\/uploads\/2014\/08\/chanel.jpg?fit=650%2C452&resize=350%2C200","width":350,"height":200},"classes":[]},{"id":17767,"url":"http:\/\/www.moda.es\/blog\/gisele-bundchen-nueva-imagen-de-chanel-no5\/","url_meta":{"origin":13860,"position":3},"title":"Gisele B\u00fcndchen, nueva imagen de Chanel N\u00ba5","date":"mayo 26, 2014","format":false,"excerpt":"Chanel ha anunciado que la polifac\u00e9tica modelo Gisele B\u00fcndchen,\u00a0 tiene otra tarea que agregar a su apretada agenda: ser la nueva cara de Chanel N \u00ba 5, y es que B\u00fcndchen ser\u00e1 la protagonista de una nueva campa\u00f1a que saldr\u00e1 a la luz a finales de 2014, que ser\u00e1 dirigida\u2026","rel":"","context":"En \u00abActualidad\u00bb","img":{"alt_text":"","src":"https:\/\/i0.wp.com\/www.moda.es\/blog\/wp-content\/uploads\/2014\/05\/a_3x-vertical.jpg?fit=650%2C975&resize=350%2C200","width":350,"height":200},"classes":[]},{"id":12785,"url":"http:\/\/www.moda.es\/blog\/sabes-cuales-son-las-mujeres-mas-poderosas-de-2013\/","url_meta":{"origin":13860,"position":4},"title":"\u00bfSabes cu\u00e1les son las mujeres m\u00e1s poderosas de 2013?","date":"mayo 23, 2013","format":false,"excerpt":"Ya sabemos la afici\u00f3n de Forbes por hacer listas y rankings. Los m\u00e1s influyentes, los mejores en su \u00e1mbito laboral... En esta ocasi\u00f3n le ha tocado a las 100 mujeres m\u00e1s poderisas de 2013, las m\u00e1s ricas y con mayor envergadura social. \u00bfQuieres saber qui\u00e9nes son? Encabezando el sector Fashion\u2026","rel":"","context":"En \u00abDestacados\u00bb","img":{"alt_text":"","src":"https:\/\/i0.wp.com\/www.moda.es\/blog\/wp-content\/uploads\/2013\/05\/Forbes1.jpg?fit=400%2C492&resize=350%2C200","width":350,"height":200},"classes":[]},{"id":18652,"url":"http:\/\/www.moda.es\/blog\/giselle-bundchen-para-stuart-weitzman\/","url_meta":{"origin":13860,"position":5},"title":"Giselle B\u00fcndchen para Stuart Weitzman","date":"diciembre 19, 2014","format":false,"excerpt":"\u00bfTe ha gustado la campa\u00f1a de Chaenl N\u00ba5 con Gisele B\u00fcndchen? Porque yo todav\u00eda no lo he decidido... La que s\u00ed me gusta es la nueva que ha protagonizado para Stuart Weitzman, a pesar de que se parezca peligrosamente a todas las que ya realiz\u00f3 Kate Moss. Gisele Bundchen vuelve\u2026","rel":"","context":"En \u00abActualidad\u00bb","img":{"alt_text":"","src":"https:\/\/i0.wp.com\/www.moda.es\/blog\/wp-content\/uploads\/2014\/12\/gbsw.jpg?fit=650%2C433&resize=350%2C200","width":350,"height":200},"classes":[]}],"_links":{"self":[{"href":"http:\/\/www.moda.es\/blog\/wp-json\/wp\/v2\/posts\/13860"}],"collection":[{"href":"http:\/\/www.moda.es\/blog\/wp-json\/wp\/v2\/posts"}],"about":[{"href":"http:\/\/www.moda.es\/blog\/wp-json\/wp\/v2\/types\/post"}],"author":[{"embeddable":true,"href":"http:\/\/www.moda.es\/blog\/wp-json\/wp\/v2\/users\/3"}],"replies":[{"embeddable":true,"href":"http:\/\/www.moda.es\/blog\/wp-json\/wp\/v2\/comments?post=13860"}],"version-history":[{"count":7,"href":"http:\/\/www.moda.es\/blog\/wp-json\/wp\/v2\/posts\/13860\/revisions"}],"predecessor-version":[{"id":36544,"href":"http:\/\/www.moda.es\/blog\/wp-json\/wp\/v2\/posts\/13860\/revisions\/36544"}],"wp:featuredmedia":[{"embeddable":true,"href":"http:\/\/www.moda.es\/blog\/wp-json\/wp\/v2\/media\/17097"}],"wp:attachment":[{"href":"http:\/\/www.moda.es\/blog\/wp-json\/wp\/v2\/media?parent=13860"}],"wp:term":[{"taxonomy":"category","embeddable":true,"href":"http:\/\/www.moda.es\/blog\/wp-json\/wp\/v2\/categories?post=13860"},{"taxonomy":"post_tag","embeddable":true,"href":"http:\/\/www.moda.es\/blog\/wp-json\/wp\/v2\/tags?post=13860"}],"curies":[{"name":"wp","href":"https:\/\/api.w.org\/{rel}","templated":true}]}}