{"id":13847,"date":"2013-08-20T20:50:33","date_gmt":"2013-08-20T19:50:33","guid":{"rendered":"http:\/\/www.moda.es\/blog\/?p=13847"},"modified":"2020-04-27T17:59:06","modified_gmt":"2020-04-27T16:59:06","slug":"lenceria-other-stories","status":"publish","type":"post","link":"http:\/\/www.moda.es\/blog\/lenceria-other-stories\/","title":{"rendered":"Lencer\u00eda&#8230; &amp; Other Stories"},"content":{"rendered":"<p>Porque tan importante como estar guapa por fuera es estar<strong> perfecta por dentro<\/strong>, nuestra nueva marca favorita del <strong>Grupo H&amp;M,<\/strong> se ha aliado con la firma de lencer\u00eda de inspiraci\u00f3n vintage <strong>Al\u00f6e<\/strong>.<\/p>\n<p><a href=\"https:\/\/i0.wp.com\/www.moda.es\/blog\/wp-content\/uploads\/2013\/08\/Other-Stories-Aloe-2.jpg\"><img loading=\"lazy\" class=\"aligncenter size-full wp-image-13849\" alt=\"Other Stories - Aloe 2\" src=\"https:\/\/i0.wp.com\/www.moda.es\/blog\/wp-content\/uploads\/2013\/08\/Other-Stories-Aloe-2.jpg?resize=500%2C750\" width=\"500\" height=\"750\" data-recalc-dims=\"1\" \/><\/a><\/p>\n<p>Juntos lanzar\u00e1n una colecci\u00f3n c\u00e1psula de <strong>ropa interior y para estar en casa<\/strong> con l\u00edneas muy elegantes y de calidad, que nos recuerdan a las prendas de las bailarinas de ballet.<\/p>\n<p><a href=\"https:\/\/i0.wp.com\/www.moda.es\/blog\/wp-content\/uploads\/2013\/08\/Other-Stories-Aloe-1.jpg\"><img loading=\"lazy\" class=\"aligncenter size-full wp-image-13848\" alt=\"Other Stories - Aloe 1\" src=\"https:\/\/i0.wp.com\/www.moda.es\/blog\/wp-content\/uploads\/2013\/08\/Other-Stories-Aloe-1.jpg?resize=500%2C750\" width=\"500\" height=\"750\" data-recalc-dims=\"1\" \/><\/a><\/p>\n<p>Tras graduarse en la c\u00e9lebre Central Saint Martin\u2019s, su fundadora, <strong>Claire Judge<\/strong>, lanz\u00f3 su marca en <strong>2003<\/strong> y desde entonces ha conseguido atraer el inter\u00e9s de una nada despreciable lista de celebridades entre las que est\u00e1n <strong>Sarah Jessica Parker, Kate Moss y Gisele.<\/strong><\/p>\n<p><a href=\"https:\/\/i0.wp.com\/www.moda.es\/blog\/wp-content\/uploads\/2013\/08\/Other-Stories-Aloe-4.jpg\"><img loading=\"lazy\" class=\"aligncenter size-full wp-image-13851\" alt=\"Other Stories - Aloe 4\" src=\"https:\/\/i0.wp.com\/www.moda.es\/blog\/wp-content\/uploads\/2013\/08\/Other-Stories-Aloe-4.jpg?resize=500%2C749\" width=\"500\" height=\"749\" data-recalc-dims=\"1\" \/><\/a><\/p>\n<p>En esta colecci\u00f3n, ha apostado por una paleta de <strong>colores neutros<\/strong> y tejidos suaves, con piezas dise\u00f1adas para jugar con las superposiciones superponer sobre la ropa interior con escotesamplios que exponen las tiras de cinta de colores de las camisolas y los sujetadores. Y es que la m\u00e1xima de Claire es que <strong>\u00abla ropa interior con estilo se debe ver, no ocultarse\u00bb.<\/strong><\/p>\n<p><a href=\"https:\/\/i0.wp.com\/www.moda.es\/blog\/wp-content\/uploads\/2013\/08\/Other-Stories-Aloe-5.jpg\"><img loading=\"lazy\" class=\"aligncenter size-full wp-image-13852\" alt=\"Other Stories - Aloe 5\" src=\"https:\/\/i0.wp.com\/www.moda.es\/blog\/wp-content\/uploads\/2013\/08\/Other-Stories-Aloe-5.jpg?resize=500%2C749\" width=\"500\" height=\"749\" data-recalc-dims=\"1\" \/><\/a><\/p>\n<p>Podr\u00e1s tener la colecci\u00f3n en tus manos a partir de este jueves 22 de agosto en la boutique de la marca del n\u00famero<strong> 8 de Paseo de Gracia<\/strong> y en su web, <a href=\"http:\/\/www.stories.com\" target=\"_blank\">stories.com<\/a> con precios <strong>entre los 15 y los 95 euros<\/strong>.<\/p>\n<p>Ya nunca m\u00e1s te importar\u00e1 recibir visitas inesperadas.<\/p>\n<p>&nbsp;<\/p>\n<p><a href=\"https:\/\/i0.wp.com\/www.moda.es\/blog\/wp-content\/uploads\/2013\/08\/Other-Stories-Aloe-3.jpg\"><img loading=\"lazy\" class=\"aligncenter size-full wp-image-13850\" alt=\"Other Stories - Aloe 3\" src=\"https:\/\/i0.wp.com\/www.moda.es\/blog\/wp-content\/uploads\/2013\/08\/Other-Stories-Aloe-3.jpg?resize=500%2C750\" width=\"500\" height=\"750\" data-recalc-dims=\"1\" \/><\/a><\/p>\n<p>&nbsp;<\/p>\n<p>\u00a9Fashion Monitor<\/p>\n<p>&nbsp;                             <\/p>\n","protected":false},"excerpt":{"rendered":"<p>Porque tan importante como estar guapa por fuera es estar perfecta por dentro, nuestra nueva marca favorita del Grupo H&amp;M, se ha aliado con la firma de lencer\u00eda de inspiraci\u00f3n vintage Al\u00f6e. Juntos lanzar\u00e1n una colecci\u00f3n c\u00e1psula de ropa interior y para estar en casa con l\u00edneas muy elegantes y [&hellip;]<\/p>\n","protected":false},"author":3,"featured_media":17096,"comment_status":"open","ping_status":"open","sticky":false,"template":"","format":"standard","meta":{"jetpack_publicize_message":"","jetpack_is_tweetstorm":false,"jetpack_publicize_feature_enabled":true},"categories":[3,10,11],"tags":[32,71,204,352,471,804],"jetpack_publicize_connections":[],"jetpack_featured_media_url":"https:\/\/i0.wp.com\/www.moda.es\/blog\/wp-content\/uploads\/2013\/08\/Other-Stories-Aloe-2.jpg?fit=500%2C750","jetpack_sharing_enabled":true,"jetpack_shortlink":"https:\/\/wp.me\/p4tJCC-3Bl","jetpack-related-posts":[{"id":10564,"url":"http:\/\/www.moda.es\/blog\/en-el-dia-mas-romantico-del-ano\/","url_meta":{"origin":13847,"position":0},"title":"En el d\u00eda m\u00e1s rom\u00e1ntico del a\u00f1o&#8230;","date":"febrero 5, 2013","format":false,"excerpt":"... tan importante como escoger el modelazo con el que sorprender\u00e1s a tu Romeo es cuidar otros detalles, m\u00e1s peque\u00f1os pero no por ello menos importantes... El 14 de febrero es el d\u00eda del amor por excelencia, amor de verdad, sin tonter\u00edas y con todo lo que conlleva. Por eso\u2026","rel":"","context":"En \u00abShopping\u00bb","img":{"alt_text":"","src":"https:\/\/i0.wp.com\/www.moda.es\/blog\/wp-content\/uploads\/2013\/02\/Rosie-Huntington-presenta-su-propia-coleccion-de-lenceria.jpg?fit=500%2C359&resize=350%2C200","width":350,"height":200},"classes":[]},{"id":18512,"url":"http:\/\/www.moda.es\/blog\/heidi-klum-disenadora-de-lenceria\/","url_meta":{"origin":13847,"position":1},"title":"Heidi Klum, dise\u00f1adora de lencer\u00eda","date":"noviembre 15, 2014","format":false,"excerpt":"Heidi Klum est\u00e1 lista para lanzar su propia gama de ropa interiorgracias a su alianza con la empresa australiana Bendon. La supermodelo relevar\u00e1 a Elle Macpherson, quien anunci\u00f3 esta semana el fin de su relaci\u00f3n con la marca tras 25 a\u00f1os de trabajo, debido a sus planes de expansi\u00f3n a\u2026","rel":"","context":"En \u00abColecciones\u00bb","img":{"alt_text":"","src":"https:\/\/i0.wp.com\/www.moda.es\/blog\/wp-content\/uploads\/2014\/11\/hkl.jpg?fit=650%2C975&resize=350%2C200","width":350,"height":200},"classes":[]},{"id":2474,"url":"http:\/\/www.moda.es\/blog\/lenceria-como-ninguna-lonely\/","url_meta":{"origin":13847,"position":2},"title":"Lencer\u00eda como ninguna: Lonely","date":"junio 30, 2011","format":false,"excerpt":"Creo que, la mayor\u00eda de las veces, es dif\u00edcil encontrar una lencer\u00eda actual, bonita y de calidad, es decir, que sean unas piezas que no pierdan apresto, forma o color al tercer lavado. Hace tiempo, mucho tiempo, en uno de estos viajes en espiral por la red di con\u00a0 una\u2026","rel":"","context":"En \u00abFirmas\u00bb","img":{"alt_text":"","src":"https:\/\/i0.wp.com\/www.moda.es\/blog\/wp-content\/uploads\/2011\/06\/4db7cf4a1e22f.600.4001.jpg?fit=1024%2C683&resize=350%2C200","width":350,"height":200},"classes":[]},{"id":5959,"url":"http:\/\/www.moda.es\/blog\/huit-la-lenceria-que-buscabas\/","url_meta":{"origin":13847,"position":3},"title":"Huit, la lencer\u00eda que buscabas","date":"marzo 23, 2012","format":false,"excerpt":"\u00bfImaginas una lencer\u00eda diferente que ofrezca moda al tiempo que buenos materiales y confecci\u00f3n? Y que cumpla su funci\u00f3n. Pues existe. Se trata de una firma muy femenina, juvenil y de calidad, Huit Paris. Esta firma de procedencia gala afincada en Par\u00eds, como su nombre indica, es la quinta esencia\u2026","rel":"","context":"En \u00abFirmas\u00bb","img":{"alt_text":"","src":"https:\/\/i0.wp.com\/www.moda.es\/blog\/wp-content\/uploads\/2012\/03\/tumblr_m0307miHbN1qgxdbdo1_5001.jpg?fit=500%2C490&resize=350%2C200","width":350,"height":200},"classes":[]},{"id":8189,"url":"http:\/\/www.moda.es\/blog\/lenceria-estilo-vintage\/","url_meta":{"origin":13847,"position":4},"title":"Lencer\u00eda estilo &#8216;vintage&#8217;","date":"agosto 6, 2012","format":false,"excerpt":"La nueva lencer\u00eda viene cargada de tejidos exquisitos, dise\u00f1os retro y detalles ultra femeninos. La serie 'Mad Men' seguida por tantos fans incondicionales desde hace m\u00e1s de cuatro a\u00f1os ha calado hondo en el imaginario colectivo de uno y otro lado del Atl\u00e1ntico, tanto que la moda de principios de\u2026","rel":"","context":"En \u00abTendencias\u00bb","img":{"alt_text":"","src":"https:\/\/i0.wp.com\/www.moda.es\/blog\/wp-content\/uploads\/2012\/08\/Mad-Men-e13442835357941.jpg?fit=500%2C351&resize=350%2C200","width":350,"height":200},"classes":[]},{"id":21375,"url":"http:\/\/www.moda.es\/blog\/podria-kylie-jenner-lanzar-una-coleccion-de-lenceria\/","url_meta":{"origin":13847,"position":5},"title":"\u00bfPodr\u00eda Kylie Jenner lanzar una colecci\u00f3n de lencer\u00eda?","date":"noviembre 19, 2016","format":false,"excerpt":"Kylie Jenner est\u00e1 preparando algo, eso est\u00e1 claro. Ayer, aproximadamente a las 5 de la tarde, public\u00f3 una serie de tres im\u00e1genes en su Instagram. Cada una de las im\u00e1genes presentaba a Kylie vestida con ropa interior de encaje y una gabardina de cuero. Las fotos eran super sexies. Cada\u2026","rel":"","context":"En \u00abActualidad\u00bb","img":{"alt_text":"","src":"https:\/\/i0.wp.com\/www.moda.es\/blog\/wp-content\/uploads\/2016\/11\/Captura-de-pantalla-2016-11-19-a-las-18.10.34.png?fit=534%2C604&resize=350%2C200","width":350,"height":200},"classes":[]}],"_links":{"self":[{"href":"http:\/\/www.moda.es\/blog\/wp-json\/wp\/v2\/posts\/13847"}],"collection":[{"href":"http:\/\/www.moda.es\/blog\/wp-json\/wp\/v2\/posts"}],"about":[{"href":"http:\/\/www.moda.es\/blog\/wp-json\/wp\/v2\/types\/post"}],"author":[{"embeddable":true,"href":"http:\/\/www.moda.es\/blog\/wp-json\/wp\/v2\/users\/3"}],"replies":[{"embeddable":true,"href":"http:\/\/www.moda.es\/blog\/wp-json\/wp\/v2\/comments?post=13847"}],"version-history":[{"count":5,"href":"http:\/\/www.moda.es\/blog\/wp-json\/wp\/v2\/posts\/13847\/revisions"}],"predecessor-version":[{"id":36545,"href":"http:\/\/www.moda.es\/blog\/wp-json\/wp\/v2\/posts\/13847\/revisions\/36545"}],"wp:featuredmedia":[{"embeddable":true,"href":"http:\/\/www.moda.es\/blog\/wp-json\/wp\/v2\/media\/17096"}],"wp:attachment":[{"href":"http:\/\/www.moda.es\/blog\/wp-json\/wp\/v2\/media?parent=13847"}],"wp:term":[{"taxonomy":"category","embeddable":true,"href":"http:\/\/www.moda.es\/blog\/wp-json\/wp\/v2\/categories?post=13847"},{"taxonomy":"post_tag","embeddable":true,"href":"http:\/\/www.moda.es\/blog\/wp-json\/wp\/v2\/tags?post=13847"}],"curies":[{"name":"wp","href":"https:\/\/api.w.org\/{rel}","templated":true}]}}