{"id":13697,"date":"2013-08-12T20:32:30","date_gmt":"2013-08-12T19:32:30","guid":{"rendered":"http:\/\/www.moda.es\/blog\/?p=13697"},"modified":"2020-04-27T18:00:14","modified_gmt":"2020-04-27T17:00:14","slug":"descubre-lo-ultimo-de-rihanna-para-river-island","status":"publish","type":"post","link":"http:\/\/www.moda.es\/blog\/descubre-lo-ultimo-de-rihanna-para-river-island\/","title":{"rendered":"Descubre la campa\u00f1a de Rihanna para River Island"},"content":{"rendered":"<p><a href=\"https:\/\/i0.wp.com\/www.moda.es\/blog\/wp-content\/uploads\/2013\/08\/Rihanna-River-Island2.jpg\"><img loading=\"lazy\" class=\"aligncenter size-full wp-image-13701\" alt=\"Rihanna - River Island2\" src=\"https:\/\/i0.wp.com\/www.moda.es\/blog\/wp-content\/uploads\/2013\/08\/Rihanna-River-Island2.jpg?resize=300%2C282\" width=\"300\" height=\"282\" data-recalc-dims=\"1\" \/><\/a><\/p>\n<p>La sexy cantante de Barbados de veinticinco a\u00f1os ha presentado hoy la campa\u00f1a publicitaria de su \u00faltima colaboraci\u00f3n para la firma de <em>casualwear<\/em> <strong>River Island<\/strong>.<\/p>\n<p>Una vez m\u00e1s, Rihanna ha creado una colecci\u00f3n basada en su propio estilo: \u00abdise\u00f1\u00e9 todo lo que quer\u00eda llevar, exactamente <strong>como yo lo quer\u00eda llevar<\/strong>\u00ab, ha declarado. As\u00ed, tops que descubren el ombligo, siluetas <em>oversize,<\/em> cazadoras b\u00e9isbol, calzas hasta la mitad del muslo y botines de tac\u00f3n con est\u00e9tica deportiva. Los lemas \u00abG4L\u00bb y \u00abRihanna\u00bb se ven en camisetas y sudaderas e incluso en la <strong>ropa interior<\/strong>.<\/p>\n<p><a href=\"https:\/\/i0.wp.com\/www.moda.es\/blog\/wp-content\/uploads\/2013\/08\/Rihanna-River-Island3.jpg\"><img loading=\"lazy\" class=\"aligncenter size-full wp-image-13702\" alt=\"Rihanna - River Island3\" src=\"https:\/\/i0.wp.com\/www.moda.es\/blog\/wp-content\/uploads\/2013\/08\/Rihanna-River-Island3.jpg?resize=300%2C300\" width=\"300\" height=\"300\" data-recalc-dims=\"1\" \/><\/a><\/p>\n<p>La campa\u00f1a se lanz\u00f3 con un ambinete inspirado en las <strong>calles de Nueva York<\/strong>. El\u00a0 encargado de las instant\u00e1neas ha sido el fot\u00f3grafo <strong>Lachlan Bailey<\/strong> con estilismo de Mel Ottenberg y la direcci\u00f3n creativa de la propia cantante- El estilista de la estrella del pop,<strong> Yusef Williams<\/strong>, escogi\u00f3 los peinados de las modelos<strong> Ji Hye Park, Nayasha Kusakina, Milou Van Grossen y Tati Cotliar,<\/strong> mientras la maquilladora <strong>Gucci Westman<\/strong> les empolvada la nariz.<\/p>\n<p><a href=\"https:\/\/i0.wp.com\/www.moda.es\/blog\/wp-content\/uploads\/2013\/08\/Rihanna-River-Island1.jpg\"><img loading=\"lazy\" class=\"aligncenter size-full wp-image-13700\" alt=\"Rihanna - River Island1\" src=\"https:\/\/i0.wp.com\/www.moda.es\/blog\/wp-content\/uploads\/2013\/08\/Rihanna-River-Island1.jpg?resize=300%2C436\" width=\"300\" height=\"436\" data-recalc-dims=\"1\" \/><\/a><\/p>\n<p>Esta colecci\u00f3n saldr\u00e1 a la venta en dos fases. Una primera selecci\u00f3n de aire m\u00e1s sport que estar\u00e1 disponible en <strong>septiembre<\/strong> y el resto, una colecci\u00f3n m\u00e1s urbana de cara a Navidad en <strong>noviembre.<\/strong><\/p>\n<p>No te pierdas el v\u00eddeo con el making of de la campa\u00f1a.<\/p>\n<div><span style=\"font-family: verdana,sans-serif\"><div class=\"jetpack-video-wrapper\"><span class=\"embed-youtube\" style=\"text-align:center; display: block;\"><iframe class=\"youtube-player\" width=\"520\" height=\"293\" src=\"https:\/\/www.youtube.com\/embed\/kLTl-S3_wo0?version=3&#038;rel=1&#038;showsearch=0&#038;showinfo=1&#038;iv_load_policy=1&#038;fs=1&#038;hl=es-ES&#038;autohide=2&#038;wmode=transparent\" allowfullscreen=\"true\" style=\"border:0;\" sandbox=\"allow-scripts allow-same-origin allow-popups allow-presentation\"><\/iframe><\/span><\/div><\/span><\/div>\n<p>&nbsp;<\/p>\n<p>\u00a9Fashion Telegraph<\/p>\n<p>&nbsp;                             <\/p>\n","protected":false},"excerpt":{"rendered":"<p>La sexy cantante de Barbados de veinticinco a\u00f1os ha presentado hoy la campa\u00f1a publicitaria de su \u00faltima colaboraci\u00f3n para la firma de casualwear River Island. Una vez m\u00e1s, Rihanna ha creado una colecci\u00f3n basada en su propio estilo: \u00abdise\u00f1\u00e9 todo lo que quer\u00eda llevar, exactamente como yo lo quer\u00eda llevar\u00ab, [&hellip;]<\/p>\n","protected":false},"author":3,"featured_media":17087,"comment_status":"open","ping_status":"open","sticky":false,"template":"","format":"standard","meta":{"jetpack_publicize_message":"","jetpack_is_tweetstorm":false,"jetpack_publicize_feature_enabled":true},"categories":[8,10,15,20],"tags":[500,767,770],"jetpack_publicize_connections":[],"jetpack_featured_media_url":"https:\/\/i0.wp.com\/www.moda.es\/blog\/wp-content\/uploads\/2013\/08\/Rihanna-River-Island2.jpg?fit=300%2C282","jetpack_sharing_enabled":true,"jetpack_shortlink":"https:\/\/wp.me\/p4tJCC-3yV","jetpack-related-posts":[{"id":11028,"url":"http:\/\/www.moda.es\/blog\/la-semana-de-rihanna\/","url_meta":{"origin":13697,"position":0},"title":"La semana de Rihanna","date":"febrero 20, 2013","format":false,"excerpt":"La Semana de la Moda de Londres ha sido sin duda la semana de Rihanna. Ya te coment\u00e1bamos ayer su presentaci\u00f3n como flamante\u00a0 pero aparte tambi\u00e9n hemos podido conocer la campa\u00f1a. Fotografiada por Mario Sorrenti, las instant\u00e1neas, como con la propia ropa, se inspiran en los a\u00f1os noventa. Las modelos\u2026","rel":"","context":"En \u00abBelleza\u00bb","img":{"alt_text":"","src":"https:\/\/i0.wp.com\/www.moda.es\/blog\/wp-content\/uploads\/2013\/02\/Rihanna-para-River-Island-51.jpg?fit=1080%2C720&resize=350%2C200","width":350,"height":200},"classes":[]},{"id":12554,"url":"http:\/\/www.moda.es\/blog\/descubre-lo-nuevo-de-rihanna-para-river-island\/","url_meta":{"origin":13697,"position":1},"title":"Descubre lo nuevo de Rihanna para River Island","date":"mayo 13, 2013","format":false,"excerpt":"Preparaos, la segunda colecci\u00f3n de Rihanna para River Island est\u00e1 en camino y llegar\u00e1 a las tiendas el pr\u00f3ximo 25 de mayo.\u00a0 Dise\u00f1ada por Adam Selman y con la supervisi\u00f3n de la cantante, la colecci\u00f3n ha sido creada pensando en todo el equipo de RiRi: \"Hice una prenda para cada\u2026","rel":"","context":"En \u00abActualidad\u00bb","img":{"alt_text":"","src":"https:\/\/i0.wp.com\/www.moda.es\/blog\/wp-content\/uploads\/2013\/05\/Rihanna-River-Island1.jpg?fit=500%2C359&resize=350%2C200","width":350,"height":200},"classes":[]},{"id":18641,"url":"http:\/\/www.moda.es\/blog\/como-resucitar-una-marca-de-capa-caida\/","url_meta":{"origin":13697,"position":2},"title":"\u00bfC\u00f3mo resucitar una marca de capa ca\u00edda?","date":"diciembre 16, 2014","format":false,"excerpt":"Contratando a una gran estrella como directora creativa. Rihanna ha sido nombrado directora creativa y embajadora mundial de Puma. La cantante\u00a0 dise\u00f1ar para las colecciones de ropa de mujer de la marca de ropa deportiva y ser\u00e1 la protagonista de la campa\u00f1a publicitaria de la marca en la temporada oto\u00f1o\u2026","rel":"","context":"En \u00abActualidad\u00bb","img":{"alt_text":"","src":"https:\/\/i0.wp.com\/www.moda.es\/blog\/wp-content\/uploads\/2014\/12\/ripuma.jpg?fit=590%2C590&resize=350%2C200","width":350,"height":200},"classes":[]},{"id":20530,"url":"http:\/\/www.moda.es\/blog\/rihanna-se-atreve-con-el-mundo-de-la-cosmetica\/","url_meta":{"origin":13697,"position":3},"title":"Rihanna se atreve con el mundo de la cosm\u00e9tica","date":"abril 16, 2016","format":false,"excerpt":"Fenty Beauty, es el nombre de la \u00a0marca de maquillaje creada por Rihanna,\u00a0la primera de su nuevo proyecto cosm\u00e9tico. La cantante ha firmado un acuerdo con la divisi\u00f3n de Kendo de LVMH (que tambi\u00e9n produce Marc Jacobs Beauty) para crear una colecci\u00f3n completa de cosm\u00e9ticos que se pondr\u00e1\u00a0en marcha en\u2026","rel":"","context":"En \u00abActualidad\u00bb","img":{"alt_text":"","src":"https:\/\/i0.wp.com\/www.moda.es\/blog\/wp-content\/uploads\/2016\/04\/Captura-de-pantalla-2016-04-16-a-las-13.36.59.png?fit=294%2C434&resize=350%2C200","width":350,"height":200},"classes":[]},{"id":19536,"url":"http:\/\/www.moda.es\/blog\/rihanna-nueva-empresaria-de-la-moda\/","url_meta":{"origin":13697,"position":4},"title":"Rihanna, nueva empresaria de la moda","date":"junio 26, 2015","format":false,"excerpt":"Porque no hay nada mejor que tener \u00e9xito para hacer que siga creciendo, se acaba de anunciar el prop\u00f3sito de Rihanna de unir a su carrera musical el t\u00edtulo de empresaria. La cantante est\u00e1 a punto de lanzar una l\u00ednea de accesorios, como primer paso\u00a0 de sus planes para hacer\u2026","rel":"","context":"En \u00abActualidad\u00bb","img":{"alt_text":"","src":"https:\/\/i0.wp.com\/www.moda.es\/blog\/wp-content\/uploads\/2015\/06\/rihanna.jpg?fit=650%2C975&resize=350%2C200","width":350,"height":200},"classes":[]},{"id":15265,"url":"http:\/\/www.moda.es\/blog\/rihanna-nueva-imagen-de-balmain\/","url_meta":{"origin":13697,"position":5},"title":"Rihanna, nueva imagen de Balmain","date":"diciembre 18, 2013","format":false,"excerpt":"Sin habla, as\u00ed nos ha dejado la magn\u00edfica nueva campa\u00f1a de Balmain para la pr\u00f3xima temporada Primavera - Verano 2014 y su chica de portada: Rihanna. Rihanna es el nuevo rostro de Balmain. Descrito como un \"icono\" por el director creativo de la casa, Olivier Rousteing, la cantante ser\u00e1 la\u2026","rel":"","context":"En \u00abCampa\u00f1as\u00bb","img":{"alt_text":"","src":"https:\/\/i0.wp.com\/www.moda.es\/blog\/wp-content\/uploads\/2013\/12\/Balmain-Rihanna-11.jpg?fit=500%2C750&resize=350%2C200","width":350,"height":200},"classes":[]}],"_links":{"self":[{"href":"http:\/\/www.moda.es\/blog\/wp-json\/wp\/v2\/posts\/13697"}],"collection":[{"href":"http:\/\/www.moda.es\/blog\/wp-json\/wp\/v2\/posts"}],"about":[{"href":"http:\/\/www.moda.es\/blog\/wp-json\/wp\/v2\/types\/post"}],"author":[{"embeddable":true,"href":"http:\/\/www.moda.es\/blog\/wp-json\/wp\/v2\/users\/3"}],"replies":[{"embeddable":true,"href":"http:\/\/www.moda.es\/blog\/wp-json\/wp\/v2\/comments?post=13697"}],"version-history":[{"count":5,"href":"http:\/\/www.moda.es\/blog\/wp-json\/wp\/v2\/posts\/13697\/revisions"}],"predecessor-version":[{"id":36552,"href":"http:\/\/www.moda.es\/blog\/wp-json\/wp\/v2\/posts\/13697\/revisions\/36552"}],"wp:featuredmedia":[{"embeddable":true,"href":"http:\/\/www.moda.es\/blog\/wp-json\/wp\/v2\/media\/17087"}],"wp:attachment":[{"href":"http:\/\/www.moda.es\/blog\/wp-json\/wp\/v2\/media?parent=13697"}],"wp:term":[{"taxonomy":"category","embeddable":true,"href":"http:\/\/www.moda.es\/blog\/wp-json\/wp\/v2\/categories?post=13697"},{"taxonomy":"post_tag","embeddable":true,"href":"http:\/\/www.moda.es\/blog\/wp-json\/wp\/v2\/tags?post=13697"}],"curies":[{"name":"wp","href":"https:\/\/api.w.org\/{rel}","templated":true}]}}