{"id":1365,"date":"2011-04-01T20:03:43","date_gmt":"2011-04-01T19:03:43","guid":{"rendered":"http:\/\/www.moda.es\/blog\/?p=1365"},"modified":"2011-04-01T20:03:43","modified_gmt":"2011-04-01T19:03:43","slug":"melange-de-noticias","status":"publish","type":"post","link":"http:\/\/www.moda.es\/blog\/melange-de-noticias\/","title":{"rendered":"M\u00e9lange de noticias"},"content":{"rendered":"<figure id=\"attachment_1369\" aria-describedby=\"caption-attachment-1369\" style=\"width: 320px\" class=\"wp-caption aligncenter\"><a href=\"https:\/\/i0.wp.com\/www.moda.es\/blog\/wp-content\/uploads\/2011\/04\/vogue_mars_2011_7296_north_320x480.jpg\"><img data-attachment-id=\"1369\" data-permalink=\"http:\/\/www.moda.es\/blog\/vogue_mars_2011_7296_north_320x480\/\" data-orig-file=\"https:\/\/i0.wp.com\/www.moda.es\/blog\/wp-content\/uploads\/2011\/04\/vogue_mars_2011_7296_north_320x480.jpg?fit=320%2C480\" data-orig-size=\"320,480\" data-comments-opened=\"1\" data-image-meta=\"{&quot;aperture&quot;:&quot;0&quot;,&quot;credit&quot;:&quot;&quot;,&quot;camera&quot;:&quot;&quot;,&quot;caption&quot;:&quot;&quot;,&quot;created_timestamp&quot;:&quot;0&quot;,&quot;copyright&quot;:&quot;&quot;,&quot;focal_length&quot;:&quot;0&quot;,&quot;iso&quot;:&quot;0&quot;,&quot;shutter_speed&quot;:&quot;0&quot;,&quot;title&quot;:&quot;&quot;}\" data-image-title=\"vogue_mars_2011_7296_north_320x480\" data-image-description=\"\" data-image-caption=\"&lt;p&gt;Portada del n\u00famero de marzo de Vogue Paris.&lt;\/p&gt;\n\" data-medium-file=\"https:\/\/i0.wp.com\/www.moda.es\/blog\/wp-content\/uploads\/2011\/04\/vogue_mars_2011_7296_north_320x480.jpg?fit=200%2C300\" data-large-file=\"https:\/\/i0.wp.com\/www.moda.es\/blog\/wp-content\/uploads\/2011\/04\/vogue_mars_2011_7296_north_320x480.jpg?fit=320%2C480\" loading=\"lazy\" class=\"size-full wp-image-1369\" src=\"https:\/\/i0.wp.com\/www.moda.es\/blog\/wp-content\/uploads\/2011\/04\/vogue_mars_2011_7296_north_320x480.jpg?resize=320%2C480\" alt=\"\" width=\"320\" height=\"480\" srcset=\"https:\/\/i0.wp.com\/www.moda.es\/blog\/wp-content\/uploads\/2011\/04\/vogue_mars_2011_7296_north_320x480.jpg?w=320 320w, https:\/\/i0.wp.com\/www.moda.es\/blog\/wp-content\/uploads\/2011\/04\/vogue_mars_2011_7296_north_320x480.jpg?resize=200%2C300 200w\" sizes=\"(max-width: 320px) 100vw, 320px\" data-recalc-dims=\"1\" \/><\/a><figcaption id=\"caption-attachment-1369\" class=\"wp-caption-text\">Portada del n\u00famero de marzo de Vogue Paris.<\/figcaption><\/figure>\n<p>Hace un par de semanas una amiga estuvo en Par\u00eds, me dijo que si quer\u00eda que me trajera algo y le dije que el Vogue Paris pensando que el n\u00famero que estar\u00eda all\u00ed en los quioscos ser\u00eda el primero de Emanuelle Alt como directora\/editora de moda. Pero el n\u00famero de marzo era el de la despedida de Carine Roitfeld. Una peque\u00f1a<a href=\"http:\/\/www.vogue.fr\/mode\/news-mode\/articles\/vogue-paris-numero-de-mars-2011\/6976\">\u00a0carta <\/a>que resum\u00e9 este tiempo dedicado a una de las cabeceras m\u00e1s importantes centradas en moda y un agradecimiento a Newhouse, propietario del grupo Conde Nast del que forma parte Vogue Paris. Sabemos que Roitfeld va ha seguir presente aunque no sea desde las filas de la revista.<\/p>\n<p>Como os dec\u00eda otras veces, viajar por internet resulta muy interesante. A veces, una siente que ha perdido mucho tiempo dando vueltas infinitas pero, luego me doy cuenta de que la mayor parte son hallazgos que merecen ser vistos y qu\u00e9 quiz\u00e1 sin\u00a0internet no tendr\u00edan un canal de exposici\u00f3n al p\u00fablico. Hoy a trav\u00e9s de un link del facebook de Urban Outfitter he dado con una firma de zapatos retro pero hechos hoy. Y para mi sopresa est\u00e1n hechos aqu\u00ed, bueno, exactamente en Barcelona. <a href=\"http:\/\/www.aboutarianne.com\/\">About Arianne<\/a> acoge zapatos que parecen los que llevaba tu madre de jovenzuela.<\/p>\n<p><img loading=\"lazy\" class=\"alignnone\" src=\"https:\/\/i0.wp.com\/www.tendenciasfashionmag.com\/blog\/wp-content\/uploads\/2010\/11\/31.jpg?resize=550%2C432\" alt=\"\" width=\"550\" height=\"432\" data-recalc-dims=\"1\" \/><\/p>\n","protected":false},"excerpt":{"rendered":"<p>Hace un par de semanas una amiga estuvo en Par\u00eds, me dijo que si quer\u00eda que me trajera algo y le dije que el Vogue Paris pensando que el n\u00famero que estar\u00eda all\u00ed en los quioscos ser\u00eda el primero de Emanuelle Alt como directora\/editora de moda. Pero el n\u00famero de [&hellip;]<\/p>\n","protected":false},"author":2,"featured_media":16440,"comment_status":"open","ping_status":"open","sticky":false,"template":"","format":"standard","meta":{"jetpack_publicize_message":"","jetpack_is_tweetstorm":false,"jetpack_publicize_feature_enabled":true},"categories":[14],"tags":[],"jetpack_publicize_connections":[],"jetpack_featured_media_url":"https:\/\/i0.wp.com\/www.moda.es\/blog\/wp-content\/uploads\/2011\/04\/vogue_mars_2011_7296_north_320x4801.jpg?fit=320%2C480","jetpack_sharing_enabled":true,"jetpack_shortlink":"https:\/\/wp.me\/p4tJCC-m1","jetpack-related-posts":[{"id":325,"url":"http:\/\/www.moda.es\/blog\/au-revoir-carine\/","url_meta":{"origin":1365,"position":0},"title":"Au revoir, Carine","date":"diciembre 19, 2010","format":false,"excerpt":"Ni siendo una de las mejores editores de moda del mundo el puesto\u00a0va a\u00a0ser vitalicio. Carine Roitfeld, nombre y apellido de la redactora jefe de Vogue Par\u00eds, toda una instituci\u00f3n dentro de los Vogues del mundo, deja su puesto. \u00bfSer\u00e1 una decisi\u00f3n motivada\u00a0por\u00a0la idea\u00a0de \"mejor dejarlo en lo m\u00e1s alto\"?\u2026","rel":"","context":"En \u00abIt Girl\u00bb","img":{"alt_text":"","src":"https:\/\/i0.wp.com\/www.moda.es\/blog\/wp-content\/uploads\/2010\/12\/carine-roitfeld-faces-purple1.jpg?fit=390%2C537&resize=350%2C200","width":350,"height":200},"classes":[]},{"id":19266,"url":"http:\/\/www.moda.es\/blog\/carine-roitfeld-disenara-para-uniqlo\/","url_meta":{"origin":1365,"position":1},"title":"Carine Roitfeld dise\u00f1ar\u00e1 para Uniqlo","date":"abril 16, 2015","format":false,"excerpt":"Carine Roitfeld va a seguir los pasos de Jil Sander e In\u00e8s de la Fressange, dise\u00f1ando una colecci\u00f3n de ropa de mujer para la cadena de moda japonesa Uniqlo. \"Siento alegr\u00eda por la creaci\u00f3n de este nuevo modo de expresarme. La creaci\u00f3n de esta nueva colecci\u00f3n dentro del concepto Uniqlo\u2026","rel":"","context":"En \u00abColecciones\u00bb","img":{"alt_text":"","src":"https:\/\/i0.wp.com\/www.moda.es\/blog\/wp-content\/uploads\/2015\/04\/uniqlo.jpg?fit=650%2C971&resize=350%2C200","width":350,"height":200},"classes":[]},{"id":19828,"url":"http:\/\/www.moda.es\/blog\/carine-roitfeld-disena-para-uniqlo\/","url_meta":{"origin":1365,"position":2},"title":"Carine Roitfeld dise\u00f1a para Uniqlo","date":"septiembre 25, 2015","format":false,"excerpt":"El debut en el dise\u00f1o de Carine Roitfeld para la marca Uniqlo ha sido revelada un mes antes de que aterrice en las tiendas. La colecci\u00f3n de 40 piezas se basa en la colecci\u00f3n LifeWear de la marca, una gama de precio razonable, innovadora, de alta calidad que incluye todo\u2026","rel":"","context":"En \u00abActualidad\u00bb","img":{"alt_text":"","src":"https:\/\/i0.wp.com\/www.moda.es\/blog\/wp-content\/uploads\/2015\/09\/Captura-de-pantalla-2015-09-25-a-las-22.54.14.png?fit=362%2C593&resize=350%2C200","width":350,"height":200},"classes":[]},{"id":4535,"url":"http:\/\/www.moda.es\/blog\/portadas-del-mes-de-diciembre\/","url_meta":{"origin":1365,"position":3},"title":"Portadas del mes de diciembre","date":"diciembre 6, 2011","format":false,"excerpt":"No hay que juzgar el libro por la portada, pero las revistas s\u00ed se compran por la portada. Este mes de diciembre en el quiosco hay un par de ellas que destacan: Vogue Par\u00eds y Vogue Espa\u00f1a. Si la asimilaci\u00f3n del armario masculino por las mujeres este invierno, la preferencia\u2026","rel":"","context":"En \u00abMedios\u00bb","img":{"alt_text":"","src":"https:\/\/i0.wp.com\/www.moda.es\/blog\/wp-content\/uploads\/2011\/12\/Kate-Moss-Vogue-Paris-01-e13231272422811.jpg?fit=386%2C500&resize=350%2C200","width":350,"height":200},"classes":[]},{"id":1397,"url":"http:\/\/www.moda.es\/blog\/alt-el-relevo\/","url_meta":{"origin":1365,"position":4},"title":"Alt, el relevo","date":"abril 4, 2011","format":false,"excerpt":"No es ninguna novedad que la rebotica de la moda ha pasado al frente. Ya hace tiempo. Las editoras, directoras\u00a0de moda, estilistas, tambi\u00e9n los fot\u00f3grafos son celebrities los mismo que actores o socialites. Emmanuelle Alt es una de ellas, de las que sobresalen, y acaba de\u00a0tomar los mandos de una\u2026","rel":"","context":"En \u00abFot\u00f3grafos\u00bb","img":{"alt_text":"","src":"https:\/\/i0.wp.com\/www.moda.es\/blog\/wp-content\/uploads\/2011\/04\/GiseleBundchenVogueParisApril2011Cover1.jpg?fit=630%2C819&resize=350%2C200","width":350,"height":200},"classes":[]},{"id":4188,"url":"http:\/\/www.moda.es\/blog\/jugar-fuera-de-casa-emilio-de-la-morena\/","url_meta":{"origin":1365,"position":5},"title":"Jugar fuera de casa. Emilio de la Morena","date":"noviembre 5, 2011","format":false,"excerpt":"Lleg\u00f3 a Londres para trabajar y as\u00ed lo hizo en una consultor\u00eda, nada m\u00e1s lejos del mundo en que ahora se mueve. Emilio de la Morena es el \u00fanico dise\u00f1ador espa\u00f1ol en desfilar en la London Fashion Week, aunque la \u00faltima colecci\u00f3n la ha presentado en Nueva York. De la\u2026","rel":"","context":"En \u00abDise\u00f1adores\u00bb","img":{"alt_text":"","src":"https:\/\/i0.wp.com\/www.moda.es\/blog\/wp-content\/uploads\/2011\/11\/Emilio-De-La-Morena-Fall-Wi-e13205215008731.jpg?fit=500%2C500&resize=350%2C200","width":350,"height":200},"classes":[]}],"_links":{"self":[{"href":"http:\/\/www.moda.es\/blog\/wp-json\/wp\/v2\/posts\/1365"}],"collection":[{"href":"http:\/\/www.moda.es\/blog\/wp-json\/wp\/v2\/posts"}],"about":[{"href":"http:\/\/www.moda.es\/blog\/wp-json\/wp\/v2\/types\/post"}],"author":[{"embeddable":true,"href":"http:\/\/www.moda.es\/blog\/wp-json\/wp\/v2\/users\/2"}],"replies":[{"embeddable":true,"href":"http:\/\/www.moda.es\/blog\/wp-json\/wp\/v2\/comments?post=1365"}],"version-history":[{"count":0,"href":"http:\/\/www.moda.es\/blog\/wp-json\/wp\/v2\/posts\/1365\/revisions"}],"wp:featuredmedia":[{"embeddable":true,"href":"http:\/\/www.moda.es\/blog\/wp-json\/wp\/v2\/media\/16440"}],"wp:attachment":[{"href":"http:\/\/www.moda.es\/blog\/wp-json\/wp\/v2\/media?parent=1365"}],"wp:term":[{"taxonomy":"category","embeddable":true,"href":"http:\/\/www.moda.es\/blog\/wp-json\/wp\/v2\/categories?post=1365"},{"taxonomy":"post_tag","embeddable":true,"href":"http:\/\/www.moda.es\/blog\/wp-json\/wp\/v2\/tags?post=1365"}],"curies":[{"name":"wp","href":"https:\/\/api.w.org\/{rel}","templated":true}]}}