{"id":13647,"date":"2013-08-09T20:07:33","date_gmt":"2013-08-09T19:07:33","guid":{"rendered":"http:\/\/www.moda.es\/blog\/?p=13647"},"modified":"2020-04-27T18:00:32","modified_gmt":"2020-04-27T17:00:32","slug":"hasta-donde-va-a-llegar-galliano-en-oscar-de-la-renta","status":"publish","type":"post","link":"http:\/\/www.moda.es\/blog\/hasta-donde-va-a-llegar-galliano-en-oscar-de-la-renta\/","title":{"rendered":"\u00bfHasta d\u00f3nde va a llegar Galliano en \u00d3scar de la Renta?"},"content":{"rendered":"<p><a href=\"https:\/\/i0.wp.com\/www.moda.es\/blog\/wp-content\/uploads\/2013\/08\/John-Galliano.jpg\"><img loading=\"lazy\" class=\"aligncenter size-full wp-image-13650\" alt=\"John Galliano\" src=\"https:\/\/i0.wp.com\/www.moda.es\/blog\/wp-content\/uploads\/2013\/08\/John-Galliano.jpg?resize=500%2C750\" width=\"500\" height=\"750\" data-recalc-dims=\"1\" \/><\/a><\/p>\n<p>Desde que en marzo de 2011 <strong>John Galliano<\/strong> fuera fulminantemente despedido de <strong>Christian Dior<\/strong>, todos sus fans nos hicimos la gran pregunta: \u00bfVa a ser desterrado permanentemente del mundo de la moda? \u00bfVa a perder el dise\u00f1o a este maestro de la creaci\u00f3n? No se nos ocurr\u00eda peor noticia.<\/p>\n<p>Sin embargo antes de los desfiles de<strong> Oto\u00f1o &#8211; Invierno 2013<\/strong> la marca declaraba que Galliano hab\u00eda entrado durante tres semanas como colaborador al taller de \u00d3scar de la Renta para contribuir en la creaci\u00f3n de la nueva colecci\u00f3n. Seis meses despu\u00e9s, parece ser que est\u00e1 en negociaciones con la marca para firmar por una posici\u00f3n m\u00e1s permanente. \u00bfEstaremos ante el pr\u00f3ximo director creativo de la casa?<\/p>\n<p>La portavoz de Galliano, <strong>Liz Rosenberg<\/strong>, se ha negado a comentar nada sobre las especulaciones. Sin embargo, El presidente de De la Renta, <strong>Alex Bolen<\/strong>, emiti\u00f3 la siguiente declaraci\u00f3n: \u00abComo hemos dicho antes, estamos profundamente <strong>impresionados con el talento de John<\/strong> y nosencantar\u00eda encontrar una manera de trabajar con \u00e9l en el futuro Hasta la fecha, no hemos encontrado elcamino\u00bb.<\/p>\n<p>De la Renta siempre\u00a0 se ha preocupado por lo que va a pasar con su marca cuando \u00e9l finalmente se retire, pero <strong>la contrataci\u00f3n de Galliano como su sucesor todav\u00eda no es parte de sus planes.<\/strong><\/p>\n<p>\u00ab\u00bfAcaso he anunciado que me estoy retirando? \u00bfEs que John me va a reemplazar?\u00bb , dijo en enero. \u00abPor supuesto que no. Espero estar aqu\u00ed <strong>por mucho tiempo<\/strong>.\u00bb<\/p>\n<p>Seguiremos expectantes pero la verdad, y con permiso del se\u00f1or de la Renta, no se me ocurre mejor sucesor para la casa.<\/p>\n<p>&nbsp;<\/p>\n<p>\u00a9Vogue UK<\/p>\n<p>&nbsp;                             <\/p>\n","protected":false},"excerpt":{"rendered":"<p>Desde que en marzo de 2011 John Galliano fuera fulminantemente despedido de Christian Dior, todos sus fans nos hicimos la gran pregunta: \u00bfVa a ser desterrado permanentemente del mundo de la moda? \u00bfVa a perder el dise\u00f1o a este maestro de la creaci\u00f3n? No se nos ocurr\u00eda peor noticia. Sin [&hellip;]<\/p>\n","protected":false},"author":3,"featured_media":17089,"comment_status":"open","ping_status":"open","sticky":false,"template":"","format":"standard","meta":{"jetpack_publicize_message":"","jetpack_is_tweetstorm":false,"jetpack_publicize_feature_enabled":true},"categories":[3,12],"tags":[443,682],"jetpack_publicize_connections":[],"jetpack_featured_media_url":"https:\/\/i0.wp.com\/www.moda.es\/blog\/wp-content\/uploads\/2013\/08\/John-Galliano.jpg?fit=500%2C750","jetpack_sharing_enabled":true,"jetpack_shortlink":"https:\/\/wp.me\/p4tJCC-3y7","jetpack-related-posts":[{"id":17407,"url":"http:\/\/www.moda.es\/blog\/se-acabo-de-la-renta-para-galliano\/","url_meta":{"origin":13647,"position":0},"title":"Se acab\u00f3 de la Renta para Galliano","date":"abril 10, 2014","format":false,"excerpt":"Hoy se ha hecho oficial, John Galliano ha dicho adi\u00f3s a cualquier posibilidad de un trabajo en el taller de Oscar de la Renta tras un desacuerdo sobre el dinero. Seg\u00fan se ha informado, las discusiones de John Galliano sobre la posibilidad de tomar un papel permanente en el taller\u2026","rel":"","context":"En \u00abActualidad\u00bb","img":{"alt_text":"","src":"https:\/\/i0.wp.com\/www.moda.es\/blog\/wp-content\/uploads\/2014\/04\/John-Galliano-Oscar-de-la-Renta.jpg?fit=650%2C650&resize=350%2C200","width":350,"height":200},"classes":[]},{"id":10260,"url":"http:\/\/www.moda.es\/blog\/el-retorno-del-rey\/","url_meta":{"origin":13647,"position":1},"title":"El retorno del rey","date":"enero 18, 2013","format":false,"excerpt":"\u00a0 Si la moda fuera religi\u00f3n John Galliano ser\u00eda su dios, y si fuera un hermoso pa\u00eds lleno de colores y fantas\u00eda el de Gibraltar sin duda lucir\u00eda con un orgullo la corona y dirigir\u00eda con su mano las m\u00e1s prodigiosas empresas, edificaciones y proyectos. Me declaro absoluta, infinita y\u2026","rel":"","context":"En \u00abActualidad\u00bb","img":{"alt_text":"","src":"https:\/\/i0.wp.com\/www.moda.es\/blog\/wp-content\/uploads\/2013\/01\/John-Galliano11.jpg?fit=500%2C345&resize=350%2C200","width":350,"height":200},"classes":[]},{"id":18391,"url":"http:\/\/www.moda.es\/blog\/oscar-de-la-renta-ya-tiene-director-creativo\/","url_meta":{"origin":13647,"position":2},"title":"Oscar de la Renta ya tiene director creativo","date":"octubre 14, 2014","format":false,"excerpt":"...y ese hombre es Peter Copping. Y contrariamente a lo que en un primer momento podr\u00edamos pensar este no es un fichaje m\u00e1s en el juego de las sillas de la moda si tenemos en cuenta que Copping es el primer director creativo en una marca que hasta ahora ha\u2026","rel":"","context":"En \u00abActualidad\u00bb","img":{"alt_text":"","src":"https:\/\/i0.wp.com\/www.moda.es\/blog\/wp-content\/uploads\/2014\/10\/oscardelarenta.jpg?fit=650%2C545&resize=350%2C200","width":350,"height":200},"classes":[]},{"id":18349,"url":"http:\/\/www.moda.es\/blog\/soplan-vientos-de-cambio\/","url_meta":{"origin":13647,"position":3},"title":"Soplan vientos de cambio","date":"octubre 3, 2014","format":false,"excerpt":"Porque no hay temporada que se precie sin alg\u00fan juego de sillas, el oto\u00f1o se estrena con nuevos anuncios de esos que nos hacen olvidar las colecciones que estrenamos y nos llenan de expectativas por ver las nuevas. Guillaume Henry est\u00e1 quit\u00e1ndose el sombrero para Carven y suenan rumores de\u2026","rel":"","context":"En \u00abActualidad\u00bb","img":{"alt_text":"","src":"https:\/\/i0.wp.com\/www.moda.es\/blog\/wp-content\/uploads\/2014\/10\/carven3.jpg?fit=650%2C650&resize=350%2C200","width":350,"height":200},"classes":[]},{"id":10612,"url":"http:\/\/www.moda.es\/blog\/oscar-de-la-renta-se-va-de-rebajas\/","url_meta":{"origin":13647,"position":4},"title":"Oscar de la Renta se va de rebajas","date":"febrero 6, 2013","format":false,"excerpt":"Mientras John Galliano se \"reinserta\" en la moda en los talleres de \u00d3scar de la Renta, el due\u00f1o de los mismos se ha dedicado a otras tareas m\u00e1s paganas. Porque todas tenemos derecho a tener un de la Renta colgado en nuestro armario, el dise\u00f1ador ha creado una colecci\u00f3n c\u00e1psula\u2026","rel":"","context":"En \u00abDise\u00f1adores\u00bb","img":{"alt_text":"","src":"https:\/\/i0.wp.com\/www.moda.es\/blog\/wp-content\/uploads\/2013\/02\/Oscar-de-la-Renta-y-The-Outnet-3.jpg?fit=500%2C423&resize=350%2C200","width":350,"height":200},"classes":[]},{"id":18754,"url":"http:\/\/www.moda.es\/blog\/llego-vio-y-vencio\/","url_meta":{"origin":13647,"position":5},"title":"Lleg\u00f3, vio y venci\u00f3","date":"enero 13, 2015","format":false,"excerpt":"Era el acontecimiento m\u00e1s esperado de este a\u00f1o: John Galliano vuelve a la carga, por la puerta grande y presentando su primera colecci\u00f3n como director creativo de una marca que no pod\u00eda ser m\u00e1s diferente a \u00e9l. Porque que Galliano es uno de los m\u00e1s originales pero exc\u00e9ntricos de su\u2026","rel":"","context":"En \u00abActualidad\u00bb","img":{"alt_text":"","src":"https:\/\/i0.wp.com\/www.moda.es\/blog\/wp-content\/uploads\/2015\/01\/jg.jpg?fit=650%2C947&resize=350%2C200","width":350,"height":200},"classes":[]}],"_links":{"self":[{"href":"http:\/\/www.moda.es\/blog\/wp-json\/wp\/v2\/posts\/13647"}],"collection":[{"href":"http:\/\/www.moda.es\/blog\/wp-json\/wp\/v2\/posts"}],"about":[{"href":"http:\/\/www.moda.es\/blog\/wp-json\/wp\/v2\/types\/post"}],"author":[{"embeddable":true,"href":"http:\/\/www.moda.es\/blog\/wp-json\/wp\/v2\/users\/3"}],"replies":[{"embeddable":true,"href":"http:\/\/www.moda.es\/blog\/wp-json\/wp\/v2\/comments?post=13647"}],"version-history":[{"count":5,"href":"http:\/\/www.moda.es\/blog\/wp-json\/wp\/v2\/posts\/13647\/revisions"}],"predecessor-version":[{"id":36554,"href":"http:\/\/www.moda.es\/blog\/wp-json\/wp\/v2\/posts\/13647\/revisions\/36554"}],"wp:featuredmedia":[{"embeddable":true,"href":"http:\/\/www.moda.es\/blog\/wp-json\/wp\/v2\/media\/17089"}],"wp:attachment":[{"href":"http:\/\/www.moda.es\/blog\/wp-json\/wp\/v2\/media?parent=13647"}],"wp:term":[{"taxonomy":"category","embeddable":true,"href":"http:\/\/www.moda.es\/blog\/wp-json\/wp\/v2\/categories?post=13647"},{"taxonomy":"post_tag","embeddable":true,"href":"http:\/\/www.moda.es\/blog\/wp-json\/wp\/v2\/tags?post=13647"}],"curies":[{"name":"wp","href":"https:\/\/api.w.org\/{rel}","templated":true}]}}