{"id":13627,"date":"2013-08-07T20:25:14","date_gmt":"2013-08-07T19:25:14","guid":{"rendered":"http:\/\/www.moda.es\/blog\/?p=13627"},"modified":"2020-04-27T18:00:51","modified_gmt":"2020-04-27T17:00:51","slug":"el-nuevo-estilo-de-lady-gaga","status":"publish","type":"post","link":"http:\/\/www.moda.es\/blog\/el-nuevo-estilo-de-lady-gaga\/","title":{"rendered":"El nuevo estilo de Lady Gaga"},"content":{"rendered":"<p><a href=\"https:\/\/i0.wp.com\/www.moda.es\/blog\/wp-content\/uploads\/2013\/08\/Lady-Gaga-3.jpg\"><img loading=\"lazy\" class=\"aligncenter size-full wp-image-13632\" alt=\"Lady Gaga 3\" src=\"https:\/\/i0.wp.com\/www.moda.es\/blog\/wp-content\/uploads\/2013\/08\/Lady-Gaga-3.jpg?resize=500%2C305\" width=\"500\" height=\"305\" data-recalc-dims=\"1\" \/><\/a><\/p>\n<p>La relaci\u00f3n profesional entre <strong>Lady Gaga y Nicola Formichetti<\/strong> nos ha dado grandes momentos para recordar.<\/p>\n<p>\u00c9l es el hombre responsable del infame vestido de carne que la artista luci\u00f3 en los MTV Video Music Awards de 2010 pero ahora el estilista, dise\u00f1ador y\u00a0 mejor amigo de la cantante dice que ya no volver\u00e1 a trabajar con ella.<\/p>\n<p>Pero los fans de la fantas\u00eda de sus estilismo pueden estar tranquilos. No es que Formichetti vaya a abandonar a la cantante, simplemente ha admitido que <strong>no tiene tiempo<\/strong> para comprometerse con el vestuario tan elaborado de Lady Gaga, que incluye hasta<strong> 12 cambios de vestuario en una jornada<\/strong>. \u00abHe hecho dos \u00e1lbumes con ella, ha sido como cinco a\u00f1os, y yo siempre voy a estar involucrado de alguna manera, pero no puedo hacerlo todos los d\u00edas. Ella se cambia 12 veces al d\u00eda, es una locura \u00ab.<\/p>\n<p><a href=\"https:\/\/i0.wp.com\/www.moda.es\/blog\/wp-content\/uploads\/2013\/08\/Lady-Gaga-2.jpg\"><img loading=\"lazy\" class=\"aligncenter size-full wp-image-13631\" alt=\"Lady Gaga 2\" src=\"https:\/\/i0.wp.com\/www.moda.es\/blog\/wp-content\/uploads\/2013\/08\/Lady-Gaga-2.jpg?resize=500%2C500\" width=\"500\" height=\"500\" data-recalc-dims=\"1\" \/><\/a><\/p>\n<p>&nbsp;<\/p>\n<p>El proyecto al que Formichetti se refiere es, <strong>Artpop,<\/strong> el nuevo trabajo de Lady Gaga. La cantante ha pasado seis meses fuera de la vor\u00e1gine de los medios despu\u00e9s de una grave lesi\u00f3n en la cadera que le impidi\u00f3 completar su gira mundial<strong> Born The Way Ball<\/strong>, pero ya est\u00e1 de vuelta con el t\u00edpico excentrismo made-in-Gaga y un aspecto totalmente nuevo.<strong> Brandon Maxwell<\/strong> (ex-asistente de Nicola formichetti) es ahora el hombre a cargo del estilismo de la estrella, incluyendo una aparici\u00f3n en una gala ben\u00e9fica en Nueva York el mes pasado. <strong>Twitter<\/strong> ya ha sido testigo de las primera im\u00e1genes y el estilista revel\u00f3 que la nueva inclinaci\u00f3n es mucho m\u00e1s <strong>minimalista<\/strong> y que va a sorprendernos con una amplia gama de conjuntos impactantes.<\/p>\n<p>Un toque m\u00e1s chic, nuevos materiales con cortes elegantes y limpios e incluso la total desnudez, son las nuevas formas de expresi\u00f3n de Lady Gaga seg\u00fan Maxwell. \u00abCreo que es el momento de centrarse m\u00e1s en la <strong>m\u00fasica<\/strong>, ahora que el mundo ya lo ha visto todo y ella se siente c\u00f3moda siendo quien es\u00bb.<\/p>\n<p><a href=\"https:\/\/i0.wp.com\/www.moda.es\/blog\/wp-content\/uploads\/2013\/08\/Lady-Gaga-1.jpg\"><img loading=\"lazy\" class=\"aligncenter size-full wp-image-13630\" alt=\"Lady Gaga 1\" src=\"https:\/\/i0.wp.com\/www.moda.es\/blog\/wp-content\/uploads\/2013\/08\/Lady-Gaga-1.jpg?resize=500%2C500\" width=\"500\" height=\"500\" data-recalc-dims=\"1\" \/><\/a><\/p>\n<p>Veremos c\u00f3mo se traduce este nuevo estilo&#8230;<\/p>\n<p>&nbsp;<\/p>\n<p>\u00a9Grazia UK<\/p>\n<p>&nbsp;                             <\/p>\n","protected":false},"excerpt":{"rendered":"<p>La relaci\u00f3n profesional entre Lady Gaga y Nicola Formichetti nos ha dado grandes momentos para recordar. \u00c9l es el hombre responsable del infame vestido de carne que la artista luci\u00f3 en los MTV Video Music Awards de 2010 pero ahora el estilista, dise\u00f1ador y\u00a0 mejor amigo de la cantante dice [&hellip;]<\/p>\n","protected":false},"author":3,"featured_media":17079,"comment_status":"open","ping_status":"open","sticky":false,"template":"","format":"standard","meta":{"jetpack_publicize_message":"","jetpack_is_tweetstorm":false,"jetpack_publicize_feature_enabled":true},"categories":[12,20],"tags":[135,503,664],"jetpack_publicize_connections":[],"jetpack_featured_media_url":"https:\/\/i0.wp.com\/www.moda.es\/blog\/wp-content\/uploads\/2013\/08\/Lady-Gaga-3.jpg?fit=500%2C305","jetpack_sharing_enabled":true,"jetpack_shortlink":"https:\/\/wp.me\/p4tJCC-3xN","jetpack-related-posts":[{"id":1059,"url":"http:\/\/www.moda.es\/blog\/nicola-formichetti-un-nombre-que-se-repite\/","url_meta":{"origin":13627,"position":0},"title":"Nicola Formichetti: un nombre que se repite","date":"marzo 6, 2011","format":false,"excerpt":"Hay quien hasta hace poco se preguntaba qui\u00e9n estaba detr\u00e1s de los estilismos venidos de otro planeta de la mundialmente conocida Lady Gaga. Yo creo que ya a pocos les resulta desconocido el art\u00edfice de sus looks imposibles: Nicola Formichetti. El hombre a los mandos de la Thierry Mugler, es\u2026","rel":"","context":"En \u00abDise\u00f1adores\u00bb","img":{"alt_text":"","src":"https:\/\/i0.wp.com\/www.moda.es\/blog\/wp-content\/uploads\/2011\/03\/nicola-formichetti1.jpg?fit=300%2C430&resize=350%2C200","width":350,"height":200},"classes":[]},{"id":10048,"url":"http:\/\/www.moda.es\/blog\/el-artista-y-su-musa\/","url_meta":{"origin":13627,"position":1},"title":"El artista y su musa","date":"enero 7, 2013","format":false,"excerpt":"En septiembre se anunciaba la noticia y hoy al fin tenemos las im\u00e1genes de la colecci\u00f3n. Nicola Formichetti, Director Creativo de Mugler, planeaba su debut en el dise\u00f1o de su primera colecci\u00f3n de bolsos para la temporada Primavera - Verano 2013 y la musa inspiradora ser\u00eda nada m\u00e1s y nada\u2026","rel":"","context":"En \u00abColecciones\u00bb","img":{"alt_text":"","src":"https:\/\/i0.wp.com\/www.moda.es\/blog\/wp-content\/uploads\/2013\/01\/Mugler-Lady-Gaga1.jpg?fit=444%2C267&resize=350%2C200","width":350,"height":200},"classes":[]},{"id":14864,"url":"http:\/\/www.moda.es\/blog\/resumen-de-la-semana-16-de-noviembre\/","url_meta":{"origin":13627,"position":2},"title":"Resumen de la semana. 16 de noviembre","date":"noviembre 16, 2013","format":false,"excerpt":"Al fin lleg\u00f3 el d\u00eda. El jueves H&M ofrec\u00eda la flamante colecci\u00f3n de Isabel Marant. Estilo boho-chic de pasarela a buen precio en una colecci\u00f3n que ya est\u00e1 pr\u00e1cticamente agotada (si pensabas hacer con las famosas botas de flecos y no lo has hecho, olv\u00eddalo). Esta ha sido sin duda\u2026","rel":"","context":"En \u00abActualidad\u00bb","img":{"alt_text":"","src":"https:\/\/i0.wp.com\/www.moda.es\/blog\/wp-content\/uploads\/2013\/11\/McQueen-Hirst-11.jpg?fit=500%2C277&resize=350%2C200","width":350,"height":200},"classes":[]},{"id":11856,"url":"http:\/\/www.moda.es\/blog\/sorpresas-en-el-mundo-de-la-moda\/","url_meta":{"origin":13627,"position":3},"title":"Sorpresas en el mundo de la moda","date":"abril 2, 2013","format":false,"excerpt":"Hoy es uno de esos d\u00edas en los que alguien se acerca y te dice: \"tengo dos noticias, una buena y otra mala, \u00bfcu\u00e1l quieres primero?\". Pues as\u00ed se ha despertado la moda hoy. Empezaremos por la mala noticia, por c\u00f3mo le vamos a echar de menos. Nicola Formichetti, Director\u2026","rel":"","context":"En \u00abCampa\u00f1as\u00bb","img":{"alt_text":"","src":"https:\/\/i0.wp.com\/www.moda.es\/blog\/wp-content\/uploads\/2013\/04\/Nicholas-Formichetti1.jpg?fit=300%2C450&resize=350%2C200","width":350,"height":200},"classes":[]},{"id":2248,"url":"http:\/\/www.moda.es\/blog\/una-estatuilla-para-los-artistas-de-la-moda-2\/","url_meta":{"origin":13627,"position":4},"title":"Una estatuilla para los artistas de la moda (2)","date":"junio 10, 2011","format":false,"excerpt":"De la gala\u00a0los premios CFDA 2011, es obligatorio hablar\u00a0de los galardonados y, por supuesto, de la reina de las apariciones rompedoras, la cantante Lady Gaga. En cuanto a los premiados de este a\u00f1o, empezar\u00eda por uno de mis favoritos entre los favoritos: Marc Jacobs. El dise\u00f1ador recibi\u00f3\u00a0un galard\u00f3n por su\u2026","rel":"","context":"En \u00abAlfombra Roja\u00bb","img":{"alt_text":"","src":"https:\/\/i0.wp.com\/www.moda.es\/blog\/wp-content\/uploads\/2011\/06\/lady-gaga-cdfa-500x228.jpg?fit=500%2C228&resize=350%2C200","width":350,"height":200},"classes":[]},{"id":14969,"url":"http:\/\/www.moda.es\/blog\/como-ser-donatella-versace\/","url_meta":{"origin":13627,"position":5},"title":"C\u00f3mo ser Donatella Versace","date":"noviembre 25, 2013","format":false,"excerpt":"La c\u00e1mara de Mert Alas y Marcus Piggott puede convertirte en la dise\u00f1adora italiana. Su c\u00e1mara y tambi\u00e9n el estilismo indicado. Recostada en un sof\u00e1, con el cabello rubio platino, liso y largo hasta la cintura y con looks al m\u00e1s puro estilo Versace, as\u00ed es como preside Lady Gaga\u2026","rel":"","context":"En \u00abCampa\u00f1as\u00bb","img":{"alt_text":"","src":"https:\/\/i0.wp.com\/www.moda.es\/blog\/wp-content\/uploads\/2013\/11\/Lady-Gaga-21.jpg?fit=500%2C333&resize=350%2C200","width":350,"height":200},"classes":[]}],"_links":{"self":[{"href":"http:\/\/www.moda.es\/blog\/wp-json\/wp\/v2\/posts\/13627"}],"collection":[{"href":"http:\/\/www.moda.es\/blog\/wp-json\/wp\/v2\/posts"}],"about":[{"href":"http:\/\/www.moda.es\/blog\/wp-json\/wp\/v2\/types\/post"}],"author":[{"embeddable":true,"href":"http:\/\/www.moda.es\/blog\/wp-json\/wp\/v2\/users\/3"}],"replies":[{"embeddable":true,"href":"http:\/\/www.moda.es\/blog\/wp-json\/wp\/v2\/comments?post=13627"}],"version-history":[{"count":5,"href":"http:\/\/www.moda.es\/blog\/wp-json\/wp\/v2\/posts\/13627\/revisions"}],"predecessor-version":[{"id":36556,"href":"http:\/\/www.moda.es\/blog\/wp-json\/wp\/v2\/posts\/13627\/revisions\/36556"}],"wp:featuredmedia":[{"embeddable":true,"href":"http:\/\/www.moda.es\/blog\/wp-json\/wp\/v2\/media\/17079"}],"wp:attachment":[{"href":"http:\/\/www.moda.es\/blog\/wp-json\/wp\/v2\/media?parent=13627"}],"wp:term":[{"taxonomy":"category","embeddable":true,"href":"http:\/\/www.moda.es\/blog\/wp-json\/wp\/v2\/categories?post=13627"},{"taxonomy":"post_tag","embeddable":true,"href":"http:\/\/www.moda.es\/blog\/wp-json\/wp\/v2\/tags?post=13627"}],"curies":[{"name":"wp","href":"https:\/\/api.w.org\/{rel}","templated":true}]}}