{"id":1352,"date":"2011-03-31T18:51:13","date_gmt":"2011-03-31T17:51:13","guid":{"rendered":"http:\/\/www.moda.es\/blog\/?p=1352"},"modified":"2011-03-31T18:51:13","modified_gmt":"2011-03-31T17:51:13","slug":"transformers-el-sofa-que-se-hizo-bolso","status":"publish","type":"post","link":"http:\/\/www.moda.es\/blog\/transformers-el-sofa-que-se-hizo-bolso\/","title":{"rendered":"Transformers: el sof\u00e1 que se hizo bolso"},"content":{"rendered":"<p>Esta ma\u00f1ana he estado en una conferencia muy interesante y motivadora. En el marco de las jornadas de Comunicaci\u00f3n y Moda del Museo del Traje promovidas por el T\u00edtulo de Comunicaci\u00f3 y Gesti\u00f3n de Moda de la Universidad de Villanueva, nos han presentado el proyecto de <a href=\"http:\/\/www.haloliving.co.uk\/\">Halo<\/a>*, una firma inglesa que confecciona muebles vintage que\u00a0se propuso un proyecto de innovaci\u00f3n: hacer\u00a0bolsos.<\/p>\n<figure style=\"width: 660px\" class=\"wp-caption alignnone\"><img data-attachment-id=\"6347\" data-permalink=\"http:\/\/www.moda.es\/blog\/halo1\/\" data-orig-file=\"https:\/\/i0.wp.com\/www.moda.es\/blog\/wp-content\/uploads\/2011\/03\/Halo1.jpg?fit=500%2C500\" data-orig-size=\"500,500\" data-comments-opened=\"1\" data-image-meta=\"{&quot;aperture&quot;:&quot;0&quot;,&quot;credit&quot;:&quot;&quot;,&quot;camera&quot;:&quot;&quot;,&quot;caption&quot;:&quot;&quot;,&quot;created_timestamp&quot;:&quot;0&quot;,&quot;copyright&quot;:&quot;&quot;,&quot;focal_length&quot;:&quot;0&quot;,&quot;iso&quot;:&quot;0&quot;,&quot;shutter_speed&quot;:&quot;0&quot;,&quot;title&quot;:&quot;&quot;}\" data-image-title=\"Halo1\" data-image-description=\"\" data-image-caption=\"\" data-medium-file=\"https:\/\/i0.wp.com\/www.moda.es\/blog\/wp-content\/uploads\/2011\/03\/Halo1.jpg?fit=300%2C300\" data-large-file=\"https:\/\/i0.wp.com\/www.moda.es\/blog\/wp-content\/uploads\/2011\/03\/Halo1.jpg?fit=500%2C500\" loading=\"lazy\" src=\"https:\/\/i0.wp.com\/www.moda.es\/blog\/wp-content\/uploads\/2011\/03\/Halo1.jpg?resize=500%2C500\" alt=\"\" title=\"Halo1\" width=\"500\" height=\"500\" class=\"alignnone size-full wp-image-6347\" srcset=\"https:\/\/i0.wp.com\/www.moda.es\/blog\/wp-content\/uploads\/2011\/03\/Halo1.jpg?w=500 500w, https:\/\/i0.wp.com\/www.moda.es\/blog\/wp-content\/uploads\/2011\/03\/Halo1.jpg?resize=150%2C150 150w, https:\/\/i0.wp.com\/www.moda.es\/blog\/wp-content\/uploads\/2011\/03\/Halo1.jpg?resize=300%2C300 300w\" sizes=\"(max-width: 500px) 100vw, 500px\" data-recalc-dims=\"1\" \/><figcaption class=\"wp-caption-text\">Sal\u00f3n estilo Halo.<\/figcaption><\/figure>\n<p>Con este reto se encontr\u00f3 Olga Dolapsakis, hoy una freelance experta en estrategia para empresas de moda. Halo se hab\u00eda planteado crear bolsos a partir de las pieles sobrantes de sus muebles. Y los hicieron, pero sin muy buenos resultados. Hab\u00eda que sacar una colecci\u00f3n que funcionase para ello hab\u00eda que pulir la confecci\u00f3n, buscar una est\u00e9tica, un nicho en el mercado. Se planteaban muchos retos en poco tiempo y ten\u00edan que dar resultado. Durante m\u00e1s de un a\u00f1o, Dolapsakis se enfrent\u00f3 a este reto y consigui\u00f3 que diera frutos. El producto se fue refinando, hubo ventas.<\/p>\n<p>Posteriormente, cont\u00f3 con un equipo de cinco personas. Avanzaron a\u00fan m\u00e1s. Las colecciones ten\u00edan y tiene personalidad, ampliaron la l\u00ednea de producto. Ahora est\u00e1 teniendo un gran \u00e9xito que ya se vi\u00f3 reconocido con el encargo de crear una maleta de aluminio con aire antiguo para el desfile de Dunhill de hombre P\/V 2011. As\u00ed de los muebles a los bolsos, nunca se sabe d\u00f3nde puede estar la oportunidad de mercado.<\/p>\n<p>*Halo se vende en tiendas multimarca, en Madrid se puede encontrar en Becara, pero sus sof\u00e1s de grueso cuero envejecido se pueden ver decorando, por ejemplo, las tiendas de Hakey.<\/p>\n","protected":false},"excerpt":{"rendered":"<p>Esta ma\u00f1ana he estado en una conferencia muy interesante y motivadora. En el marco de las jornadas de Comunicaci\u00f3n y Moda del Museo del Traje promovidas por el T\u00edtulo de Comunicaci\u00f3 y Gesti\u00f3n de Moda de la Universidad de Villanueva, nos han presentado el proyecto de Halo*, una firma inglesa [&hellip;]<\/p>\n","protected":false},"author":2,"featured_media":16439,"comment_status":"open","ping_status":"open","sticky":false,"template":"","format":"standard","meta":{"jetpack_publicize_message":"","jetpack_is_tweetstorm":false,"jetpack_publicize_feature_enabled":true},"categories":[14],"tags":[],"jetpack_publicize_connections":[],"jetpack_featured_media_url":"https:\/\/i0.wp.com\/www.moda.es\/blog\/wp-content\/uploads\/2011\/03\/Halo11.jpg?fit=500%2C500","jetpack_sharing_enabled":true,"jetpack_shortlink":"https:\/\/wp.me\/p4tJCC-lO","jetpack-related-posts":[{"id":14470,"url":"http:\/\/www.moda.es\/blog\/visita-el-planeta-chanel\/","url_meta":{"origin":1352,"position":0},"title":"Visita el planeta Chanel","date":"octubre 17, 2013","format":false,"excerpt":"Durante la Semana de la Moda de Par\u00eds Oto\u00f1o - Invierno 2013,\u00a0 las modelos del desfile de Chanel desfilaron alrededor de un inmenso globo terr\u00e1queo y sobre una pasarela en la que hab\u00eda impreso un mapa del mundo (si te lo perdiste, puedes verlo aqu\u00ed). El tema era la globalizaci\u00f3n,\u2026","rel":"","context":"En \u00abActualidad\u00bb","img":{"alt_text":"","src":"https:\/\/i0.wp.com\/www.moda.es\/blog\/wp-content\/uploads\/2013\/10\/Planeta-Chanel-61.jpg?fit=400%2C267&resize=350%2C200","width":350,"height":200},"classes":[]},{"id":7029,"url":"http:\/\/www.moda.es\/blog\/anna-dello-russo-reina-en-hm\/","url_meta":{"origin":1352,"position":1},"title":"Anna dello Russo reina en H&#038;M","date":"mayo 14, 2012","format":false,"excerpt":"Ya no son s\u00f3lo los dise\u00f1adores, ahora H&M llama a las trendsetters. Al menos, a una de las m\u00e1s importantes, Anna Dello Russo. La editora de Vogue Jap\u00f3n, una incondicional, de las m\u00e1s extravagantes, en los desfiles de moda y reina de la bloggosfera, ha sido la elegida por la\u2026","rel":"","context":"En \u00abAccesorios\u00bb","img":{"alt_text":"","src":"https:\/\/i0.wp.com\/www.moda.es\/blog\/wp-content\/uploads\/2012\/05\/31-e13370263128351.jpg?fit=450%2C612&resize=350%2C200","width":350,"height":200},"classes":[]},{"id":2160,"url":"http:\/\/www.moda.es\/blog\/la-nueva-cara-matutina-del-dos-de-mayo\/","url_meta":{"origin":1352,"position":2},"title":"La nueva cara matutina del Dos de Mayo","date":"junio 3, 2011","format":false,"excerpt":"Malasa\u00f1a es conocida por su movida nocturna. Pero el barrio hace tiempo que est\u00e1 lavando su cara: las tiendas y locales\u00a0con gusto\u00a0dominan cada calle.\u00a0\u00a0Por ejemplo, si antes en Esp\u00edritu Santo s\u00f3lo hab\u00eda una tienda de segunda mano con gran repertorio de d\u00e9cadas y piezas, ahora en sus dos aceras han\u2026","rel":"","context":"En \u00abDise\u00f1adores\u00bb","img":{"alt_text":"","src":"https:\/\/i0.wp.com\/www.moda.es\/blog\/wp-content\/uploads\/2011\/06\/image002-961x10241.jpg?fit=961%2C1024&resize=350%2C200","width":350,"height":200},"classes":[]},{"id":20653,"url":"http:\/\/www.moda.es\/blog\/descubre-la-coleccion-de-sara-battaglia-para-salvatore-ferragamo\/","url_meta":{"origin":1352,"position":3},"title":"Descubre la colecci\u00f3n de Sara Battaglia para Salvatore Ferragamo","date":"mayo 11, 2016","format":false,"excerpt":"Salvatore Ferragamo siempre se ha caracterizado por su dise\u00f1o sin esfuerzo, sofisticado y atemporal \u00a0pues su consideraci\u00f3n de lo que est\u00e1 de moda tiene su propia interpretaci\u00f3n. En su \u00faltimo proyecto, la\u00a0casa de moda italiana ha colaborado con la\u00a0dise\u00f1adora de bolsos\u00a0Sara Battaglia en una colecci\u00f3n c\u00e1psula de accesorios\u00a0que refleja el\u2026","rel":"","context":"En \u00abColecciones\u00bb","img":{"alt_text":"","src":"https:\/\/i0.wp.com\/www.moda.es\/blog\/wp-content\/uploads\/2016\/05\/Captura-de-pantalla-2016-05-11-a-las-23.45.55.png?fit=639%2C532&resize=350%2C200","width":350,"height":200},"classes":[]},{"id":5154,"url":"http:\/\/www.moda.es\/blog\/atsuyo-et-akiko-para-ninos-y-padres-de-hoy\/","url_meta":{"origin":1352,"position":4},"title":"Atsuyo et Akiko, para ni\u00f1os (y padres) de hoy","date":"enero 20, 2012","format":false,"excerpt":"Atsuyo et Akiko responde a los nombres de las dos creadoras de esta firma, Atsuyo Yang y Akiko Mukae, dos artistas japonesas instaladas en Nueva York desde 2007, su actual centro de operaciones, donde han creado esta marca en esencia infantil. Bajo su etiqueta ofrecen ropa para ni\u00f1os, piezas de\u2026","rel":"","context":"En \u00abNi\u00f1os\u00bb","img":{"alt_text":"","src":"https:\/\/i0.wp.com\/www.moda.es\/blog\/wp-content\/uploads\/2012\/01\/1.12.12-ATSUYO-ET-AKIKO-SHOP-e13270921654111.jpg?fit=452%2C500&resize=350%2C200","width":350,"height":200},"classes":[]},{"id":17811,"url":"http:\/\/www.moda.es\/blog\/kar-lagerfeld-para-vuitton\/","url_meta":{"origin":1352,"position":5},"title":"Kar Lagerfeld \u00bfpara Vuitton?","date":"junio 3, 2014","format":false,"excerpt":"Karl Lagerfeld es el \u00faltimo fichaje de Louis Vuitton, pero que nadie se alarme porque ni Chanel va a quedarse hu\u00e9rfano ni Ghesqui\u00e8re ve peligrar su posici\u00f3n. El director creativo de Chanel ha sido convocado por el vicepresidente ejecutivo de Vuitton, Delphine Arnault, para que d\u00e9 su interpretaci\u00f3n del monogram\u2026","rel":"","context":"En \u00abAccesorios\u00bb","img":{"alt_text":"","src":"https:\/\/i0.wp.com\/www.moda.es\/blog\/wp-content\/uploads\/2014\/06\/vuitton.jpg?fit=650%2C975&resize=350%2C200","width":350,"height":200},"classes":[]}],"_links":{"self":[{"href":"http:\/\/www.moda.es\/blog\/wp-json\/wp\/v2\/posts\/1352"}],"collection":[{"href":"http:\/\/www.moda.es\/blog\/wp-json\/wp\/v2\/posts"}],"about":[{"href":"http:\/\/www.moda.es\/blog\/wp-json\/wp\/v2\/types\/post"}],"author":[{"embeddable":true,"href":"http:\/\/www.moda.es\/blog\/wp-json\/wp\/v2\/users\/2"}],"replies":[{"embeddable":true,"href":"http:\/\/www.moda.es\/blog\/wp-json\/wp\/v2\/comments?post=1352"}],"version-history":[{"count":0,"href":"http:\/\/www.moda.es\/blog\/wp-json\/wp\/v2\/posts\/1352\/revisions"}],"wp:featuredmedia":[{"embeddable":true,"href":"http:\/\/www.moda.es\/blog\/wp-json\/wp\/v2\/media\/16439"}],"wp:attachment":[{"href":"http:\/\/www.moda.es\/blog\/wp-json\/wp\/v2\/media?parent=1352"}],"wp:term":[{"taxonomy":"category","embeddable":true,"href":"http:\/\/www.moda.es\/blog\/wp-json\/wp\/v2\/categories?post=1352"},{"taxonomy":"post_tag","embeddable":true,"href":"http:\/\/www.moda.es\/blog\/wp-json\/wp\/v2\/tags?post=1352"}],"curies":[{"name":"wp","href":"https:\/\/api.w.org\/{rel}","templated":true}]}}