{"id":13355,"date":"2013-07-15T21:02:33","date_gmt":"2013-07-15T20:02:33","guid":{"rendered":"http:\/\/www.moda.es\/blog\/?p=13355"},"modified":"2020-04-27T18:04:00","modified_gmt":"2020-04-27T17:04:00","slug":"miranda-kerr-repite-con-mango","status":"publish","type":"post","link":"http:\/\/www.moda.es\/blog\/miranda-kerr-repite-con-mango\/","title":{"rendered":"Miranda Kerr repite con Mango"},"content":{"rendered":"<p><a href=\"https:\/\/i0.wp.com\/www.moda.es\/blog\/wp-content\/uploads\/2013\/07\/Miranda-Kerr.jpg\"><img loading=\"lazy\" class=\"aligncenter size-full wp-image-13356\" alt=\"Miranda Kerr\" src=\"https:\/\/i0.wp.com\/www.moda.es\/blog\/wp-content\/uploads\/2013\/07\/Miranda-Kerr.jpg?resize=400%2C565\" width=\"400\" height=\"565\" data-recalc-dims=\"1\" \/><\/a><\/p>\n<p>Si algo funciona ser\u00eda un error no intentar repetirlo, \u00bfverdad? Pues eso mismo han pensado desde <strong>Mango<\/strong>. La marca catalana ya tiene nueva campa\u00f1a para la temporada <strong>Oto\u00f1o &#8211; Invierno 2013<\/strong> y <strong>Miranda Kerr<\/strong> vuelve a ser su protagonista.<\/p>\n<p>Por el momento s\u00f3lo tenemos una imagen, pero promete. Siguiendo la misma est\u00e9tica a la que Mango nos tiene acostumbrados donde la ropa y la modelo son absolutos protagonistas sin ning\u00fan otro elemento que distraiga en el escenario, Kerr posa con un look preppy pero sin abandonar el sexy que nos transmite su mirada.<\/p>\n<p>La marca eligi\u00f3 la ciudad de Nueva York reconocidos fot\u00f3grafos <b>Inez &amp; Vinoodh<\/b> para disparar las im\u00e1genes de esta campa\u00f1a. El estilismo corri\u00f3 a cargo de <b>G\u00e9raldine Saglio<\/b>, mientras que <b>Lisa Butler<\/b> y <b>Christiaan<\/b>\u00a0se encargaron del maquillaje y del peinado, respectivamente.<\/p>\n<p>La modelo australiana est\u00e1 encantada de ser la imagen de una de las marcas fetiches de las espa\u00f1olas: \u201cMe lo pas\u00e9 genial durante el shooting de la campa\u00f1a Oto\u00f1o\/Invierno para Mango con Inez y Vinoodh. Es estupendo trabajar con ellos como equipo, lo pasamos muy bien juntos. Esta temporada, las prendas son especialmente <strong>divertidas<\/strong> gracias a ese toque de inspiraci\u00f3n punk. Me encanta que Inez y Vinoodh le hayan dado a la campa\u00f1a un punto <strong>fresco<\/strong> y <strong>natural<\/strong> tan acorde con la colecci\u00f3n. Hicieron un fant\u00e1stico trabajo, como siempre.\u201d<\/p>\n<p>Pronto veremos m\u00e1s im\u00e1genes en las que la marcada <strong>tendencia punk<\/strong> de la nueva colecci\u00f3n se combina con prendas en<strong> tonos pastel, jacquard e influencias orientales<\/strong>.<\/p>\n<p>\u00bfQu\u00e9 te parece a ti Miranda como imagen de Mango?<\/p>\n<p>\u00a9Mango                             <\/p>\n","protected":false},"excerpt":{"rendered":"<p>Si algo funciona ser\u00eda un error no intentar repetirlo, \u00bfverdad? Pues eso mismo han pensado desde Mango. La marca catalana ya tiene nueva campa\u00f1a para la temporada Oto\u00f1o &#8211; Invierno 2013 y Miranda Kerr vuelve a ser su protagonista. Por el momento s\u00f3lo tenemos una imagen, pero promete. Siguiendo la [&hellip;]<\/p>\n","protected":false},"author":3,"featured_media":17073,"comment_status":"open","ping_status":"open","sticky":false,"template":"","format":"standard","meta":{"jetpack_publicize_message":"","jetpack_is_tweetstorm":false,"jetpack_publicize_feature_enabled":true},"categories":[3,8],"tags":[566,622],"jetpack_publicize_connections":[],"jetpack_featured_media_url":"https:\/\/i0.wp.com\/www.moda.es\/blog\/wp-content\/uploads\/2013\/07\/Miranda-Kerr.jpg?fit=400%2C565","jetpack_sharing_enabled":true,"jetpack_shortlink":"https:\/\/wp.me\/p4tJCC-3tp","jetpack-related-posts":[{"id":9383,"url":"http:\/\/www.moda.es\/blog\/miranda-kerr-nueva-imagen-de-mango\/","url_meta":{"origin":13355,"position":0},"title":"Miranda Kerr, nueva imagen de Mango","date":"diciembre 7, 2012","format":false,"excerpt":"Kate Moss ya tiene sustituta en Mango. No tiene tanto carisma ni engancha tanto como la Moss pero sin duda no le falta belleza. \u00a0 Tras Lizzy Jagger, las hermanas Cruz, Milla Jovovich, Claudia\u00a0Schiffer, Christie Turlington, Isabeli Fontana, Scarlett Johansson y el largo desfile de rostros famosos que han protagonizado\u2026","rel":"","context":"En \u00abActualidad\u00bb","img":{"alt_text":"","src":"https:\/\/i0.wp.com\/www.moda.es\/blog\/wp-content\/uploads\/2012\/12\/MANGO_Miranda-Kerr1.jpg?fit=500%2C334&resize=350%2C200","width":350,"height":200},"classes":[]},{"id":14364,"url":"http:\/\/www.moda.es\/blog\/miranda-kerr-nueva-imagen-de-swarovski\/","url_meta":{"origin":13355,"position":1},"title":"Miranda Kerr, nueva imagen de Swarovski","date":"octubre 8, 2013","format":false,"excerpt":"Swarovski estrena nueva campa\u00f1a para la temporada Oto\u00f1o Invierno 2013 y su flamante protagonista es Miranda Kerr. Con un look fresco y un maquillaje muy natural, en la primera imagen de la campa\u00f1a, (la \u00fanica que se ha revelado), destacan unos vistosos pendientes, un sencillo colgante con un cristal en\u2026","rel":"","context":"En \u00abAccesorios\u00bb","img":{"alt_text":"","src":"https:\/\/i0.wp.com\/www.moda.es\/blog\/wp-content\/uploads\/2013\/10\/Miranda-Kerr-Swarovski-11.jpg?fit=500%2C759&resize=350%2C200","width":350,"height":200},"classes":[]},{"id":15619,"url":"http:\/\/www.moda.es\/blog\/mango-y-daria-capitulo-dos\/","url_meta":{"origin":13355,"position":2},"title":"Mango y Daria, cap\u00edtulo dos","date":"enero 16, 2014","format":false,"excerpt":"En el mes de Daria Werbowy, ya tenemos m\u00e1s im\u00e1genes de la campa\u00f1a que protagoniza para Mango. En noviembre se anunci\u00f3 que la modelo Daria Werbowy sustituir\u00eda a Miranda Kerr como la cara de Mango, con una campa\u00f1a fotografiada por Josh Olins en Lanzarote. Ahora las im\u00e1genes de una Daria\u2026","rel":"","context":"En \u00abCampa\u00f1as\u00bb","img":{"alt_text":"","src":"https:\/\/i0.wp.com\/www.moda.es\/blog\/wp-content\/uploads\/2014\/01\/Mango-311.jpg?fit=500%2C375&resize=350%2C200","width":350,"height":200},"classes":[]},{"id":15850,"url":"http:\/\/www.moda.es\/blog\/adivina-quien-sera-la-proxima-chica-hm\/","url_meta":{"origin":13355,"position":3},"title":"Adivina qui\u00e9n ser\u00e1 la pr\u00f3xima chica H&amp;M","date":"febrero 5, 2014","format":false,"excerpt":"No, no hay tiendas de H&M en Australia, aunque los suecos planean desembarcar en Melbourne a mediados de a\u00f1o, pero eso no impide que la nueva estrella de la marca venga de la tierra de los canguros (y seguramente sea causa de ello). La marca ha jugado a las adivinanzas\u2026","rel":"","context":"En \u00abActualidad\u00bb","img":{"alt_text":"","src":"https:\/\/i0.wp.com\/www.moda.es\/blog\/wp-content\/uploads\/2014\/02\/21.jpg?fit=300%2C260&resize=350%2C200","width":350,"height":200},"classes":[]},{"id":14895,"url":"http:\/\/www.moda.es\/blog\/daria-werbowy-nueva-chica-mango\/","url_meta":{"origin":13355,"position":4},"title":"Daria Werbowy, nueva chica Mango","date":"noviembre 18, 2013","format":false,"excerpt":"Normalmente las musas de la marca repet\u00edan m\u00e1s de una temporada, pero parece ser que el acuerdo con Miranda Kerr s\u00f3lo contemplaba 6 meses, o que quiz\u00e1s (aqu\u00ed hablo por m\u00ed, la chica es preciosa pero no termina de transmitir) no ha dado los resultados que cab\u00eda esperar. El caso\u2026","rel":"","context":"En \u00abCampa\u00f1as\u00bb","img":{"alt_text":"","src":"https:\/\/i0.wp.com\/www.moda.es\/blog\/wp-content\/uploads\/2013\/11\/Mango-11.jpg?fit=500%2C334&resize=350%2C200","width":350,"height":200},"classes":[]},{"id":15492,"url":"http:\/\/www.moda.es\/blog\/ya-esta-aqui-daria-werbowy-para-mango\/","url_meta":{"origin":13355,"position":5},"title":"Ya est\u00e1 aqu\u00ed: Daria Werbowy para Mango","date":"enero 8, 2014","format":false,"excerpt":"Entre tarde de rebajas y b\u00fasqueda de chollos, la temporada Primavera - Verano 2014 est\u00e1 a la vuelta de la esquina y con ella una de las campa\u00f1as m\u00e1s esperadas. Ya te contamos que la canadiense Daria Werbowy ha sido la elegida por Mango para recoger el testigo de una\u2026","rel":"","context":"En \u00abCampa\u00f1as\u00bb","img":{"alt_text":"","src":"https:\/\/i0.wp.com\/www.moda.es\/blog\/wp-content\/uploads\/2014\/01\/Mango-11.jpg?fit=350%2C450&resize=350%2C200","width":350,"height":200},"classes":[]}],"_links":{"self":[{"href":"http:\/\/www.moda.es\/blog\/wp-json\/wp\/v2\/posts\/13355"}],"collection":[{"href":"http:\/\/www.moda.es\/blog\/wp-json\/wp\/v2\/posts"}],"about":[{"href":"http:\/\/www.moda.es\/blog\/wp-json\/wp\/v2\/types\/post"}],"author":[{"embeddable":true,"href":"http:\/\/www.moda.es\/blog\/wp-json\/wp\/v2\/users\/3"}],"replies":[{"embeddable":true,"href":"http:\/\/www.moda.es\/blog\/wp-json\/wp\/v2\/comments?post=13355"}],"version-history":[{"count":5,"href":"http:\/\/www.moda.es\/blog\/wp-json\/wp\/v2\/posts\/13355\/revisions"}],"predecessor-version":[{"id":36576,"href":"http:\/\/www.moda.es\/blog\/wp-json\/wp\/v2\/posts\/13355\/revisions\/36576"}],"wp:featuredmedia":[{"embeddable":true,"href":"http:\/\/www.moda.es\/blog\/wp-json\/wp\/v2\/media\/17073"}],"wp:attachment":[{"href":"http:\/\/www.moda.es\/blog\/wp-json\/wp\/v2\/media?parent=13355"}],"wp:term":[{"taxonomy":"category","embeddable":true,"href":"http:\/\/www.moda.es\/blog\/wp-json\/wp\/v2\/categories?post=13355"},{"taxonomy":"post_tag","embeddable":true,"href":"http:\/\/www.moda.es\/blog\/wp-json\/wp\/v2\/tags?post=13355"}],"curies":[{"name":"wp","href":"https:\/\/api.w.org\/{rel}","templated":true}]}}