{"id":13285,"date":"2013-07-10T23:16:51","date_gmt":"2013-07-10T22:16:51","guid":{"rendered":"http:\/\/www.moda.es\/blog\/?p=13285"},"modified":"2020-04-27T18:04:37","modified_gmt":"2020-04-27T17:04:37","slug":"lwren-scott-se-une-a-banana-republic","status":"publish","type":"post","link":"http:\/\/www.moda.es\/blog\/lwren-scott-se-une-a-banana-republic\/","title":{"rendered":"L&#8217;Wren Scott se une a Banana Republic"},"content":{"rendered":"<p><a href=\"https:\/\/i0.wp.com\/www.moda.es\/blog\/wp-content\/uploads\/2013\/07\/LWren-Scott.jpg\"><img loading=\"lazy\" class=\"aligncenter size-full wp-image-13286\" alt=\"LWren Scott\" src=\"https:\/\/i0.wp.com\/www.moda.es\/blog\/wp-content\/uploads\/2013\/07\/LWren-Scott.jpg?resize=400%2C600\" width=\"400\" height=\"600\" data-recalc-dims=\"1\" \/><\/a><\/p>\n<p>Es conocida por sus vestidos de corte de Alta Costura y precios disparatados, y este proyecto\u00a0 ha supuesto todo un <strong>reto<\/strong> que ha afrontado con ganas e ilusi\u00f3n. Tras recibir m\u00faltiples propuestas de diferentes marcas pero finalmente ha sido<strong> Banana Republic<\/strong> quien se ha llevado el \u00abs\u00ed, quiero\u00bb. La dise\u00f1adora colabora la pr\u00f3xima temporada con la marca con una colecci\u00f3n de 50 prendas que querr\u00e1s a\u00f1adir a tu lista de deseos porque estar\u00e1n disponibles para Navidad.<\/p>\n<p>\u00abUna asociaci\u00f3n de esta escala fue una <strong>novedad<\/strong> para m\u00ed, y yo estaba muy emocionada por encontrar un verdadero socio en Simon (Kneen, director creativo de Banana Republic y vicepresidente ejecutivo de dise\u00f1o)\u00bb, dice L&#8217;Wren, quien lanz\u00f3 su marca ep\u00f3nima en el a\u00f1o <strong>2006.<\/strong><\/p>\n<p>\u00abA trav\u00e9s de esta colecci\u00f3n, hemos sido capaces de llevar nuestra visi\u00f3n de la vida y el resultado final es una colecci\u00f3n c\u00e1psula que los dos estamos muy orgullosos de llamar nuestra. Combina maravillosamente moda ultra-femenina con la funcionalidad y traer\u00e1 una<strong> confianza sexy<\/strong> a nuestros consumidores\u00bb, asegura Kneen.<\/p>\n<p>La colecci\u00f3n est\u00e1 compuesta por vestidos de fiesta y chaquetas de punto adornados con gemas, as\u00ed como vestidos de encaje y faldas l\u00e1piz, mantas de cachemir de rayas, boinas a rayas y <em>totes<\/em> y estar\u00e1 disponible en las tiendas de Banan Republic a partir del <strong>5 de diciembre<\/strong> con precios desde<strong> 30 euros<\/strong>.<\/p>\n<p>&nbsp;<\/p>\n<p>\u00a9Fashion Telegraph                             <\/p>\n","protected":false},"excerpt":{"rendered":"<p>Es conocida por sus vestidos de corte de Alta Costura y precios disparatados, y este proyecto\u00a0 ha supuesto todo un reto que ha afrontado con ganas e ilusi\u00f3n. Tras recibir m\u00faltiples propuestas de diferentes marcas pero finalmente ha sido Banana Republic quien se ha llevado el \u00abs\u00ed, quiero\u00bb. La dise\u00f1adora [&hellip;]<\/p>\n","protected":false},"author":3,"featured_media":17060,"comment_status":"open","ping_status":"open","sticky":false,"template":"","format":"standard","meta":{"jetpack_publicize_message":"","jetpack_is_tweetstorm":false,"jetpack_publicize_feature_enabled":true},"categories":[10,12,14],"tags":[111,495],"jetpack_publicize_connections":[],"jetpack_featured_media_url":"https:\/\/i0.wp.com\/www.moda.es\/blog\/wp-content\/uploads\/2013\/07\/LWren-Scott.jpg?fit=400%2C600","jetpack_sharing_enabled":true,"jetpack_shortlink":"https:\/\/wp.me\/p4tJCC-3sh","jetpack-related-posts":[{"id":16163,"url":"http:\/\/www.moda.es\/blog\/hasta-siempre-senora-scott\/","url_meta":{"origin":13285,"position":0},"title":"Hasta siempre se\u00f1ora Scott","date":"marzo 17, 2014","format":false,"excerpt":"Como siempre, los grandes se van demasiado pronto y hoy la moda cierra el d\u00eda con una partida que se adelanta en exceso. La creadora L'Wren Scott ha decidido hoy acabar con su vida y la moda se siente un poquito m\u00e1s hu\u00e9rfana. La alt\u00edsima\u00a0 dise\u00f1adora fue una ni\u00f1a\u00a0 feliz\u2026","rel":"","context":"En \u00abActualidad\u00bb","img":{"alt_text":"","src":"https:\/\/i0.wp.com\/www.moda.es\/blog\/wp-content\/uploads\/2014\/03\/lwren-scott1.jpg?fit=500%2C818&resize=350%2C200","width":350,"height":200},"classes":[]},{"id":17333,"url":"http:\/\/www.moda.es\/blog\/lwren-scott-el-nuevo-premio-de-la-moda\/","url_meta":{"origin":13285,"position":1},"title":"L&#8217;Wren Scott, el nuevo premio de la moda","date":"marzo 29, 2014","format":false,"excerpt":"Porque siempre hay que sacar algo bueno de los acontecimientos negativos, se ha creado un nuevo premio de moda con el nombre de L' Wren Scott para celebrar los nuevos talentos del sector. Despu\u00e9s de la muerte de Scott el pasado 17 de marzo, la familia de la creadora pidi\u00f3\u2026","rel":"","context":"En \u00abActualidad\u00bb","img":{"alt_text":"","src":"https:\/\/i0.wp.com\/www.moda.es\/blog\/wp-content\/uploads\/2014\/03\/lwren.jpg?fit=650%2C971&resize=350%2C200","width":350,"height":200},"classes":[]},{"id":18789,"url":"http:\/\/www.moda.es\/blog\/mick-jagger-dona-becas-lwren-scott-a-la-central-saint-martins\/","url_meta":{"origin":13285,"position":2},"title":"Mick Jagger dona becas L&#8217;Wren Scott a la Central Saint Martins","date":"enero 17, 2015","format":false,"excerpt":"Sir Mick Jagger ha donado un programa de becas de tres a\u00f1os para los estudiantes de moda de la Central Saint Martins de Londres, en memoria de su fallecida amiga L'Wren Scott. El programa de becas se llevar\u00e1 a cabo durante tres a\u00f1os, y cubrir\u00e1 los gastos de un estudiante\u00a0\u2026","rel":"","context":"En \u00abActualidad\u00bb","img":{"alt_text":"","src":"https:\/\/i0.wp.com\/www.moda.es\/blog\/wp-content\/uploads\/2015\/01\/mjlws.jpg?fit=650%2C395&resize=350%2C200","width":350,"height":200},"classes":[]},{"id":17532,"url":"http:\/\/www.moda.es\/blog\/roland-moret-para-banana-republic\/","url_meta":{"origin":13285,"position":3},"title":"Roland Moret para Banana Republic","date":"abril 22, 2014","format":false,"excerpt":"No paramos de recibir anuncions de colaboraciones entre marcas y el de hoy viene pisando fuerte. El dise\u00f1ador de la alfombra roja, Roland Mouret, es el nuevo fichaje de Banana Republic para crear una colecci\u00f3n de edici\u00f3n limitada. La colecci\u00f3n se compondr\u00e1 de 30 piezas entre las que habr\u00e1 vestidos,\u2026","rel":"","context":"En \u00abColecciones\u00bb","img":{"alt_text":"","src":"https:\/\/i0.wp.com\/www.moda.es\/blog\/wp-content\/uploads\/2014\/04\/Roland-Moret-1.jpg?fit=650%2C975&resize=350%2C200","width":350,"height":200},"classes":[]},{"id":22430,"url":"http:\/\/www.moda.es\/blog\/olivia-palermo-banana-republic-y-el-fondo-de-armario-perfecto\/","url_meta":{"origin":13285,"position":4},"title":"Olivia Palermo, Banana Republic y el fondo de armario perfecto","date":"agosto 13, 2017","format":false,"excerpt":"\"La moda es para todos\", dice Olivia Palermo, y si hay alguien que sabe de moda es ella. Desde el oto\u00f1o pasado, ha sido embajadora de estilo para Banana Republic desde el oto\u00f1o pasado. Eso signific\u00f3 curar una secci\u00f3n del sitio web de la marca con una edici\u00f3n mensual de\u2026","rel":"","context":"En \u00abActualidad\u00bb","img":{"alt_text":"","src":"https:\/\/i0.wp.com\/www.moda.es\/blog\/wp-content\/uploads\/2017\/08\/Captura-de-pantalla-2017-08-13-a-las-22.00.17.png?fit=555%2C368&resize=350%2C200","width":350,"height":200},"classes":[]},{"id":18085,"url":"http:\/\/www.moda.es\/blog\/descubre-la-coleccion-de-roland-mouret-para-banana-republic\/","url_meta":{"origin":13285,"position":5},"title":"Descubre la colecci\u00f3n de Roland Mouret para Banana Republic","date":"agosto 18, 2014","format":false,"excerpt":"Banana Republic ya ha presentado la colecci\u00f3n c\u00e1psula que ha creado Roland Mouret para la casa, y el resultado no puede ser m\u00e1 sexy. Y es que Mouret parece querer llevar el car\u00e1cter de femme fatale de su costura a explorar nuevos lugares. \"La asociaci\u00f3n con Banana Republic en este\u2026","rel":"","context":"En \u00abActualidad\u00bb","img":{"alt_text":"","src":"https:\/\/i0.wp.com\/www.moda.es\/blog\/wp-content\/uploads\/2014\/08\/Roland-Mouret-Banana-Republic-600x358.jpg?fit=650%2C388&resize=350%2C200","width":350,"height":200},"classes":[]}],"_links":{"self":[{"href":"http:\/\/www.moda.es\/blog\/wp-json\/wp\/v2\/posts\/13285"}],"collection":[{"href":"http:\/\/www.moda.es\/blog\/wp-json\/wp\/v2\/posts"}],"about":[{"href":"http:\/\/www.moda.es\/blog\/wp-json\/wp\/v2\/types\/post"}],"author":[{"embeddable":true,"href":"http:\/\/www.moda.es\/blog\/wp-json\/wp\/v2\/users\/3"}],"replies":[{"embeddable":true,"href":"http:\/\/www.moda.es\/blog\/wp-json\/wp\/v2\/comments?post=13285"}],"version-history":[{"count":5,"href":"http:\/\/www.moda.es\/blog\/wp-json\/wp\/v2\/posts\/13285\/revisions"}],"predecessor-version":[{"id":36580,"href":"http:\/\/www.moda.es\/blog\/wp-json\/wp\/v2\/posts\/13285\/revisions\/36580"}],"wp:featuredmedia":[{"embeddable":true,"href":"http:\/\/www.moda.es\/blog\/wp-json\/wp\/v2\/media\/17060"}],"wp:attachment":[{"href":"http:\/\/www.moda.es\/blog\/wp-json\/wp\/v2\/media?parent=13285"}],"wp:term":[{"taxonomy":"category","embeddable":true,"href":"http:\/\/www.moda.es\/blog\/wp-json\/wp\/v2\/categories?post=13285"},{"taxonomy":"post_tag","embeddable":true,"href":"http:\/\/www.moda.es\/blog\/wp-json\/wp\/v2\/tags?post=13285"}],"curies":[{"name":"wp","href":"https:\/\/api.w.org\/{rel}","templated":true}]}}