{"id":13124,"date":"2013-06-24T22:30:45","date_gmt":"2013-06-24T21:30:45","guid":{"rendered":"http:\/\/www.moda.es\/blog\/?p=13124"},"modified":"2020-04-27T18:06:21","modified_gmt":"2020-04-27T17:06:21","slug":"girls-just-wanna-have-fun","status":"publish","type":"post","link":"http:\/\/www.moda.es\/blog\/girls-just-wanna-have-fun\/","title":{"rendered":"Girls just wanna have fun!"},"content":{"rendered":"<p><a href=\"https:\/\/i0.wp.com\/www.moda.es\/blog\/wp-content\/uploads\/2013\/06\/Asos-1.jpg\"><img data-attachment-id=\"13125\" data-permalink=\"http:\/\/www.moda.es\/blog\/girls-just-wanna-have-fun\/asos-1\/\" data-orig-file=\"https:\/\/i0.wp.com\/www.moda.es\/blog\/wp-content\/uploads\/2013\/06\/Asos-1.jpg?fit=400%2C600\" data-orig-size=\"400,600\" data-comments-opened=\"1\" data-image-meta=\"{&quot;aperture&quot;:&quot;0&quot;,&quot;credit&quot;:&quot;&quot;,&quot;camera&quot;:&quot;&quot;,&quot;caption&quot;:&quot;&quot;,&quot;created_timestamp&quot;:&quot;0&quot;,&quot;copyright&quot;:&quot;&quot;,&quot;focal_length&quot;:&quot;0&quot;,&quot;iso&quot;:&quot;0&quot;,&quot;shutter_speed&quot;:&quot;0&quot;,&quot;title&quot;:&quot;&quot;}\" data-image-title=\"Asos 1\" data-image-description=\"\" data-image-caption=\"\" data-medium-file=\"https:\/\/i0.wp.com\/www.moda.es\/blog\/wp-content\/uploads\/2013\/06\/Asos-1.jpg?fit=200%2C300\" data-large-file=\"https:\/\/i0.wp.com\/www.moda.es\/blog\/wp-content\/uploads\/2013\/06\/Asos-1.jpg?fit=400%2C600\" loading=\"lazy\" class=\"aligncenter size-full wp-image-13125\" alt=\"Asos 1\" src=\"https:\/\/i0.wp.com\/www.moda.es\/blog\/wp-content\/uploads\/2013\/06\/Asos-1.jpg?resize=400%2C600\" width=\"400\" height=\"600\" srcset=\"https:\/\/i0.wp.com\/www.moda.es\/blog\/wp-content\/uploads\/2013\/06\/Asos-1.jpg?w=400 400w, https:\/\/i0.wp.com\/www.moda.es\/blog\/wp-content\/uploads\/2013\/06\/Asos-1.jpg?resize=200%2C300 200w\" sizes=\"(max-width: 400px) 100vw, 400px\" data-recalc-dims=\"1\" \/><\/a><\/p>\n<p>Todas las ni\u00f1as (o al menos una amplia mayor\u00eda) tienen en su mente 3 normas de estilo: quiero ser como <strong>Barbie,<\/strong> quiero ser una <strong>princesa,<\/strong> todo debe ser de cualquier color siempre que sea <strong>rosa. <\/strong>Luego pasan los a\u00f1os, llega la madurez, y el estilo cambia&#8230; o no. \u00bfQui\u00e9n no ha jugado a combinar toques naif en su look? \u00bfY alguien ha podido olvidar el vestido tut\u00fa blanco de <strong>Carrie<\/strong> en <strong>Sexo en Nueva York<\/strong>?<\/p>\n<p>La dise\u00f1adora <strong>Molly Goddard<\/strong>, licenciada por la <strong>Saint Martins<\/strong> en dise\u00f1o de moda con todos los honores por su colecci\u00f3n inspirada en las<strong> Spice Girls<\/strong> y en <strong>Barbie,<\/strong> ha creado una <strong>colecci\u00f3n c\u00e1psula<\/strong> de vestidos en colaboraci\u00f3n con <strong>Asos.<\/strong><\/p>\n<p><a href=\"https:\/\/i0.wp.com\/www.moda.es\/blog\/wp-content\/uploads\/2013\/06\/Asos-2.jpg\"><img data-attachment-id=\"13126\" data-permalink=\"http:\/\/www.moda.es\/blog\/girls-just-wanna-have-fun\/asos-2\/\" data-orig-file=\"https:\/\/i0.wp.com\/www.moda.es\/blog\/wp-content\/uploads\/2013\/06\/Asos-2.jpg?fit=400%2C600\" data-orig-size=\"400,600\" data-comments-opened=\"1\" data-image-meta=\"{&quot;aperture&quot;:&quot;0&quot;,&quot;credit&quot;:&quot;&quot;,&quot;camera&quot;:&quot;&quot;,&quot;caption&quot;:&quot;&quot;,&quot;created_timestamp&quot;:&quot;0&quot;,&quot;copyright&quot;:&quot;&quot;,&quot;focal_length&quot;:&quot;0&quot;,&quot;iso&quot;:&quot;0&quot;,&quot;shutter_speed&quot;:&quot;0&quot;,&quot;title&quot;:&quot;&quot;}\" data-image-title=\"Asos 2\" data-image-description=\"\" data-image-caption=\"\" data-medium-file=\"https:\/\/i0.wp.com\/www.moda.es\/blog\/wp-content\/uploads\/2013\/06\/Asos-2.jpg?fit=200%2C300\" data-large-file=\"https:\/\/i0.wp.com\/www.moda.es\/blog\/wp-content\/uploads\/2013\/06\/Asos-2.jpg?fit=400%2C600\" loading=\"lazy\" class=\"aligncenter size-full wp-image-13126\" alt=\"Asos 2\" src=\"https:\/\/i0.wp.com\/www.moda.es\/blog\/wp-content\/uploads\/2013\/06\/Asos-2.jpg?resize=400%2C600\" width=\"400\" height=\"600\" srcset=\"https:\/\/i0.wp.com\/www.moda.es\/blog\/wp-content\/uploads\/2013\/06\/Asos-2.jpg?w=400 400w, https:\/\/i0.wp.com\/www.moda.es\/blog\/wp-content\/uploads\/2013\/06\/Asos-2.jpg?resize=200%2C300 200w\" sizes=\"(max-width: 400px) 100vw, 400px\" data-recalc-dims=\"1\" \/><\/a><\/p>\n<p>\u00abLa idea de ver a la gente por la calle con mis vestidos es una perspectiva muy emocionante. Trabajar con Asos ha sido una experiencia de <strong>aprendizaje<\/strong> incre\u00edble, ya que es una gran marca que apoya proyectos innovadores y produce moda actual. Como nueva dise\u00f1adora, es incre\u00edble que Asos me haya apoyado y haya puesto mis dise\u00f1os a un nivel que nunca imagin\u00e9 \u00ab.<\/p>\n<p>Goddard realiz\u00f3 pr\u00e1cticas en<strong> John Galliano<\/strong> y <strong>Meadham Kirchhoff<\/strong> mientras estudiaba, tal vez explique su caprichoso e intr\u00e9pido de cuento de hadas.<\/p>\n<p>Las luminosas formas de\u00a0 tul cuadradas que se vieron en su colecci\u00f3n de fin de curso aparecen una vez m\u00e1s en su gama para Asos, aunque esta vez creada con una mirada\u00a0 m\u00e1s accesible en mente.<\/p>\n<p><a href=\"https:\/\/i0.wp.com\/www.moda.es\/blog\/wp-content\/uploads\/2013\/06\/Asos-3.jpg\"><img data-attachment-id=\"13127\" data-permalink=\"http:\/\/www.moda.es\/blog\/girls-just-wanna-have-fun\/asos-3\/\" data-orig-file=\"https:\/\/i0.wp.com\/www.moda.es\/blog\/wp-content\/uploads\/2013\/06\/Asos-3.jpg?fit=400%2C600\" data-orig-size=\"400,600\" data-comments-opened=\"1\" data-image-meta=\"{&quot;aperture&quot;:&quot;0&quot;,&quot;credit&quot;:&quot;&quot;,&quot;camera&quot;:&quot;&quot;,&quot;caption&quot;:&quot;&quot;,&quot;created_timestamp&quot;:&quot;0&quot;,&quot;copyright&quot;:&quot;&quot;,&quot;focal_length&quot;:&quot;0&quot;,&quot;iso&quot;:&quot;0&quot;,&quot;shutter_speed&quot;:&quot;0&quot;,&quot;title&quot;:&quot;&quot;}\" data-image-title=\"Asos 3\" data-image-description=\"\" data-image-caption=\"\" data-medium-file=\"https:\/\/i0.wp.com\/www.moda.es\/blog\/wp-content\/uploads\/2013\/06\/Asos-3.jpg?fit=200%2C300\" data-large-file=\"https:\/\/i0.wp.com\/www.moda.es\/blog\/wp-content\/uploads\/2013\/06\/Asos-3.jpg?fit=400%2C600\" loading=\"lazy\" class=\"aligncenter size-full wp-image-13127\" alt=\"Asos 3\" src=\"https:\/\/i0.wp.com\/www.moda.es\/blog\/wp-content\/uploads\/2013\/06\/Asos-3.jpg?resize=400%2C600\" width=\"400\" height=\"600\" srcset=\"https:\/\/i0.wp.com\/www.moda.es\/blog\/wp-content\/uploads\/2013\/06\/Asos-3.jpg?w=400 400w, https:\/\/i0.wp.com\/www.moda.es\/blog\/wp-content\/uploads\/2013\/06\/Asos-3.jpg?resize=200%2C300 200w\" sizes=\"(max-width: 400px) 100vw, 400px\" data-recalc-dims=\"1\" \/><\/a><\/p>\n<p>Siluetas sencillas cubiertas de tul en tonos brillantes que envuelven la silueta.<\/p>\n<p>\u00bfTe atreves a volver a vestirte como cuando eras ni\u00f1a?<\/p>\n<p>\u00a9Vogue UK<\/p>\n<p>&nbsp;                             <\/p>\n","protected":false},"excerpt":{"rendered":"<p>Todas las ni\u00f1as (o al menos una amplia mayor\u00eda) tienen en su mente 3 normas de estilo: quiero ser como Barbie, quiero ser una princesa, todo debe ser de cualquier color siempre que sea rosa. Luego pasan los a\u00f1os, llega la madurez, y el estilo cambia&#8230; o no. \u00bfQui\u00e9n no [&hellip;]<\/p>\n","protected":false},"author":3,"featured_media":17053,"comment_status":"open","ping_status":"open","sticky":false,"template":"","format":"standard","meta":{"jetpack_publicize_message":"","jetpack_is_tweetstorm":false,"jetpack_publicize_feature_enabled":true},"categories":[10,12,14],"tags":[443,599],"jetpack_publicize_connections":[],"jetpack_featured_media_url":"https:\/\/i0.wp.com\/www.moda.es\/blog\/wp-content\/uploads\/2013\/06\/Asos-11.jpg?fit=400%2C600","jetpack_sharing_enabled":true,"jetpack_shortlink":"https:\/\/wp.me\/p4tJCC-3pG","jetpack-related-posts":[{"id":21054,"url":"http:\/\/www.moda.es\/blog\/charlotte-olympia-se-inspira-en-barbie\/","url_meta":{"origin":13124,"position":0},"title":"Charlotte Olympia se inspira en Barbie","date":"septiembre 7, 2016","format":false,"excerpt":"Charlotte Olympia Dellal ha decidido\u00a0canalizar a su ni\u00f1a interior para su \u00faltima colecci\u00f3n c\u00e1psula. La famosa dise\u00f1adora de calzado se ha asociado\u00a0con Barbie en una colecci\u00f3n c\u00e1psula de accesorios. Adem\u00e1s de una mu\u00f1eca Barbie dise\u00f1ada para parecerse a Dellal vestida con un look\u00a0basado en uno de Giambattista Valli\u00a0que ya luci\u00f3\u2026","rel":"","context":"En \u00abActualidad\u00bb","img":{"alt_text":"","src":"https:\/\/i0.wp.com\/www.moda.es\/blog\/wp-content\/uploads\/2016\/09\/Captura-de-pantalla-2016-09-08-a-las-0.08.00.png?fit=588%2C340&resize=350%2C200","width":350,"height":200},"classes":[]},{"id":19692,"url":"http:\/\/www.moda.es\/blog\/los-nuevos-zapatos-de-sophia-webster\/","url_meta":{"origin":13124,"position":1},"title":"Los nuevos zapatos de Sophia Webster","date":"agosto 20, 2015","format":false,"excerpt":"Sophia Webster ha anunciado su \u00faltima colaboraci\u00f3n y es nada menos que con nuestra mu\u00f1eca favorita: Barbie. La fusi\u00f3n de los ir\u00f3nicos detalles de los zapatos de Webster con todas las declinaciones del color rosa no puede ser mayor sin\u00f3nimo de la belleza rubia de pl\u00e1stico, y la colecci\u00f3n emana\u2026","rel":"","context":"En \u00abAccesorios\u00bb","img":{"alt_text":"","src":"https:\/\/i0.wp.com\/www.moda.es\/blog\/wp-content\/uploads\/2015\/08\/Captura-de-pantalla-2015-08-20-a-las-21.00.00.png?fit=491%2C447&resize=350%2C200","width":350,"height":200},"classes":[]},{"id":18843,"url":"http:\/\/www.moda.es\/blog\/el-debut-como-disenadora-de-candice-swanepoel\/","url_meta":{"origin":13124,"position":2},"title":"El debut como dise\u00f1adora de Candice Swanepoel","date":"enero 29, 2015","format":false,"excerpt":"La top model sudafricana ha dise\u00f1ado una colecci\u00f3n c\u00e1psula para la marca denim Mother con el fin de recaudar dinero para mothers2mothers. A sus 26 a\u00f1os de edad, la supermodelo ha dise\u00f1ado una colecci\u00f3n c\u00e1psula de siete piezas para la marca de vaqueros de alta gama y parte de los\u2026","rel":"","context":"En \u00abActualidad\u00bb","img":{"alt_text":"","src":"https:\/\/i0.wp.com\/www.moda.es\/blog\/wp-content\/uploads\/2015\/01\/csj3.jpg?fit=650%2C430&resize=350%2C200","width":350,"height":200},"classes":[]},{"id":20082,"url":"http:\/\/www.moda.es\/blog\/descubre-la-coleccion-de-gigi-hadid-para-tommy\/","url_meta":{"origin":13124,"position":3},"title":"Descubre la colecci\u00f3n de Gigi Hadid para Tommy","date":"diciembre 17, 2015","format":false,"excerpt":"No contenta con la conquista de la pasarela, Gigi Hadid ha querido trasladar\u00a0su talento tambi\u00e9n al dise\u00f1o de moda, colaborando en una colecci\u00f3n c\u00e1psula con Tommy Hilfiger. \"Nunca pens\u00e9 que iba a ser llamada para\u00a0dise\u00f1ar una colecci\u00f3n c\u00e1psula, todav\u00eda es como un sue\u00f1o que Tommy se acercara a m\u00ed para\u2026","rel":"","context":"En \u00abActualidad\u00bb","img":{"alt_text":"","src":"https:\/\/i0.wp.com\/www.moda.es\/blog\/wp-content\/uploads\/2015\/12\/Captura-de-pantalla-2015-12-17-a-las-23.06.49.png?fit=290%2C438&resize=350%2C200","width":350,"height":200},"classes":[]},{"id":18220,"url":"http:\/\/www.moda.es\/blog\/descubre-la-coleccion-de-rita-ora-para-adidas\/","url_meta":{"origin":13124,"position":4},"title":"Descubre la colecci\u00f3n de Rita Ora para Adidas","date":"septiembre 4, 2014","format":false,"excerpt":"En la que parece la semana oficial de las colaboraciones, tambi\u00e9n hemos tenido la oportunidad de descubrir la colecci\u00f3n de Rita Ora para Adidas Originals de esta temporada. Recibir aplausos es algo habitual para ella pero cuando se ha tratado de tomar el papel de dise\u00f1adora para su colecci\u00f3n para\u2026","rel":"","context":"En \u00abActualidad\u00bb","img":{"alt_text":"","src":"https:\/\/i0.wp.com\/www.moda.es\/blog\/wp-content\/uploads\/2014\/09\/roa8.jpg?fit=650%2C975&resize=350%2C200","width":350,"height":200},"classes":[]},{"id":18699,"url":"http:\/\/www.moda.es\/blog\/2014-un-ano-lleno-de-moda-ii\/","url_meta":{"origin":13124,"position":5},"title":"2014, un a\u00f1o lleno de moda (II)","date":"diciembre 29, 2014","format":false,"excerpt":"Seguimos echando la mirada atr\u00e1s y repasando los hitos fashion de 2014 \u00a1parece mentira la de cosas que pueden revolver la industria en s\u00f3lo un a\u00f1o! La moda dio el s\u00ed quiero. Y es que fueron muchos los nombres relacionados con la moda que pasaron por el altar en este\u2026","rel":"","context":"En \u00abActualidad\u00bb","img":{"alt_text":"","src":"https:\/\/i0.wp.com\/www.moda.es\/blog\/wp-content\/uploads\/2014\/12\/20146.jpg?fit=650%2C550&resize=350%2C200","width":350,"height":200},"classes":[]}],"_links":{"self":[{"href":"http:\/\/www.moda.es\/blog\/wp-json\/wp\/v2\/posts\/13124"}],"collection":[{"href":"http:\/\/www.moda.es\/blog\/wp-json\/wp\/v2\/posts"}],"about":[{"href":"http:\/\/www.moda.es\/blog\/wp-json\/wp\/v2\/types\/post"}],"author":[{"embeddable":true,"href":"http:\/\/www.moda.es\/blog\/wp-json\/wp\/v2\/users\/3"}],"replies":[{"embeddable":true,"href":"http:\/\/www.moda.es\/blog\/wp-json\/wp\/v2\/comments?post=13124"}],"version-history":[{"count":5,"href":"http:\/\/www.moda.es\/blog\/wp-json\/wp\/v2\/posts\/13124\/revisions"}],"predecessor-version":[{"id":36591,"href":"http:\/\/www.moda.es\/blog\/wp-json\/wp\/v2\/posts\/13124\/revisions\/36591"}],"wp:featuredmedia":[{"embeddable":true,"href":"http:\/\/www.moda.es\/blog\/wp-json\/wp\/v2\/media\/17053"}],"wp:attachment":[{"href":"http:\/\/www.moda.es\/blog\/wp-json\/wp\/v2\/media?parent=13124"}],"wp:term":[{"taxonomy":"category","embeddable":true,"href":"http:\/\/www.moda.es\/blog\/wp-json\/wp\/v2\/categories?post=13124"},{"taxonomy":"post_tag","embeddable":true,"href":"http:\/\/www.moda.es\/blog\/wp-json\/wp\/v2\/tags?post=13124"}],"curies":[{"name":"wp","href":"https:\/\/api.w.org\/{rel}","templated":true}]}}