{"id":13097,"date":"2013-06-21T21:20:52","date_gmt":"2013-06-21T20:20:52","guid":{"rendered":"http:\/\/www.moda.es\/blog\/?p=13097"},"modified":"2020-04-27T18:06:40","modified_gmt":"2020-04-27T17:06:40","slug":"hm-espana","status":"publish","type":"post","link":"http:\/\/www.moda.es\/blog\/hm-espana\/","title":{"rendered":"H&amp;M apuesta por el mercado espa\u00f1ol"},"content":{"rendered":"<p><a href=\"https:\/\/i0.wp.com\/www.moda.es\/blog\/wp-content\/uploads\/2013\/06\/hm-home.jpg\"><img data-attachment-id=\"13098\" data-permalink=\"http:\/\/www.moda.es\/blog\/hm-espana\/hm-home\/\" data-orig-file=\"https:\/\/i0.wp.com\/www.moda.es\/blog\/wp-content\/uploads\/2013\/06\/hm-home.jpg?fit=400%2C528\" data-orig-size=\"400,528\" data-comments-opened=\"1\" data-image-meta=\"{&quot;aperture&quot;:&quot;0&quot;,&quot;credit&quot;:&quot;&quot;,&quot;camera&quot;:&quot;&quot;,&quot;caption&quot;:&quot;&quot;,&quot;created_timestamp&quot;:&quot;0&quot;,&quot;copyright&quot;:&quot;&quot;,&quot;focal_length&quot;:&quot;0&quot;,&quot;iso&quot;:&quot;0&quot;,&quot;shutter_speed&quot;:&quot;0&quot;,&quot;title&quot;:&quot;&quot;}\" data-image-title=\"hm home\" data-image-description=\"\" data-image-caption=\"\" data-medium-file=\"https:\/\/i0.wp.com\/www.moda.es\/blog\/wp-content\/uploads\/2013\/06\/hm-home.jpg?fit=227%2C300\" data-large-file=\"https:\/\/i0.wp.com\/www.moda.es\/blog\/wp-content\/uploads\/2013\/06\/hm-home.jpg?fit=400%2C528\" loading=\"lazy\" class=\"aligncenter size-full wp-image-13098\" alt=\"hm home\" src=\"https:\/\/i0.wp.com\/www.moda.es\/blog\/wp-content\/uploads\/2013\/06\/hm-home.jpg?resize=400%2C528\" width=\"400\" height=\"528\" srcset=\"https:\/\/i0.wp.com\/www.moda.es\/blog\/wp-content\/uploads\/2013\/06\/hm-home.jpg?w=400 400w, https:\/\/i0.wp.com\/www.moda.es\/blog\/wp-content\/uploads\/2013\/06\/hm-home.jpg?resize=227%2C300 227w\" sizes=\"(max-width: 400px) 100vw, 400px\" data-recalc-dims=\"1\" \/><\/a><\/p>\n<p>\u00bfQui\u00e9n dijo crisis?<\/p>\n<p>Mucho se habla de la mala situaci\u00f3n en nuestro pa\u00eds y del descenso del consumo, pero lo cierto es que algunas empresas de moda siguen confiando en Espa\u00f1a para sus planes de expansi\u00f3n.<\/p>\n<p>Tiembla <strong>Amancio Ortega<\/strong>&#8230; porque el dise\u00f1o democr\u00e1tico sueco que tanto te pisa los talones en el sector <strong>moda mujer<\/strong>, ahora viene a nuestro pa\u00eds para hacerse un hueco\u00a0 en la decoraci\u00f3n de nuestros hogares.<\/p>\n<p>A las<strong> 150 tiendas<\/strong> que tiene H&amp;M en nuestro pa\u00eds dedicadas a la moda y los accesorios para hombre, mujer y ni\u00f1os les sale una nueva hermana.<strong> H&amp;M Home<\/strong> planea aterrizar en Espa\u00f1a con nuevas ideas a precio asequible para que. como <strong>Dorothy<\/strong> en<em> El Mago de Oz<\/em>, te convenzas de que como en casa no se est\u00e1 en ning\u00fan sitio.<\/p>\n<p><a href=\"https:\/\/i0.wp.com\/www.moda.es\/blog\/wp-content\/uploads\/2013\/06\/h-m-home.jpg\"><img data-attachment-id=\"13099\" data-permalink=\"http:\/\/www.moda.es\/blog\/hm-espana\/h-m-home\/\" data-orig-file=\"https:\/\/i0.wp.com\/www.moda.es\/blog\/wp-content\/uploads\/2013\/06\/h-m-home.jpg?fit=400%2C528\" data-orig-size=\"400,528\" data-comments-opened=\"1\" data-image-meta=\"{&quot;aperture&quot;:&quot;0&quot;,&quot;credit&quot;:&quot;&quot;,&quot;camera&quot;:&quot;&quot;,&quot;caption&quot;:&quot;&quot;,&quot;created_timestamp&quot;:&quot;0&quot;,&quot;copyright&quot;:&quot;&quot;,&quot;focal_length&quot;:&quot;0&quot;,&quot;iso&quot;:&quot;0&quot;,&quot;shutter_speed&quot;:&quot;0&quot;,&quot;title&quot;:&quot;&quot;}\" data-image-title=\"h-m-home\" data-image-description=\"\" data-image-caption=\"\" data-medium-file=\"https:\/\/i0.wp.com\/www.moda.es\/blog\/wp-content\/uploads\/2013\/06\/h-m-home.jpg?fit=227%2C300\" data-large-file=\"https:\/\/i0.wp.com\/www.moda.es\/blog\/wp-content\/uploads\/2013\/06\/h-m-home.jpg?fit=400%2C528\" loading=\"lazy\" class=\"aligncenter size-full wp-image-13099\" alt=\"h-m-home\" src=\"https:\/\/i0.wp.com\/www.moda.es\/blog\/wp-content\/uploads\/2013\/06\/h-m-home.jpg?resize=400%2C528\" width=\"400\" height=\"528\" srcset=\"https:\/\/i0.wp.com\/www.moda.es\/blog\/wp-content\/uploads\/2013\/06\/h-m-home.jpg?w=400 400w, https:\/\/i0.wp.com\/www.moda.es\/blog\/wp-content\/uploads\/2013\/06\/h-m-home.jpg?resize=227%2C300 227w\" sizes=\"(max-width: 400px) 100vw, 400px\" data-recalc-dims=\"1\" \/><\/a><\/p>\n<p>Cortinas, ropa de cama, l\u00e1mparas, art\u00edculos para la habitaci\u00f3n\u00a0 de los m\u00e1s peque\u00f1os, accesorios para la cocina y el ba\u00f1o, cajas, velas&#8230; Todos los detalles necesarios en diferentes estilos para satisfacer tanto a los <strong>rom\u00e1nticos<\/strong> y <strong>cl\u00e1sicos.<\/strong> como a la m\u00e1s <strong>modernos<\/strong> o los que buscan dar un toque <strong>divertido<\/strong> a sus espacios.<\/p>\n<p><a href=\"https:\/\/i0.wp.com\/www.moda.es\/blog\/wp-content\/uploads\/2013\/06\/values_photo.jpg\"><img data-attachment-id=\"13100\" data-permalink=\"http:\/\/www.moda.es\/blog\/hm-espana\/values_photo\/\" data-orig-file=\"https:\/\/i0.wp.com\/www.moda.es\/blog\/wp-content\/uploads\/2013\/06\/values_photo.jpg?fit=400%2C274\" data-orig-size=\"400,274\" data-comments-opened=\"1\" data-image-meta=\"{&quot;aperture&quot;:&quot;0&quot;,&quot;credit&quot;:&quot;&quot;,&quot;camera&quot;:&quot;&quot;,&quot;caption&quot;:&quot;&quot;,&quot;created_timestamp&quot;:&quot;0&quot;,&quot;copyright&quot;:&quot;&quot;,&quot;focal_length&quot;:&quot;0&quot;,&quot;iso&quot;:&quot;0&quot;,&quot;shutter_speed&quot;:&quot;0&quot;,&quot;title&quot;:&quot;&quot;}\" data-image-title=\"values_photo\" data-image-description=\"\" data-image-caption=\"\" data-medium-file=\"https:\/\/i0.wp.com\/www.moda.es\/blog\/wp-content\/uploads\/2013\/06\/values_photo.jpg?fit=300%2C205\" data-large-file=\"https:\/\/i0.wp.com\/www.moda.es\/blog\/wp-content\/uploads\/2013\/06\/values_photo.jpg?fit=400%2C274\" loading=\"lazy\" class=\"aligncenter size-full wp-image-13100\" alt=\"values_photo\" src=\"https:\/\/i0.wp.com\/www.moda.es\/blog\/wp-content\/uploads\/2013\/06\/values_photo.jpg?resize=400%2C274\" width=\"400\" height=\"274\" srcset=\"https:\/\/i0.wp.com\/www.moda.es\/blog\/wp-content\/uploads\/2013\/06\/values_photo.jpg?w=400 400w, https:\/\/i0.wp.com\/www.moda.es\/blog\/wp-content\/uploads\/2013\/06\/values_photo.jpg?resize=300%2C205 300w\" sizes=\"(max-width: 400px) 100vw, 400px\" data-recalc-dims=\"1\" \/><\/a><\/p>\n<p>Otra marca del grupo que viene para instalarse en tu ruta de compras es <strong>Monki. <\/strong>La marca m\u00e1s joven de H&amp;M est\u00e1 buscando local para mostrarnos sus ideas eco-friendly, su estilo que defiende la personalidad de la mujer y sus propuestas de moda a precios <strong>entre los 5 y los 50 euros<\/strong>. Merecer\u00e1 al menos una visita&#8230;<\/p>\n<p>&nbsp;<\/p>\n<p>\u00a9Elle \/ Modaes \/ Monki                             <\/p>\n","protected":false},"excerpt":{"rendered":"<p>\u00bfQui\u00e9n dijo crisis? Mucho se habla de la mala situaci\u00f3n en nuestro pa\u00eds y del descenso del consumo, pero lo cierto es que algunas empresas de moda siguen confiando en Espa\u00f1a para sus planes de expansi\u00f3n. Tiembla Amancio Ortega&#8230; porque el dise\u00f1o democr\u00e1tico sueco que tanto te pisa los talones [&hellip;]<\/p>\n","protected":false},"author":3,"featured_media":17045,"comment_status":"open","ping_status":"open","sticky":false,"template":"","format":"standard","meta":{"jetpack_publicize_message":"","jetpack_is_tweetstorm":false,"jetpack_publicize_feature_enabled":true},"categories":[3,14],"tags":[377,635],"jetpack_publicize_connections":[],"jetpack_featured_media_url":"https:\/\/i0.wp.com\/www.moda.es\/blog\/wp-content\/uploads\/2013\/06\/hm-home1.jpg?fit=400%2C528","jetpack_sharing_enabled":true,"jetpack_shortlink":"https:\/\/wp.me\/p4tJCC-3pf","jetpack-related-posts":[{"id":12238,"url":"http:\/\/www.moda.es\/blog\/nuevas-historias\/","url_meta":{"origin":13097,"position":0},"title":"Nuevas historias: bienvenido &amp; Other Stories","date":"abril 29, 2013","format":false,"excerpt":"Tras v\u00eddeos teaser, campa\u00f1as que crearon mucha expectaci\u00f3n y grandes fiestas de inauguraci\u00f3n en Copenhague, Mil\u00e1n, Par\u00eds, Berl\u00edn o Estocolmo, el \u00faltimo tesoro del Grupo H&M ya ha desembarcado en Espa\u00f1a. Barcelona fue testigo de la apertura de la primera tienda de & Other Stories en nuestro pa\u00eds. En el\u2026","rel":"","context":"En \u00abFirmas\u00bb","img":{"alt_text":"","src":"https:\/\/i0.wp.com\/www.moda.es\/blog\/wp-content\/uploads\/2013\/04\/Other-Stories-71.jpg?fit=500%2C333&resize=350%2C200","width":350,"height":200},"classes":[]},{"id":2665,"url":"http:\/\/www.moda.es\/blog\/monki-prima-de-hm\/","url_meta":{"origin":13097,"position":1},"title":"Monki, prima de H&#038;M","date":"julio 14, 2011","format":false,"excerpt":"Hoy me han descubierto: Monki. \u00bfLa conoc\u00edais? Lo que me han contado es que es un concepto de moda\u00a0de origen sueco\u00a0perteneciente al mismo grupo que H&M y que tiene 50 tiendas distribuidas entre ocho pa\u00edses. Con dos de estos datos: firma sueca y relacionada con H&M, saltaron las alarmas y\u2026","rel":"","context":"En \u00abFirmas\u00bb","img":{"alt_text":"","src":"https:\/\/i0.wp.com\/www.moda.es\/blog\/wp-content\/uploads\/2011\/07\/Become-A-Monki-Friend1.jpg?fit=423%2C586&resize=350%2C200","width":350,"height":200},"classes":[]},{"id":19748,"url":"http:\/\/www.moda.es\/blog\/hm-recicla-tu-ropa\/","url_meta":{"origin":13097,"position":2},"title":"H&amp;M recicla tu ropa","date":"agosto 28, 2015","format":false,"excerpt":"La marca sueca presenta Close the Loop, una campa\u00f1a con la que pretende \"cerrar el c\u00edrculo\" de la moda volvi\u00e9ndola sostenible y mucho m\u00e1s respetuosa con el medio ambiente. En febrero de 2013, H&M lanz\u00f3 una iniciativa global: todos los clientes que trajer en una bolsa llena de ropa que\u2026","rel":"","context":"En \u00abColecciones\u00bb","img":{"alt_text":"","src":"https:\/\/i0.wp.com\/www.moda.es\/blog\/wp-content\/uploads\/2015\/08\/Captura-de-pantalla-2015-08-28-a-las-23.40.59.png?fit=611%2C563&resize=350%2C200","width":350,"height":200},"classes":[]},{"id":19402,"url":"http:\/\/www.moda.es\/blog\/dios-existe\/","url_meta":{"origin":13097,"position":3},"title":"Dios existe&#8230;","date":"mayo 20, 2015","format":false,"excerpt":"...y nos ha concedido una nueva gran colaboraci\u00f3n en H&M. Olivier Rousteing ha confirmado que est\u00e1 dise\u00f1ando una colecci\u00f3n de Balmain para H&M y todas las fans de la marca est\u00e1n revolucionadas. Con la ayuda de dos de sus famosos amigas, Jourdan Dunn y Kendall Jenner, el dise\u00f1ador anunci\u00f3 la\u2026","rel":"","context":"En \u00abActualidad\u00bb","img":{"alt_text":"","src":"https:\/\/i0.wp.com\/www.moda.es\/blog\/wp-content\/uploads\/2015\/05\/hmb3.jpg?fit=650%2C975&resize=350%2C200","width":350,"height":200},"classes":[]},{"id":13270,"url":"http:\/\/www.moda.es\/blog\/contando-los-minutos-2\/","url_meta":{"origin":13097,"position":4},"title":"Contando los minutos&#8230;","date":"julio 9, 2013","format":false,"excerpt":"... as\u00ed es como estamos todas las fans... contando los minutos hasta que se lance la colecci\u00f3n de Isabel Marant para H&M. Y mientras nos preguntamos c\u00f3mo habr\u00e1 enfocado su estilo la dise\u00f1adora en su colaboraci\u00f3n con la marca sueca, ella misma se ha probado uno de los outfits que\u2026","rel":"","context":"En \u00abActualidad\u00bb","img":{"alt_text":"","src":"https:\/\/i0.wp.com\/www.moda.es\/blog\/wp-content\/uploads\/2013\/07\/isabel-marant-hm.jpg?fit=400%2C581&resize=350%2C200","width":350,"height":200},"classes":[]},{"id":21966,"url":"http:\/\/www.moda.es\/blog\/descubre-arket-la-nueva-marca-del-grupo-hm\/","url_meta":{"origin":13097,"position":5},"title":"Descubre Arket, la nueva marca del grupo H&amp;M","date":"marzo 31, 2017","format":false,"excerpt":"H&M ha tenido un gran \u00e9xito con todas las marcas que ha lanzado, COS, & Other Stories, Monki, Weekday y Cheap Monday, tienen fans en todo el mundo \u00a0as\u00ed que... \u00bfpor qu\u00e9 no ampliar la familia? El gigante sueco presenta Arket, una nueva marca\u00a0que se lanzar\u00e1 online\u00a0a principios de oto\u00f1o\u2026","rel":"","context":"En \u00abActualidad\u00bb","img":{"alt_text":"","src":"https:\/\/i0.wp.com\/www.moda.es\/blog\/wp-content\/uploads\/2017\/03\/Captura-de-pantalla-2017-03-31-a-las-20.27.35.png?fit=523%2C345&resize=350%2C200","width":350,"height":200},"classes":[]}],"_links":{"self":[{"href":"http:\/\/www.moda.es\/blog\/wp-json\/wp\/v2\/posts\/13097"}],"collection":[{"href":"http:\/\/www.moda.es\/blog\/wp-json\/wp\/v2\/posts"}],"about":[{"href":"http:\/\/www.moda.es\/blog\/wp-json\/wp\/v2\/types\/post"}],"author":[{"embeddable":true,"href":"http:\/\/www.moda.es\/blog\/wp-json\/wp\/v2\/users\/3"}],"replies":[{"embeddable":true,"href":"http:\/\/www.moda.es\/blog\/wp-json\/wp\/v2\/comments?post=13097"}],"version-history":[{"count":5,"href":"http:\/\/www.moda.es\/blog\/wp-json\/wp\/v2\/posts\/13097\/revisions"}],"predecessor-version":[{"id":36593,"href":"http:\/\/www.moda.es\/blog\/wp-json\/wp\/v2\/posts\/13097\/revisions\/36593"}],"wp:featuredmedia":[{"embeddable":true,"href":"http:\/\/www.moda.es\/blog\/wp-json\/wp\/v2\/media\/17045"}],"wp:attachment":[{"href":"http:\/\/www.moda.es\/blog\/wp-json\/wp\/v2\/media?parent=13097"}],"wp:term":[{"taxonomy":"category","embeddable":true,"href":"http:\/\/www.moda.es\/blog\/wp-json\/wp\/v2\/categories?post=13097"},{"taxonomy":"post_tag","embeddable":true,"href":"http:\/\/www.moda.es\/blog\/wp-json\/wp\/v2\/tags?post=13097"}],"curies":[{"name":"wp","href":"https:\/\/api.w.org\/{rel}","templated":true}]}}