{"id":12910,"date":"2013-06-03T23:09:34","date_gmt":"2013-06-03T22:09:34","guid":{"rendered":"http:\/\/www.moda.es\/blog\/?p=12910"},"modified":"2020-04-27T18:09:09","modified_gmt":"2020-04-27T17:09:09","slug":"converse-y-comme-des-garcons","status":"publish","type":"post","link":"http:\/\/www.moda.es\/blog\/converse-y-comme-des-garcons\/","title":{"rendered":"Converse y Comme des Gar\u00e7ons"},"content":{"rendered":"<p><a href=\"https:\/\/i0.wp.com\/www.moda.es\/blog\/wp-content\/uploads\/2013\/06\/Converse-1.jpg\"><img data-attachment-id=\"12911\" data-permalink=\"http:\/\/www.moda.es\/blog\/converse-y-comme-des-garcons\/converse-1\/\" data-orig-file=\"https:\/\/i0.wp.com\/www.moda.es\/blog\/wp-content\/uploads\/2013\/06\/Converse-1.jpg?fit=500%2C375\" data-orig-size=\"500,375\" data-comments-opened=\"1\" data-image-meta=\"{&quot;aperture&quot;:&quot;14&quot;,&quot;credit&quot;:&quot;Ruiz&quot;,&quot;camera&quot;:&quot;Hasselblad H3DII-39&quot;,&quot;caption&quot;:&quot;&quot;,&quot;created_timestamp&quot;:&quot;1357143417&quot;,&quot;copyright&quot;:&quot;&quot;,&quot;focal_length&quot;:&quot;90&quot;,&quot;iso&quot;:&quot;50&quot;,&quot;shutter_speed&quot;:&quot;0.008&quot;,&quot;title&quot;:&quot;&quot;}\" data-image-title=\"Converse 1\" data-image-description=\"\" data-image-caption=\"\" data-medium-file=\"https:\/\/i0.wp.com\/www.moda.es\/blog\/wp-content\/uploads\/2013\/06\/Converse-1.jpg?fit=300%2C225\" data-large-file=\"https:\/\/i0.wp.com\/www.moda.es\/blog\/wp-content\/uploads\/2013\/06\/Converse-1.jpg?fit=500%2C375\" loading=\"lazy\" class=\"aligncenter size-full wp-image-12911\" alt=\"Converse 1\" src=\"https:\/\/i0.wp.com\/www.moda.es\/blog\/wp-content\/uploads\/2013\/06\/Converse-1.jpg?resize=500%2C375\" width=\"500\" height=\"375\" srcset=\"https:\/\/i0.wp.com\/www.moda.es\/blog\/wp-content\/uploads\/2013\/06\/Converse-1.jpg?w=500 500w, https:\/\/i0.wp.com\/www.moda.es\/blog\/wp-content\/uploads\/2013\/06\/Converse-1.jpg?resize=300%2C225 300w\" sizes=\"(max-width: 500px) 100vw, 500px\" data-recalc-dims=\"1\" \/><\/a><\/p>\n<p>A algunos les parecen cursis y otros pueblan de ellos decorados y looks. A <strong>Comme des Gar\u00e7ons<\/strong> le gustan y a <strong>Converse<\/strong> tambi\u00e9n y por ello han poblado de ellos su \u00faltima colecci\u00f3n. Hablo de <strong>corazones<\/strong> y de la colaboraci\u00f3n entre una marca referente en el mundo de la moda y la firma l\u00edder de sneakers: <strong>cuatro nuevos dise\u00f1os<\/strong> para las ic\u00f3nicas <strong>Converse Pro Leather<\/strong>.<\/p>\n<p style=\"text-align: center\"><a href=\"https:\/\/i0.wp.com\/www.moda.es\/blog\/wp-content\/uploads\/2013\/06\/Converse-2.jpg\" target=\"_blank\"><img data-attachment-id=\"12912\" data-permalink=\"http:\/\/www.moda.es\/blog\/converse-y-comme-des-garcons\/converse-2\/\" data-orig-file=\"https:\/\/i0.wp.com\/www.moda.es\/blog\/wp-content\/uploads\/2013\/06\/Converse-2.jpg?fit=500%2C375\" data-orig-size=\"500,375\" data-comments-opened=\"1\" data-image-meta=\"{&quot;aperture&quot;:&quot;18&quot;,&quot;credit&quot;:&quot;Ruiz&quot;,&quot;camera&quot;:&quot;Hasselblad H3DII-39&quot;,&quot;caption&quot;:&quot;&quot;,&quot;created_timestamp&quot;:&quot;1357146276&quot;,&quot;copyright&quot;:&quot;&quot;,&quot;focal_length&quot;:&quot;70&quot;,&quot;iso&quot;:&quot;50&quot;,&quot;shutter_speed&quot;:&quot;0.008&quot;,&quot;title&quot;:&quot;&quot;}\" data-image-title=\"Converse 2\" data-image-description=\"\" data-image-caption=\"\" data-medium-file=\"https:\/\/i0.wp.com\/www.moda.es\/blog\/wp-content\/uploads\/2013\/06\/Converse-2.jpg?fit=300%2C225\" data-large-file=\"https:\/\/i0.wp.com\/www.moda.es\/blog\/wp-content\/uploads\/2013\/06\/Converse-2.jpg?fit=500%2C375\" loading=\"lazy\" class=\"aligncenter size-full wp-image-12912\" alt=\"Converse 2\" src=\"https:\/\/i0.wp.com\/www.moda.es\/blog\/wp-content\/uploads\/2013\/06\/Converse-2.jpg?resize=500%2C375\" width=\"500\" height=\"375\" srcset=\"https:\/\/i0.wp.com\/www.moda.es\/blog\/wp-content\/uploads\/2013\/06\/Converse-2.jpg?w=500 500w, https:\/\/i0.wp.com\/www.moda.es\/blog\/wp-content\/uploads\/2013\/06\/Converse-2.jpg?resize=300%2C225 300w\" sizes=\"(max-width: 500px) 100vw, 500px\" data-recalc-dims=\"1\" \/><\/a><\/p>\n<p>La l\u00ednea, llamada <strong>Comme des Gar\u00e7ons<\/strong> <strong>PLAY<\/strong>, juega con estas zapatillas concebidas en <strong>1976<\/strong> como calzado t\u00e9cnico de baloncesto.<\/p>\n<p><strong>Rei Kawabuko<\/strong>, dise\u00f1adora de\u00a0 la marca, ha utilizado\u00a0 para esta colecci\u00f3n\u00a0 el s\u00edmbolo <strong>PLAY<\/strong>, un\u00a0 exc\u00e9ntrico\u00a0 logo en forma de\u00a0 coraz\u00f3n con ojos, para dar vida a cuatro nuevas versiones de estas c\u00e9lebres sneakers que pasaron de ser unas zapatillas de basket\u00a0 a todo un estilo de vida. Para esta colecci\u00f3n, el nuevo estampado PLAY est\u00e1 situado de forma aleatoria sobre las zapatillas para que cada sneaker sea \u00fanica. Este divertido dibujo rinde homenaje al esp\u00edritu<strong> creativo e irreverente<\/strong> de ambas marcas.<\/p>\n<p><a href=\"https:\/\/i0.wp.com\/www.moda.es\/blog\/wp-content\/uploads\/2013\/06\/Converse-5.jpg\"><img data-attachment-id=\"12915\" data-permalink=\"http:\/\/www.moda.es\/blog\/converse-y-comme-des-garcons\/converse-5\/\" data-orig-file=\"https:\/\/i0.wp.com\/www.moda.es\/blog\/wp-content\/uploads\/2013\/06\/Converse-5.jpg?fit=500%2C375\" data-orig-size=\"500,375\" data-comments-opened=\"1\" data-image-meta=\"{&quot;aperture&quot;:&quot;14&quot;,&quot;credit&quot;:&quot;Ruiz&quot;,&quot;camera&quot;:&quot;Hasselblad H3DII-39&quot;,&quot;caption&quot;:&quot;&quot;,&quot;created_timestamp&quot;:&quot;1357143292&quot;,&quot;copyright&quot;:&quot;&quot;,&quot;focal_length&quot;:&quot;90&quot;,&quot;iso&quot;:&quot;50&quot;,&quot;shutter_speed&quot;:&quot;0.008&quot;,&quot;title&quot;:&quot;&quot;}\" data-image-title=\"Converse 5\" data-image-description=\"\" data-image-caption=\"\" data-medium-file=\"https:\/\/i0.wp.com\/www.moda.es\/blog\/wp-content\/uploads\/2013\/06\/Converse-5.jpg?fit=300%2C225\" data-large-file=\"https:\/\/i0.wp.com\/www.moda.es\/blog\/wp-content\/uploads\/2013\/06\/Converse-5.jpg?fit=500%2C375\" loading=\"lazy\" class=\"aligncenter size-full wp-image-12915\" alt=\"Converse 5\" src=\"https:\/\/i0.wp.com\/www.moda.es\/blog\/wp-content\/uploads\/2013\/06\/Converse-5.jpg?resize=500%2C375\" width=\"500\" height=\"375\" srcset=\"https:\/\/i0.wp.com\/www.moda.es\/blog\/wp-content\/uploads\/2013\/06\/Converse-5.jpg?w=500 500w, https:\/\/i0.wp.com\/www.moda.es\/blog\/wp-content\/uploads\/2013\/06\/Converse-5.jpg?resize=300%2C225 300w\" sizes=\"(max-width: 500px) 100vw, 500px\" data-recalc-dims=\"1\" \/><\/a><\/p>\n<p>\u00bfCu\u00e1les son tus preferidas? Podr\u00e1n ser tuyas por un precio <strong>entre 130 y 140 euros<\/strong> a trav\u00e9s de la web neoyorquina de <a href=\"http:\/\/shop.doverstreetmarket.com\/us\/\" target=\"_blank\">Dover Street Market<\/a> y en tiendas seleccionadas de Commes des Gar\u00e7ons.<\/p>\n<p><a href=\"https:\/\/i0.wp.com\/www.moda.es\/blog\/wp-content\/uploads\/2013\/06\/Converse-4.jpg\"><img data-attachment-id=\"12914\" data-permalink=\"http:\/\/www.moda.es\/blog\/converse-y-comme-des-garcons\/converse-4\/\" data-orig-file=\"https:\/\/i0.wp.com\/www.moda.es\/blog\/wp-content\/uploads\/2013\/06\/Converse-4.jpg?fit=500%2C375\" data-orig-size=\"500,375\" data-comments-opened=\"1\" data-image-meta=\"{&quot;aperture&quot;:&quot;14&quot;,&quot;credit&quot;:&quot;Ruiz&quot;,&quot;camera&quot;:&quot;Hasselblad H3DII-39&quot;,&quot;caption&quot;:&quot;&quot;,&quot;created_timestamp&quot;:&quot;1357143517&quot;,&quot;copyright&quot;:&quot;&quot;,&quot;focal_length&quot;:&quot;90&quot;,&quot;iso&quot;:&quot;50&quot;,&quot;shutter_speed&quot;:&quot;0.008&quot;,&quot;title&quot;:&quot;&quot;}\" data-image-title=\"Converse 4\" data-image-description=\"\" data-image-caption=\"\" data-medium-file=\"https:\/\/i0.wp.com\/www.moda.es\/blog\/wp-content\/uploads\/2013\/06\/Converse-4.jpg?fit=300%2C225\" data-large-file=\"https:\/\/i0.wp.com\/www.moda.es\/blog\/wp-content\/uploads\/2013\/06\/Converse-4.jpg?fit=500%2C375\" loading=\"lazy\" class=\"aligncenter size-full wp-image-12914\" alt=\"Converse 4\" src=\"https:\/\/i0.wp.com\/www.moda.es\/blog\/wp-content\/uploads\/2013\/06\/Converse-4.jpg?resize=500%2C375\" width=\"500\" height=\"375\" srcset=\"https:\/\/i0.wp.com\/www.moda.es\/blog\/wp-content\/uploads\/2013\/06\/Converse-4.jpg?w=500 500w, https:\/\/i0.wp.com\/www.moda.es\/blog\/wp-content\/uploads\/2013\/06\/Converse-4.jpg?resize=300%2C225 300w\" sizes=\"(max-width: 500px) 100vw, 500px\" data-recalc-dims=\"1\" \/><\/a><\/p>\n<p>\u00a9Converse                             <\/p>\n","protected":false},"excerpt":{"rendered":"<p>A algunos les parecen cursis y otros pueblan de ellos decorados y looks. A Comme des Gar\u00e7ons le gustan y a Converse tambi\u00e9n y por ello han poblado de ellos su \u00faltima colecci\u00f3n. Hablo de corazones y de la colaboraci\u00f3n entre una marca referente en el mundo de la moda [&hellip;]<\/p>\n","protected":false},"author":3,"featured_media":17029,"comment_status":"open","ping_status":"open","sticky":false,"template":"","format":"standard","meta":{"jetpack_publicize_message":"","jetpack_is_tweetstorm":false,"jetpack_publicize_feature_enabled":true},"categories":[3,11],"tags":[221,227,758],"jetpack_publicize_connections":[],"jetpack_featured_media_url":"https:\/\/i0.wp.com\/www.moda.es\/blog\/wp-content\/uploads\/2013\/06\/Converse-11.jpg?fit=500%2C375","jetpack_sharing_enabled":true,"jetpack_shortlink":"https:\/\/wp.me\/p4tJCC-3me","jetpack-related-posts":[{"id":3128,"url":"http:\/\/www.moda.es\/blog\/para-los-dukes-urbanitas\/","url_meta":{"origin":12910,"position":0},"title":"Para los dukes urbanitas","date":"septiembre 1, 2011","format":false,"excerpt":"En el 18 de la calle Conde Duque de Madrid se encuentra un nuevo espacio para hombres selectos. \u00bfTe suenan Mini y Sportivo? Si te suenan, m\u00e1s o menos, sabr\u00e1s de qu\u00e9 te hablo ya que Duke -as\u00ed se llama la tienda- es la hermana peque\u00f1a de las dos anteriores\u2026","rel":"","context":"En \u00abTiendas\u00bb","img":{"alt_text":"","src":"https:\/\/i0.wp.com\/www.moda.es\/blog\/wp-content\/uploads\/2011\/09\/duke-logo2.jpg?fit=500%2C339&resize=350%2C200","width":350,"height":200},"classes":[]},{"id":21393,"url":"http:\/\/www.moda.es\/blog\/escribe-tus-mensajes-mas-fashion\/","url_meta":{"origin":12910,"position":1},"title":"Escribe tus mensajes m\u00e1s fashion","date":"noviembre 25, 2016","format":false,"excerpt":"En el espacio de unos a\u00f1os, los emojis se han convertido en parte integral de la forma en que nos comunicamos, incluso Oxford Dictionaries\u00a0ha nombrado \"\ud83d\ude02\" (cara con l\u00e1grimas de risa) su Palabra \u00a0del A\u00f1o 2015. La moda\u00a0no iba a quedarse atr\u00e1s y ha sido r\u00e1pida en su respuesta: Karl\u2026","rel":"","context":"En \u00abDestacados\u00bb","img":{"alt_text":"","src":"https:\/\/i0.wp.com\/www.moda.es\/blog\/wp-content\/uploads\/2016\/11\/Captura-de-pantalla-2016-11-25-a-las-19.48.37.png?fit=524%2C670&resize=350%2C200","width":350,"height":200},"classes":[]},{"id":22078,"url":"http:\/\/www.moda.es\/blog\/tenemos-todas-las-claves-de-la-gala-met\/","url_meta":{"origin":12910,"position":2},"title":"Tenemos todas las claves de la Gala MET","date":"abril 27, 2017","format":false,"excerpt":"\u00bfEst\u00e1s listo para el primer lunes de mayo? Mientras que muchos en Europa\u00a0disfrutar\u00e1n del puente del d\u00eda del trabajo, para los amantes de la moda es una cosa completamente diferente: es el d\u00eda de la Gala Met. El tema de este a\u00f1o, tanto para la exposici\u00f3n anual del Instituto del\u2026","rel":"","context":"En \u00abAlfombra Roja\u00bb","img":{"alt_text":"","src":"https:\/\/i0.wp.com\/www.moda.es\/blog\/wp-content\/uploads\/2017\/04\/Captura-de-pantalla-2017-04-27-a-las-23.22.20.png?fit=363%2C544&resize=350%2C200","width":350,"height":200},"classes":[]},{"id":18963,"url":"http:\/\/www.moda.es\/blog\/un-nuevo-duo-de-moda\/","url_meta":{"origin":12910,"position":3},"title":"Un nuevo d\u00fao de moda","date":"febrero 18, 2015","format":false,"excerpt":"Pocas cosas son tan valiosas como tener un mentor durante los primeros d\u00edas de tu carrera, y para Phoebe English llegaron de forma muy\u00a0 inspiradora con el CEO de Comme des Gar\u00e7ons, Adrian Joffe.\u00a0 Juntos han desvvelado la \u00faltima instalaci\u00f3n de English en la tienda del museo CDG Trading de\u2026","rel":"","context":"En \u00abActualidad\u00bb","img":{"alt_text":"","src":"https:\/\/i0.wp.com\/www.moda.es\/blog\/wp-content\/uploads\/2015\/02\/cdg.jpg?fit=650%2C975&resize=350%2C200","width":350,"height":200},"classes":[]},{"id":20310,"url":"http:\/\/www.moda.es\/blog\/pharrell-nuevo-propietario-de-g-star-raw\/","url_meta":{"origin":12910,"position":4},"title":"Pharrell, nuevo propietario de G Star Raw","date":"febrero 12, 2016","format":false,"excerpt":"Pharrell Williams se ha convertido en co-propietario de la marca de denim\u00a0G Star Raw. El cantante est\u00e1 \"listo para sumergirse\u00a0en la empresa en muchos niveles creativos,\u00a0tanto\u00a0colecciones, como\u00a0publicidad y estrategia de negocios\", seg\u00fan un comunicado de la marca. \"G-Star es una empresa independiente y con visi\u00f3n de futuro\", ha afirmado\u00a0Williams. \"Creo\u2026","rel":"","context":"En \u00abActualidad\u00bb","img":{"alt_text":"","src":"https:\/\/i0.wp.com\/www.moda.es\/blog\/wp-content\/uploads\/2016\/02\/Captura-de-pantalla-2016-02-11-a-las-23.47.53.png?fit=288%2C437&resize=350%2C200","width":350,"height":200},"classes":[]},{"id":13105,"url":"http:\/\/www.moda.es\/blog\/resumen-de-la-semana-22-de-junio\/","url_meta":{"origin":12910,"position":5},"title":"Resumen de la semana. 22 de junio","date":"junio 22, 2013","format":false,"excerpt":"\u00a1El verano oficialmente ya est\u00e1 aqu\u00ed! \u00bfno empiezas a oler a vacaciones? \u00a1Est\u00e1n muy cerca! Mientras, mira todo lo que ha pasado esta semana en el mundo de la moda. Que KarlLagerfeld es todo un personaje ya lo sab\u00edamos, pero la expresi\u00f3n se vuelve literal ahora que tiene su propio\u2026","rel":"","context":"En \u00abAccesorios\u00bb","img":{"alt_text":"","src":"https:\/\/i0.wp.com\/www.moda.es\/blog\/wp-content\/uploads\/2013\/06\/Lagerfeld1.jpg?fit=400%2C440&resize=350%2C200","width":350,"height":200},"classes":[]}],"_links":{"self":[{"href":"http:\/\/www.moda.es\/blog\/wp-json\/wp\/v2\/posts\/12910"}],"collection":[{"href":"http:\/\/www.moda.es\/blog\/wp-json\/wp\/v2\/posts"}],"about":[{"href":"http:\/\/www.moda.es\/blog\/wp-json\/wp\/v2\/types\/post"}],"author":[{"embeddable":true,"href":"http:\/\/www.moda.es\/blog\/wp-json\/wp\/v2\/users\/3"}],"replies":[{"embeddable":true,"href":"http:\/\/www.moda.es\/blog\/wp-json\/wp\/v2\/comments?post=12910"}],"version-history":[{"count":5,"href":"http:\/\/www.moda.es\/blog\/wp-json\/wp\/v2\/posts\/12910\/revisions"}],"predecessor-version":[{"id":36609,"href":"http:\/\/www.moda.es\/blog\/wp-json\/wp\/v2\/posts\/12910\/revisions\/36609"}],"wp:featuredmedia":[{"embeddable":true,"href":"http:\/\/www.moda.es\/blog\/wp-json\/wp\/v2\/media\/17029"}],"wp:attachment":[{"href":"http:\/\/www.moda.es\/blog\/wp-json\/wp\/v2\/media?parent=12910"}],"wp:term":[{"taxonomy":"category","embeddable":true,"href":"http:\/\/www.moda.es\/blog\/wp-json\/wp\/v2\/categories?post=12910"},{"taxonomy":"post_tag","embeddable":true,"href":"http:\/\/www.moda.es\/blog\/wp-json\/wp\/v2\/tags?post=12910"}],"curies":[{"name":"wp","href":"https:\/\/api.w.org\/{rel}","templated":true}]}}