{"id":12658,"date":"2013-05-18T19:39:01","date_gmt":"2013-05-18T18:39:01","guid":{"rendered":"http:\/\/www.moda.es\/blog\/?p=12658"},"modified":"2020-04-27T18:11:07","modified_gmt":"2020-04-27T17:11:07","slug":"resumen-de-la-semana-18-de-mayo","status":"publish","type":"post","link":"http:\/\/www.moda.es\/blog\/resumen-de-la-semana-18-de-mayo\/","title":{"rendered":"Resumen de la semana. 18 de mayo"},"content":{"rendered":"<p>Puede que esta semana nos hayan arrebatado el buen tiempo, pero lo que no nos han quitado ha sido la moda. \u00bfHas estado atento a todo lo que hemos visto esta semana? Pues no te pierdas el resto de noticias que han ocurrido esta semana.<\/p>\n<p>Se rumorea que<strong> Tamara Mellon<\/strong> podr\u00eda volver al dise\u00f1o de zapatos. \u00bfLa responsable del rumor? Ella misma en su cuenta de Twitter tras colgar una foto junto a un colega de la profesi\u00f3n: \u00abYo y Francesco, el \u00faltimo y m\u00e1s asombroso zapatero\u00bb, escribi\u00f3. \u00abEn las f\u00e1bricas!\u00bb<\/p>\n<p style=\"text-align: center\">\u00a0<a href=\"https:\/\/i0.wp.com\/www.moda.es\/blog\/wp-content\/uploads\/2013\/05\/Tamara-Mellon.jpg\"><img data-attachment-id=\"12674\" data-permalink=\"http:\/\/www.moda.es\/blog\/resumen-de-la-semana-18-de-mayo\/tamara-mellon\/\" data-orig-file=\"https:\/\/i0.wp.com\/www.moda.es\/blog\/wp-content\/uploads\/2013\/05\/Tamara-Mellon.jpg?fit=300%2C450\" data-orig-size=\"300,450\" data-comments-opened=\"1\" data-image-meta=\"{&quot;aperture&quot;:&quot;0&quot;,&quot;credit&quot;:&quot;&quot;,&quot;camera&quot;:&quot;&quot;,&quot;caption&quot;:&quot;&quot;,&quot;created_timestamp&quot;:&quot;0&quot;,&quot;copyright&quot;:&quot;&quot;,&quot;focal_length&quot;:&quot;0&quot;,&quot;iso&quot;:&quot;0&quot;,&quot;shutter_speed&quot;:&quot;0&quot;,&quot;title&quot;:&quot;&quot;}\" data-image-title=\"Tamara Mellon\" data-image-description=\"\" data-image-caption=\"\" data-medium-file=\"https:\/\/i0.wp.com\/www.moda.es\/blog\/wp-content\/uploads\/2013\/05\/Tamara-Mellon.jpg?fit=200%2C300\" data-large-file=\"https:\/\/i0.wp.com\/www.moda.es\/blog\/wp-content\/uploads\/2013\/05\/Tamara-Mellon.jpg?fit=300%2C450\" loading=\"lazy\" class=\"size-full wp-image-12674 aligncenter\" alt=\"Tamara Mellon\" src=\"https:\/\/i0.wp.com\/www.moda.es\/blog\/wp-content\/uploads\/2013\/05\/Tamara-Mellon.jpg?resize=300%2C450\" width=\"300\" height=\"450\" srcset=\"https:\/\/i0.wp.com\/www.moda.es\/blog\/wp-content\/uploads\/2013\/05\/Tamara-Mellon.jpg?w=300 300w, https:\/\/i0.wp.com\/www.moda.es\/blog\/wp-content\/uploads\/2013\/05\/Tamara-Mellon.jpg?resize=200%2C300 200w\" sizes=\"(max-width: 300px) 100vw, 300px\" data-recalc-dims=\"1\" \/><\/a><\/p>\n<p>\u00bfTe gust\u00f3 la colecci\u00f3n dise\u00f1ada por <a href=\"http:\/\/www.moda.es\/blog\/index.php\/2013\/05\/16\/descubre-la-coleccion-de-j-w-anderson-para-versus\/\" target=\"_blank\">J.W. Anderson para Versus<\/a>? Pues la fiesta que se celebr\u00f3 a continuaci\u00f3n tampoco desmereci\u00f3 al desfile. <strong>Mena Suvari, Sky Ferrera, Heidi Klum, Chloe Norgaard o Keira Chaplin<\/strong> entre muchos otros se enfundaron en sus mejores galas de Versus (no pod\u00eda ser de otor modo) para asistir a una gran celebraci\u00f3n de la moda en la que <strong>\u00c1ngel Haze, Dead Sara y Grimes<\/strong> actuaron en directo.<\/p>\n<p><a href=\"https:\/\/i0.wp.com\/www.moda.es\/blog\/wp-content\/uploads\/2013\/05\/Sky-Ferreira.jpg\" target=\"_blank\"><img data-attachment-id=\"12673\" data-permalink=\"http:\/\/www.moda.es\/blog\/resumen-de-la-semana-18-de-mayo\/sky-ferreira\/\" data-orig-file=\"https:\/\/i0.wp.com\/www.moda.es\/blog\/wp-content\/uploads\/2013\/05\/Sky-Ferreira.jpg?fit=300%2C450\" data-orig-size=\"300,450\" data-comments-opened=\"1\" data-image-meta=\"{&quot;aperture&quot;:&quot;0&quot;,&quot;credit&quot;:&quot;&quot;,&quot;camera&quot;:&quot;&quot;,&quot;caption&quot;:&quot;&quot;,&quot;created_timestamp&quot;:&quot;0&quot;,&quot;copyright&quot;:&quot;&quot;,&quot;focal_length&quot;:&quot;0&quot;,&quot;iso&quot;:&quot;0&quot;,&quot;shutter_speed&quot;:&quot;0&quot;,&quot;title&quot;:&quot;&quot;}\" data-image-title=\"Sky Ferreira\" data-image-description=\"\" data-image-caption=\"\" data-medium-file=\"https:\/\/i0.wp.com\/www.moda.es\/blog\/wp-content\/uploads\/2013\/05\/Sky-Ferreira.jpg?fit=200%2C300\" data-large-file=\"https:\/\/i0.wp.com\/www.moda.es\/blog\/wp-content\/uploads\/2013\/05\/Sky-Ferreira.jpg?fit=300%2C450\" loading=\"lazy\" class=\"alignnone  wp-image-12673\" alt=\"Sky Ferreira\" src=\"https:\/\/i0.wp.com\/www.moda.es\/blog\/wp-content\/uploads\/2013\/05\/Sky-Ferreira.jpg?resize=250%2C390\" width=\"250\" height=\"390\" data-recalc-dims=\"1\" \/><\/a> <a href=\"https:\/\/i0.wp.com\/www.moda.es\/blog\/wp-content\/uploads\/2013\/05\/Mena-Suvari.jpg\" target=\"_blank\"><img data-attachment-id=\"12672\" data-permalink=\"http:\/\/www.moda.es\/blog\/resumen-de-la-semana-18-de-mayo\/mena-suvari\/\" data-orig-file=\"https:\/\/i0.wp.com\/www.moda.es\/blog\/wp-content\/uploads\/2013\/05\/Mena-Suvari.jpg?fit=300%2C450\" data-orig-size=\"300,450\" data-comments-opened=\"1\" data-image-meta=\"{&quot;aperture&quot;:&quot;0&quot;,&quot;credit&quot;:&quot;&quot;,&quot;camera&quot;:&quot;&quot;,&quot;caption&quot;:&quot;&quot;,&quot;created_timestamp&quot;:&quot;0&quot;,&quot;copyright&quot;:&quot;&quot;,&quot;focal_length&quot;:&quot;0&quot;,&quot;iso&quot;:&quot;0&quot;,&quot;shutter_speed&quot;:&quot;0&quot;,&quot;title&quot;:&quot;&quot;}\" data-image-title=\"Mena Suvari\" data-image-description=\"\" data-image-caption=\"\" data-medium-file=\"https:\/\/i0.wp.com\/www.moda.es\/blog\/wp-content\/uploads\/2013\/05\/Mena-Suvari.jpg?fit=200%2C300\" data-large-file=\"https:\/\/i0.wp.com\/www.moda.es\/blog\/wp-content\/uploads\/2013\/05\/Mena-Suvari.jpg?fit=300%2C450\" loading=\"lazy\" class=\"alignnone  wp-image-12672\" alt=\"Mena Suvari\" src=\"https:\/\/i0.wp.com\/www.moda.es\/blog\/wp-content\/uploads\/2013\/05\/Mena-Suvari.jpg?resize=250%2C390\" width=\"250\" height=\"390\" data-recalc-dims=\"1\" \/><\/a><\/p>\n<p><a href=\"https:\/\/i0.wp.com\/www.moda.es\/blog\/wp-content\/uploads\/2013\/05\/Joe-Jonas.jpg\" target=\"_blank\"><img data-attachment-id=\"12671\" data-permalink=\"http:\/\/www.moda.es\/blog\/resumen-de-la-semana-18-de-mayo\/joe-jonas\/\" data-orig-file=\"https:\/\/i0.wp.com\/www.moda.es\/blog\/wp-content\/uploads\/2013\/05\/Joe-Jonas.jpg?fit=300%2C450\" data-orig-size=\"300,450\" data-comments-opened=\"1\" data-image-meta=\"{&quot;aperture&quot;:&quot;0&quot;,&quot;credit&quot;:&quot;&quot;,&quot;camera&quot;:&quot;&quot;,&quot;caption&quot;:&quot;&quot;,&quot;created_timestamp&quot;:&quot;0&quot;,&quot;copyright&quot;:&quot;&quot;,&quot;focal_length&quot;:&quot;0&quot;,&quot;iso&quot;:&quot;0&quot;,&quot;shutter_speed&quot;:&quot;0&quot;,&quot;title&quot;:&quot;&quot;}\" data-image-title=\"Joe Jonas\" data-image-description=\"\" data-image-caption=\"\" data-medium-file=\"https:\/\/i0.wp.com\/www.moda.es\/blog\/wp-content\/uploads\/2013\/05\/Joe-Jonas.jpg?fit=200%2C300\" data-large-file=\"https:\/\/i0.wp.com\/www.moda.es\/blog\/wp-content\/uploads\/2013\/05\/Joe-Jonas.jpg?fit=300%2C450\" loading=\"lazy\" class=\"alignnone  wp-image-12671\" alt=\"Joe Jonas\" src=\"https:\/\/i0.wp.com\/www.moda.es\/blog\/wp-content\/uploads\/2013\/05\/Joe-Jonas.jpg?resize=250%2C390\" width=\"250\" height=\"390\" data-recalc-dims=\"1\" \/><\/a> <a href=\"https:\/\/i0.wp.com\/www.moda.es\/blog\/wp-content\/uploads\/2013\/05\/Heidi-Klum.jpg\" target=\"_blank\"><img data-attachment-id=\"12670\" data-permalink=\"http:\/\/www.moda.es\/blog\/resumen-de-la-semana-18-de-mayo\/heidi-klum\/\" data-orig-file=\"https:\/\/i0.wp.com\/www.moda.es\/blog\/wp-content\/uploads\/2013\/05\/Heidi-Klum.jpg?fit=300%2C450\" data-orig-size=\"300,450\" data-comments-opened=\"1\" data-image-meta=\"{&quot;aperture&quot;:&quot;0&quot;,&quot;credit&quot;:&quot;&quot;,&quot;camera&quot;:&quot;&quot;,&quot;caption&quot;:&quot;&quot;,&quot;created_timestamp&quot;:&quot;0&quot;,&quot;copyright&quot;:&quot;&quot;,&quot;focal_length&quot;:&quot;0&quot;,&quot;iso&quot;:&quot;0&quot;,&quot;shutter_speed&quot;:&quot;0&quot;,&quot;title&quot;:&quot;&quot;}\" data-image-title=\"Heidi Klum\" data-image-description=\"\" data-image-caption=\"\" data-medium-file=\"https:\/\/i0.wp.com\/www.moda.es\/blog\/wp-content\/uploads\/2013\/05\/Heidi-Klum.jpg?fit=200%2C300\" data-large-file=\"https:\/\/i0.wp.com\/www.moda.es\/blog\/wp-content\/uploads\/2013\/05\/Heidi-Klum.jpg?fit=300%2C450\" loading=\"lazy\" class=\"alignnone  wp-image-12670\" alt=\"Heidi Klum\" src=\"https:\/\/i0.wp.com\/www.moda.es\/blog\/wp-content\/uploads\/2013\/05\/Heidi-Klum.jpg?resize=250%2C390\" width=\"250\" height=\"390\" data-recalc-dims=\"1\" \/><\/a><\/p>\n<p>Si ya te has cansado de ver <strong>Beyonc\u00e9<\/strong> en su curvil\u00ednea campa\u00f1a para <strong>H&amp;M<\/strong> no te preocupes porque tiene una nueva compa\u00f1era. <strong>Doutzen Kroes<\/strong> (c\u00f3mo me gusta esta mujer!) ser\u00e1 la imagen para las campa\u00f1as de verano de la marca sueca.<\/p>\n<p style=\"text-align: center\">\u00a0<a href=\"https:\/\/i0.wp.com\/www.moda.es\/blog\/wp-content\/uploads\/2013\/05\/Doutzen-Kroes-HM-3.jpg\" target=\"_blank\"><img data-attachment-id=\"12665\" data-permalink=\"http:\/\/www.moda.es\/blog\/resumen-de-la-semana-18-de-mayo\/doutzen-kroes-hm-3\/\" data-orig-file=\"https:\/\/i0.wp.com\/www.moda.es\/blog\/wp-content\/uploads\/2013\/05\/Doutzen-Kroes-HM-3.jpg?fit=300%2C200\" data-orig-size=\"300,200\" data-comments-opened=\"1\" data-image-meta=\"{&quot;aperture&quot;:&quot;0&quot;,&quot;credit&quot;:&quot;&quot;,&quot;camera&quot;:&quot;&quot;,&quot;caption&quot;:&quot;&quot;,&quot;created_timestamp&quot;:&quot;0&quot;,&quot;copyright&quot;:&quot;&quot;,&quot;focal_length&quot;:&quot;0&quot;,&quot;iso&quot;:&quot;0&quot;,&quot;shutter_speed&quot;:&quot;0&quot;,&quot;title&quot;:&quot;&quot;}\" data-image-title=\"Doutzen Kroes &#8211; HM 3\" data-image-description=\"\" data-image-caption=\"\" data-medium-file=\"https:\/\/i0.wp.com\/www.moda.es\/blog\/wp-content\/uploads\/2013\/05\/Doutzen-Kroes-HM-3.jpg?fit=300%2C200\" data-large-file=\"https:\/\/i0.wp.com\/www.moda.es\/blog\/wp-content\/uploads\/2013\/05\/Doutzen-Kroes-HM-3.jpg?fit=300%2C200\" loading=\"lazy\" class=\" wp-image-12665 aligncenter\" alt=\"Doutzen Kroes - HM 3\" src=\"https:\/\/i0.wp.com\/www.moda.es\/blog\/wp-content\/uploads\/2013\/05\/Doutzen-Kroes-HM-3.jpg?resize=400%2C290\" width=\"400\" height=\"290\" data-recalc-dims=\"1\" \/><\/a><\/p>\n<p><a href=\"https:\/\/i0.wp.com\/www.moda.es\/blog\/wp-content\/uploads\/2013\/05\/Doutzen-Kroes-HM-2.jpg\" target=\"_blank\"><img data-attachment-id=\"12664\" data-permalink=\"http:\/\/www.moda.es\/blog\/resumen-de-la-semana-18-de-mayo\/doutzen-kroes-hm-2\/\" data-orig-file=\"https:\/\/i0.wp.com\/www.moda.es\/blog\/wp-content\/uploads\/2013\/05\/Doutzen-Kroes-HM-2.jpg?fit=300%2C450\" data-orig-size=\"300,450\" data-comments-opened=\"1\" data-image-meta=\"{&quot;aperture&quot;:&quot;0&quot;,&quot;credit&quot;:&quot;&quot;,&quot;camera&quot;:&quot;&quot;,&quot;caption&quot;:&quot;&quot;,&quot;created_timestamp&quot;:&quot;0&quot;,&quot;copyright&quot;:&quot;&quot;,&quot;focal_length&quot;:&quot;0&quot;,&quot;iso&quot;:&quot;0&quot;,&quot;shutter_speed&quot;:&quot;0&quot;,&quot;title&quot;:&quot;&quot;}\" data-image-title=\"Doutzen Kroes &#8211; HM 2\" data-image-description=\"\" data-image-caption=\"\" data-medium-file=\"https:\/\/i0.wp.com\/www.moda.es\/blog\/wp-content\/uploads\/2013\/05\/Doutzen-Kroes-HM-2.jpg?fit=200%2C300\" data-large-file=\"https:\/\/i0.wp.com\/www.moda.es\/blog\/wp-content\/uploads\/2013\/05\/Doutzen-Kroes-HM-2.jpg?fit=300%2C450\" loading=\"lazy\" class=\"alignnone  wp-image-12664\" alt=\"Doutzen Kroes - HM 2\" src=\"https:\/\/i0.wp.com\/www.moda.es\/blog\/wp-content\/uploads\/2013\/05\/Doutzen-Kroes-HM-2.jpg?resize=250%2C390\" width=\"250\" height=\"390\" data-recalc-dims=\"1\" \/><\/a> <a href=\"https:\/\/i0.wp.com\/www.moda.es\/blog\/wp-content\/uploads\/2013\/05\/Doutzen-Kroes-HM.jpg\"><img data-attachment-id=\"12666\" data-permalink=\"http:\/\/www.moda.es\/blog\/resumen-de-la-semana-18-de-mayo\/doutzen-kroes-hm\/\" data-orig-file=\"https:\/\/i0.wp.com\/www.moda.es\/blog\/wp-content\/uploads\/2013\/05\/Doutzen-Kroes-HM.jpg?fit=300%2C450\" data-orig-size=\"300,450\" data-comments-opened=\"1\" data-image-meta=\"{&quot;aperture&quot;:&quot;0&quot;,&quot;credit&quot;:&quot;&quot;,&quot;camera&quot;:&quot;&quot;,&quot;caption&quot;:&quot;&quot;,&quot;created_timestamp&quot;:&quot;0&quot;,&quot;copyright&quot;:&quot;&quot;,&quot;focal_length&quot;:&quot;0&quot;,&quot;iso&quot;:&quot;0&quot;,&quot;shutter_speed&quot;:&quot;0&quot;,&quot;title&quot;:&quot;&quot;}\" data-image-title=\"Doutzen Kroes &#8211; HM\" data-image-description=\"\" data-image-caption=\"\" data-medium-file=\"https:\/\/i0.wp.com\/www.moda.es\/blog\/wp-content\/uploads\/2013\/05\/Doutzen-Kroes-HM.jpg?fit=200%2C300\" data-large-file=\"https:\/\/i0.wp.com\/www.moda.es\/blog\/wp-content\/uploads\/2013\/05\/Doutzen-Kroes-HM.jpg?fit=300%2C450\" loading=\"lazy\" class=\"alignnone  wp-image-12666\" alt=\"Doutzen Kroes - HM\" src=\"https:\/\/i0.wp.com\/www.moda.es\/blog\/wp-content\/uploads\/2013\/05\/Doutzen-Kroes-HM.jpg?resize=250%2C390\" width=\"250\" height=\"390\" data-recalc-dims=\"1\" \/><\/a><\/p>\n<p><strong>Mango<\/strong> ya est\u00e1 inmerso en la pr\u00f3xima temporada<strong> Oto\u00f1o &#8211; Invierno 2013\/2014<\/strong> y lo hace en clave de punk y rock. Encaje, tachuelas, cuero y mucho negro para una colecci\u00f3n tan ca\u00f1era como apetecible.<\/p>\n<p style=\"text-align: center\"><a href=\"https:\/\/i0.wp.com\/www.moda.es\/blog\/wp-content\/uploads\/2013\/05\/MANGO-_FOTO-08_063_C.jpg\" target=\"_blank\"><img loading=\"lazy\" class=\"aligncenter\" alt=\"MANGO _FOTO 08_063_C\" src=\"https:\/\/i0.wp.com\/www.moda.es\/blog\/wp-content\/uploads\/2013\/05\/MANGO-_FOTO-08_063_C.jpg?resize=300%2C403\" width=\"300\" height=\"403\" data-recalc-dims=\"1\" \/><\/a><\/p>\n<p>\u00a0<a href=\"https:\/\/i0.wp.com\/www.moda.es\/blog\/wp-content\/uploads\/2013\/05\/13005546.jpg\" target=\"_blank\"><img data-attachment-id=\"12675\" data-permalink=\"http:\/\/www.moda.es\/blog\/resumen-de-la-semana-18-de-mayo\/attachment\/13005546\/\" data-orig-file=\"https:\/\/i0.wp.com\/www.moda.es\/blog\/wp-content\/uploads\/2013\/05\/13005546.jpg?fit=300%2C420\" data-orig-size=\"300,420\" data-comments-opened=\"1\" data-image-meta=\"{&quot;aperture&quot;:&quot;14&quot;,&quot;credit&quot;:&quot;&quot;,&quot;camera&quot;:&quot;NIKON D200&quot;,&quot;caption&quot;:&quot;&quot;,&quot;created_timestamp&quot;:&quot;1275361843&quot;,&quot;copyright&quot;:&quot;&quot;,&quot;focal_length&quot;:&quot;48&quot;,&quot;iso&quot;:&quot;100&quot;,&quot;shutter_speed&quot;:&quot;0.008&quot;,&quot;title&quot;:&quot;&quot;}\" data-image-title=\"13005546\" data-image-description=\"\" data-image-caption=\"\" data-medium-file=\"https:\/\/i0.wp.com\/www.moda.es\/blog\/wp-content\/uploads\/2013\/05\/13005546.jpg?fit=214%2C300\" data-large-file=\"https:\/\/i0.wp.com\/www.moda.es\/blog\/wp-content\/uploads\/2013\/05\/13005546.jpg?fit=300%2C420\" loading=\"lazy\" class=\"alignnone  wp-image-12675\" alt=\"13005546\" src=\"https:\/\/i0.wp.com\/www.moda.es\/blog\/wp-content\/uploads\/2013\/05\/13005546.jpg?resize=150%2C220\" width=\"150\" height=\"220\" data-recalc-dims=\"1\" \/><\/a> <a href=\"https:\/\/i0.wp.com\/www.moda.es\/blog\/wp-content\/uploads\/2013\/05\/13025539.jpg\" target=\"_blank\"><img data-attachment-id=\"12676\" data-permalink=\"http:\/\/www.moda.es\/blog\/resumen-de-la-semana-18-de-mayo\/attachment\/13025539\/\" data-orig-file=\"https:\/\/i0.wp.com\/www.moda.es\/blog\/wp-content\/uploads\/2013\/05\/13025539.jpg?fit=300%2C420\" data-orig-size=\"300,420\" data-comments-opened=\"1\" data-image-meta=\"{&quot;aperture&quot;:&quot;14&quot;,&quot;credit&quot;:&quot;&quot;,&quot;camera&quot;:&quot;NIKON D200&quot;,&quot;caption&quot;:&quot;&quot;,&quot;created_timestamp&quot;:&quot;1275361843&quot;,&quot;copyright&quot;:&quot;&quot;,&quot;focal_length&quot;:&quot;48&quot;,&quot;iso&quot;:&quot;100&quot;,&quot;shutter_speed&quot;:&quot;0.008&quot;,&quot;title&quot;:&quot;&quot;}\" data-image-title=\"13025539\" data-image-description=\"\" data-image-caption=\"\" data-medium-file=\"https:\/\/i0.wp.com\/www.moda.es\/blog\/wp-content\/uploads\/2013\/05\/13025539.jpg?fit=214%2C300\" data-large-file=\"https:\/\/i0.wp.com\/www.moda.es\/blog\/wp-content\/uploads\/2013\/05\/13025539.jpg?fit=300%2C420\" loading=\"lazy\" class=\"alignnone  wp-image-12676\" alt=\"13025539\" src=\"https:\/\/i0.wp.com\/www.moda.es\/blog\/wp-content\/uploads\/2013\/05\/13025539.jpg?resize=150%2C220\" width=\"150\" height=\"220\" data-recalc-dims=\"1\" \/><\/a> <a href=\"https:\/\/i0.wp.com\/www.moda.es\/blog\/wp-content\/uploads\/2013\/05\/15043573.jpg\"><img data-attachment-id=\"12677\" data-permalink=\"http:\/\/www.moda.es\/blog\/resumen-de-la-semana-18-de-mayo\/attachment\/15043573\/\" data-orig-file=\"https:\/\/i0.wp.com\/www.moda.es\/blog\/wp-content\/uploads\/2013\/05\/15043573.jpg?fit=300%2C420\" data-orig-size=\"300,420\" data-comments-opened=\"1\" data-image-meta=\"{&quot;aperture&quot;:&quot;14&quot;,&quot;credit&quot;:&quot;&quot;,&quot;camera&quot;:&quot;NIKON D200&quot;,&quot;caption&quot;:&quot;&quot;,&quot;created_timestamp&quot;:&quot;1275361843&quot;,&quot;copyright&quot;:&quot;&quot;,&quot;focal_length&quot;:&quot;48&quot;,&quot;iso&quot;:&quot;100&quot;,&quot;shutter_speed&quot;:&quot;0.008&quot;,&quot;title&quot;:&quot;&quot;}\" data-image-title=\"15043573\" data-image-description=\"\" data-image-caption=\"\" data-medium-file=\"https:\/\/i0.wp.com\/www.moda.es\/blog\/wp-content\/uploads\/2013\/05\/15043573.jpg?fit=214%2C300\" data-large-file=\"https:\/\/i0.wp.com\/www.moda.es\/blog\/wp-content\/uploads\/2013\/05\/15043573.jpg?fit=300%2C420\" loading=\"lazy\" class=\"alignnone  wp-image-12677\" alt=\"15043573\" src=\"https:\/\/i0.wp.com\/www.moda.es\/blog\/wp-content\/uploads\/2013\/05\/15043573.jpg?resize=150%2C220\" width=\"150\" height=\"220\" data-recalc-dims=\"1\" \/><\/a><\/p>\n<p><a href=\"https:\/\/i0.wp.com\/www.moda.es\/blog\/wp-content\/uploads\/2013\/05\/BOWIE-1.jpg\" target=\"_blank\"><img data-attachment-id=\"12678\" data-permalink=\"http:\/\/www.moda.es\/blog\/resumen-de-la-semana-18-de-mayo\/bowie-1\/\" data-orig-file=\"https:\/\/i0.wp.com\/www.moda.es\/blog\/wp-content\/uploads\/2013\/05\/BOWIE-1.jpg?fit=300%2C420\" data-orig-size=\"300,420\" data-comments-opened=\"1\" data-image-meta=\"{&quot;aperture&quot;:&quot;14&quot;,&quot;credit&quot;:&quot;&quot;,&quot;camera&quot;:&quot;NIKON D200&quot;,&quot;caption&quot;:&quot;&quot;,&quot;created_timestamp&quot;:&quot;1275361843&quot;,&quot;copyright&quot;:&quot;&quot;,&quot;focal_length&quot;:&quot;48&quot;,&quot;iso&quot;:&quot;100&quot;,&quot;shutter_speed&quot;:&quot;0.008&quot;,&quot;title&quot;:&quot;&quot;}\" data-image-title=\"BOWIE 1\" data-image-description=\"\" data-image-caption=\"\" data-medium-file=\"https:\/\/i0.wp.com\/www.moda.es\/blog\/wp-content\/uploads\/2013\/05\/BOWIE-1.jpg?fit=214%2C300\" data-large-file=\"https:\/\/i0.wp.com\/www.moda.es\/blog\/wp-content\/uploads\/2013\/05\/BOWIE-1.jpg?fit=300%2C420\" loading=\"lazy\" class=\"alignnone  wp-image-12678\" alt=\"BOWIE 1\" src=\"https:\/\/i0.wp.com\/www.moda.es\/blog\/wp-content\/uploads\/2013\/05\/BOWIE-1.jpg?resize=150%2C220\" width=\"150\" height=\"220\" data-recalc-dims=\"1\" \/><\/a> <a href=\"https:\/\/i0.wp.com\/www.moda.es\/blog\/wp-content\/uploads\/2013\/05\/FALDA-HEBILLA.jpg\" target=\"_blank\"><img data-attachment-id=\"12679\" data-permalink=\"http:\/\/www.moda.es\/blog\/resumen-de-la-semana-18-de-mayo\/falda-hebilla\/\" data-orig-file=\"https:\/\/i0.wp.com\/www.moda.es\/blog\/wp-content\/uploads\/2013\/05\/FALDA-HEBILLA.jpg?fit=300%2C420\" data-orig-size=\"300,420\" data-comments-opened=\"1\" data-image-meta=\"{&quot;aperture&quot;:&quot;14&quot;,&quot;credit&quot;:&quot;&quot;,&quot;camera&quot;:&quot;NIKON D200&quot;,&quot;caption&quot;:&quot;&quot;,&quot;created_timestamp&quot;:&quot;1275361843&quot;,&quot;copyright&quot;:&quot;&quot;,&quot;focal_length&quot;:&quot;48&quot;,&quot;iso&quot;:&quot;100&quot;,&quot;shutter_speed&quot;:&quot;0.008&quot;,&quot;title&quot;:&quot;&quot;}\" data-image-title=\"FALDA HEBILLA\" data-image-description=\"\" data-image-caption=\"\" data-medium-file=\"https:\/\/i0.wp.com\/www.moda.es\/blog\/wp-content\/uploads\/2013\/05\/FALDA-HEBILLA.jpg?fit=214%2C300\" data-large-file=\"https:\/\/i0.wp.com\/www.moda.es\/blog\/wp-content\/uploads\/2013\/05\/FALDA-HEBILLA.jpg?fit=300%2C420\" loading=\"lazy\" class=\"alignnone  wp-image-12679\" alt=\"FALDA HEBILLA\" src=\"https:\/\/i0.wp.com\/www.moda.es\/blog\/wp-content\/uploads\/2013\/05\/FALDA-HEBILLA.jpg?resize=150%2C220\" width=\"150\" height=\"220\" data-recalc-dims=\"1\" \/><\/a>\u00a0 <a href=\"https:\/\/i0.wp.com\/www.moda.es\/blog\/wp-content\/uploads\/2013\/05\/MNGMNG-1413.jpg\"><img data-attachment-id=\"12681\" data-permalink=\"http:\/\/www.moda.es\/blog\/resumen-de-la-semana-18-de-mayo\/mngmng-1413\/\" data-orig-file=\"https:\/\/i0.wp.com\/www.moda.es\/blog\/wp-content\/uploads\/2013\/05\/MNGMNG-1413.jpg?fit=300%2C420\" data-orig-size=\"300,420\" data-comments-opened=\"1\" data-image-meta=\"{&quot;aperture&quot;:&quot;14&quot;,&quot;credit&quot;:&quot;&quot;,&quot;camera&quot;:&quot;NIKON D200&quot;,&quot;caption&quot;:&quot;&quot;,&quot;created_timestamp&quot;:&quot;1275361843&quot;,&quot;copyright&quot;:&quot;&quot;,&quot;focal_length&quot;:&quot;48&quot;,&quot;iso&quot;:&quot;100&quot;,&quot;shutter_speed&quot;:&quot;0.008&quot;,&quot;title&quot;:&quot;&quot;}\" data-image-title=\"MNGMNG 1413\" data-image-description=\"\" data-image-caption=\"\" data-medium-file=\"https:\/\/i0.wp.com\/www.moda.es\/blog\/wp-content\/uploads\/2013\/05\/MNGMNG-1413.jpg?fit=214%2C300\" data-large-file=\"https:\/\/i0.wp.com\/www.moda.es\/blog\/wp-content\/uploads\/2013\/05\/MNGMNG-1413.jpg?fit=300%2C420\" loading=\"lazy\" class=\"alignnone  wp-image-12681\" alt=\"MNGMNG 1413\" src=\"https:\/\/i0.wp.com\/www.moda.es\/blog\/wp-content\/uploads\/2013\/05\/MNGMNG-1413.jpg?resize=150%2C220\" width=\"150\" height=\"220\" data-recalc-dims=\"1\" \/><\/a><\/p>\n<p>Y tambi\u00e9n pensando en la pr\u00f3xima temporada <strong>Pretty Ballerinas<\/strong> contin\u00faa abriendo miras y esta vez se embarca en una nueva colecci\u00f3n: <strong>Pretty Loafers<\/strong>. Una amplia serie de slippers con dise\u00f1os muy atrevidos&#8230; \u00bfCu\u00e1l prefieres? \u00bfEl modelo de camuflaje, el que se adorna con plumas, los metalizados o los m\u00e1s fieles al estilo brit\u00e1nico? Yo todav\u00eda no me he decidido.<\/p>\n<p><a href=\"https:\/\/i0.wp.com\/www.moda.es\/blog\/wp-content\/uploads\/2013\/05\/Pretty-Loafers-1.jpg\" target=\"_blank\"><img data-attachment-id=\"12682\" data-permalink=\"http:\/\/www.moda.es\/blog\/resumen-de-la-semana-18-de-mayo\/pretty-loafers-1\/\" data-orig-file=\"https:\/\/i0.wp.com\/www.moda.es\/blog\/wp-content\/uploads\/2013\/05\/Pretty-Loafers-1.jpg?fit=300%2C300\" data-orig-size=\"300,300\" data-comments-opened=\"1\" data-image-meta=\"{&quot;aperture&quot;:&quot;2&quot;,&quot;credit&quot;:&quot;Jacinto Calvo Sancho&quot;,&quot;camera&quot;:&quot;Hasselblad CFV-39&quot;,&quot;caption&quot;:&quot;&quot;,&quot;created_timestamp&quot;:&quot;1358856033&quot;,&quot;copyright&quot;:&quot;&quot;,&quot;focal_length&quot;:&quot;0&quot;,&quot;iso&quot;:&quot;100&quot;,&quot;shutter_speed&quot;:&quot;30.007326006889&quot;,&quot;title&quot;:&quot;&quot;}\" data-image-title=\"Pretty Loafers 1\" data-image-description=\"\" data-image-caption=\"\" data-medium-file=\"https:\/\/i0.wp.com\/www.moda.es\/blog\/wp-content\/uploads\/2013\/05\/Pretty-Loafers-1.jpg?fit=300%2C300\" data-large-file=\"https:\/\/i0.wp.com\/www.moda.es\/blog\/wp-content\/uploads\/2013\/05\/Pretty-Loafers-1.jpg?fit=300%2C300\" loading=\"lazy\" class=\"alignnone  wp-image-12682\" alt=\"Pretty Loafers 1\" src=\"https:\/\/i0.wp.com\/www.moda.es\/blog\/wp-content\/uploads\/2013\/05\/Pretty-Loafers-1.jpg?resize=250%2C250\" width=\"250\" height=\"250\" srcset=\"https:\/\/i0.wp.com\/www.moda.es\/blog\/wp-content\/uploads\/2013\/05\/Pretty-Loafers-1.jpg?w=300 300w, https:\/\/i0.wp.com\/www.moda.es\/blog\/wp-content\/uploads\/2013\/05\/Pretty-Loafers-1.jpg?resize=150%2C150 150w\" sizes=\"(max-width: 250px) 100vw, 250px\" data-recalc-dims=\"1\" \/><\/a> <a href=\"https:\/\/i0.wp.com\/www.moda.es\/blog\/wp-content\/uploads\/2013\/05\/Pretty-Loafers-11.jpg\" target=\"_blank\"><img data-attachment-id=\"12683\" data-permalink=\"http:\/\/www.moda.es\/blog\/resumen-de-la-semana-18-de-mayo\/pretty-loafers-11\/\" data-orig-file=\"https:\/\/i0.wp.com\/www.moda.es\/blog\/wp-content\/uploads\/2013\/05\/Pretty-Loafers-11.jpg?fit=300%2C300\" data-orig-size=\"300,300\" data-comments-opened=\"1\" data-image-meta=\"{&quot;aperture&quot;:&quot;2&quot;,&quot;credit&quot;:&quot;Jacinto Calvo Sancho&quot;,&quot;camera&quot;:&quot;Hasselblad CFV-39&quot;,&quot;caption&quot;:&quot;&quot;,&quot;created_timestamp&quot;:&quot;1356604101&quot;,&quot;copyright&quot;:&quot;&quot;,&quot;focal_length&quot;:&quot;0&quot;,&quot;iso&quot;:&quot;100&quot;,&quot;shutter_speed&quot;:&quot;30.007326006889&quot;,&quot;title&quot;:&quot;&quot;}\" data-image-title=\"Pretty Loafers 11\" data-image-description=\"\" data-image-caption=\"\" data-medium-file=\"https:\/\/i0.wp.com\/www.moda.es\/blog\/wp-content\/uploads\/2013\/05\/Pretty-Loafers-11.jpg?fit=300%2C300\" data-large-file=\"https:\/\/i0.wp.com\/www.moda.es\/blog\/wp-content\/uploads\/2013\/05\/Pretty-Loafers-11.jpg?fit=300%2C300\" loading=\"lazy\" class=\"alignnone  wp-image-12683\" alt=\"Pretty Loafers 11\" src=\"https:\/\/i0.wp.com\/www.moda.es\/blog\/wp-content\/uploads\/2013\/05\/Pretty-Loafers-11.jpg?resize=250%2C250\" width=\"250\" height=\"250\" srcset=\"https:\/\/i0.wp.com\/www.moda.es\/blog\/wp-content\/uploads\/2013\/05\/Pretty-Loafers-11.jpg?w=300 300w, https:\/\/i0.wp.com\/www.moda.es\/blog\/wp-content\/uploads\/2013\/05\/Pretty-Loafers-11.jpg?resize=150%2C150 150w\" sizes=\"(max-width: 250px) 100vw, 250px\" data-recalc-dims=\"1\" \/><\/a><\/p>\n<p><a href=\"https:\/\/i0.wp.com\/www.moda.es\/blog\/wp-content\/uploads\/2013\/05\/Pretty-Loafers-23.jpg\" target=\"_blank\"><img data-attachment-id=\"12684\" data-permalink=\"http:\/\/www.moda.es\/blog\/resumen-de-la-semana-18-de-mayo\/pretty-loafers-23\/\" data-orig-file=\"https:\/\/i0.wp.com\/www.moda.es\/blog\/wp-content\/uploads\/2013\/05\/Pretty-Loafers-23.jpg?fit=300%2C300\" data-orig-size=\"300,300\" data-comments-opened=\"1\" data-image-meta=\"{&quot;aperture&quot;:&quot;2&quot;,&quot;credit&quot;:&quot;Jacinto Calvo Sancho&quot;,&quot;camera&quot;:&quot;Hasselblad CFV-39&quot;,&quot;caption&quot;:&quot;&quot;,&quot;created_timestamp&quot;:&quot;1356604395&quot;,&quot;copyright&quot;:&quot;&quot;,&quot;focal_length&quot;:&quot;0&quot;,&quot;iso&quot;:&quot;100&quot;,&quot;shutter_speed&quot;:&quot;30.007326006889&quot;,&quot;title&quot;:&quot;&quot;}\" data-image-title=\"Pretty Loafers 23\" data-image-description=\"\" data-image-caption=\"\" data-medium-file=\"https:\/\/i0.wp.com\/www.moda.es\/blog\/wp-content\/uploads\/2013\/05\/Pretty-Loafers-23.jpg?fit=300%2C300\" data-large-file=\"https:\/\/i0.wp.com\/www.moda.es\/blog\/wp-content\/uploads\/2013\/05\/Pretty-Loafers-23.jpg?fit=300%2C300\" loading=\"lazy\" class=\"alignnone  wp-image-12684\" alt=\"Pretty Loafers 23\" src=\"https:\/\/i0.wp.com\/www.moda.es\/blog\/wp-content\/uploads\/2013\/05\/Pretty-Loafers-23.jpg?resize=250%2C250\" width=\"250\" height=\"250\" srcset=\"https:\/\/i0.wp.com\/www.moda.es\/blog\/wp-content\/uploads\/2013\/05\/Pretty-Loafers-23.jpg?w=300 300w, https:\/\/i0.wp.com\/www.moda.es\/blog\/wp-content\/uploads\/2013\/05\/Pretty-Loafers-23.jpg?resize=150%2C150 150w\" sizes=\"(max-width: 250px) 100vw, 250px\" data-recalc-dims=\"1\" \/><\/a> <a href=\"https:\/\/i0.wp.com\/www.moda.es\/blog\/wp-content\/uploads\/2013\/05\/Pretty-Loafers-63.jpg\"><img data-attachment-id=\"12685\" data-permalink=\"http:\/\/www.moda.es\/blog\/resumen-de-la-semana-18-de-mayo\/pretty-loafers-63\/\" data-orig-file=\"https:\/\/i0.wp.com\/www.moda.es\/blog\/wp-content\/uploads\/2013\/05\/Pretty-Loafers-63.jpg?fit=300%2C300\" data-orig-size=\"300,300\" data-comments-opened=\"1\" data-image-meta=\"{&quot;aperture&quot;:&quot;2&quot;,&quot;credit&quot;:&quot;Jacinto Calvo Sancho&quot;,&quot;camera&quot;:&quot;Hasselblad CFV-39&quot;,&quot;caption&quot;:&quot;&quot;,&quot;created_timestamp&quot;:&quot;1358342321&quot;,&quot;copyright&quot;:&quot;&quot;,&quot;focal_length&quot;:&quot;0&quot;,&quot;iso&quot;:&quot;100&quot;,&quot;shutter_speed&quot;:&quot;30.007326006889&quot;,&quot;title&quot;:&quot;&quot;}\" data-image-title=\"Pretty Loafers 63\" data-image-description=\"\" data-image-caption=\"\" data-medium-file=\"https:\/\/i0.wp.com\/www.moda.es\/blog\/wp-content\/uploads\/2013\/05\/Pretty-Loafers-63.jpg?fit=300%2C300\" data-large-file=\"https:\/\/i0.wp.com\/www.moda.es\/blog\/wp-content\/uploads\/2013\/05\/Pretty-Loafers-63.jpg?fit=300%2C300\" loading=\"lazy\" class=\"alignnone  wp-image-12685\" alt=\"Pretty Loafers 63\" src=\"https:\/\/i0.wp.com\/www.moda.es\/blog\/wp-content\/uploads\/2013\/05\/Pretty-Loafers-63.jpg?resize=250%2C250\" width=\"250\" height=\"250\" srcset=\"https:\/\/i0.wp.com\/www.moda.es\/blog\/wp-content\/uploads\/2013\/05\/Pretty-Loafers-63.jpg?w=300 300w, https:\/\/i0.wp.com\/www.moda.es\/blog\/wp-content\/uploads\/2013\/05\/Pretty-Loafers-63.jpg?resize=150%2C150 150w\" sizes=\"(max-width: 250px) 100vw, 250px\" data-recalc-dims=\"1\" \/><\/a><\/p>\n<p><strong>Jimmy Choo<\/strong>, por su parte, se enfrenta al fr\u00edo invierno con unas gafas de sol cubiertas de&#8230; escarcha. Las gafas <strong>Flash<\/strong> est\u00e1n cubiertas de una cascada de <strong>microcristales de Swarovski<\/strong> en diferentes colores.<\/p>\n<p style=\"text-align: center\"><a href=\"https:\/\/i0.wp.com\/www.moda.es\/blog\/wp-content\/uploads\/2013\/05\/Flash_silver.jpg\" target=\"_blank\"><img loading=\"lazy\" class=\"aligncenter\" alt=\"Flash_silver\" src=\"https:\/\/i0.wp.com\/www.moda.es\/blog\/wp-content\/uploads\/2013\/05\/Flash_silver.jpg?resize=300%2C199\" width=\"300\" height=\"199\" data-recalc-dims=\"1\" \/><\/a><\/p>\n<p><a href=\"https:\/\/i0.wp.com\/www.moda.es\/blog\/wp-content\/uploads\/2013\/05\/Flash_blue.jpg\" target=\"_blank\"><img data-attachment-id=\"12667\" data-permalink=\"http:\/\/www.moda.es\/blog\/resumen-de-la-semana-18-de-mayo\/flash_blue\/\" data-orig-file=\"https:\/\/i0.wp.com\/www.moda.es\/blog\/wp-content\/uploads\/2013\/05\/Flash_blue.jpg?fit=300%2C199\" data-orig-size=\"300,199\" data-comments-opened=\"1\" data-image-meta=\"{&quot;aperture&quot;:&quot;17&quot;,&quot;credit&quot;:&quot;&quot;,&quot;camera&quot;:&quot;NIKON D2X&quot;,&quot;caption&quot;:&quot;&quot;,&quot;created_timestamp&quot;:&quot;1360157735&quot;,&quot;copyright&quot;:&quot;&quot;,&quot;focal_length&quot;:&quot;85&quot;,&quot;iso&quot;:&quot;100&quot;,&quot;shutter_speed&quot;:&quot;0.008&quot;,&quot;title&quot;:&quot;&quot;}\" data-image-title=\"Flash_blue\" data-image-description=\"\" data-image-caption=\"\" data-medium-file=\"https:\/\/i0.wp.com\/www.moda.es\/blog\/wp-content\/uploads\/2013\/05\/Flash_blue.jpg?fit=300%2C199\" data-large-file=\"https:\/\/i0.wp.com\/www.moda.es\/blog\/wp-content\/uploads\/2013\/05\/Flash_blue.jpg?fit=300%2C199\" loading=\"lazy\" class=\"alignnone  wp-image-12667\" alt=\"Flash_blue\" src=\"https:\/\/i0.wp.com\/www.moda.es\/blog\/wp-content\/uploads\/2013\/05\/Flash_blue.jpg?resize=250%2C150\" width=\"250\" height=\"150\" data-recalc-dims=\"1\" \/><\/a> <a href=\"https:\/\/i0.wp.com\/www.moda.es\/blog\/wp-content\/uploads\/2013\/05\/Flash_pink.jpg\" target=\"_blank\"><img data-attachment-id=\"12668\" data-permalink=\"http:\/\/www.moda.es\/blog\/resumen-de-la-semana-18-de-mayo\/flash_pink\/\" data-orig-file=\"https:\/\/i0.wp.com\/www.moda.es\/blog\/wp-content\/uploads\/2013\/05\/Flash_pink.jpg?fit=300%2C199\" data-orig-size=\"300,199\" data-comments-opened=\"1\" data-image-meta=\"{&quot;aperture&quot;:&quot;17&quot;,&quot;credit&quot;:&quot;&quot;,&quot;camera&quot;:&quot;NIKON D2X&quot;,&quot;caption&quot;:&quot;&quot;,&quot;created_timestamp&quot;:&quot;1360158760&quot;,&quot;copyright&quot;:&quot;&quot;,&quot;focal_length&quot;:&quot;85&quot;,&quot;iso&quot;:&quot;100&quot;,&quot;shutter_speed&quot;:&quot;0.008&quot;,&quot;title&quot;:&quot;&quot;}\" data-image-title=\"Flash_pink\" data-image-description=\"\" data-image-caption=\"\" data-medium-file=\"https:\/\/i0.wp.com\/www.moda.es\/blog\/wp-content\/uploads\/2013\/05\/Flash_pink.jpg?fit=300%2C199\" data-large-file=\"https:\/\/i0.wp.com\/www.moda.es\/blog\/wp-content\/uploads\/2013\/05\/Flash_pink.jpg?fit=300%2C199\" loading=\"lazy\" class=\"alignnone  wp-image-12668\" alt=\"Flash_pink\" src=\"https:\/\/i0.wp.com\/www.moda.es\/blog\/wp-content\/uploads\/2013\/05\/Flash_pink.jpg?resize=250%2C150\" width=\"250\" height=\"150\" data-recalc-dims=\"1\" \/><\/a><\/p>\n<p>&nbsp;<\/p>\n<p>\u00a1Feliz semana!<\/p>\n<p>&nbsp;<\/p>\n<p>\u00a9Firmas \/ Vogue UK \/ Tamara Mellon                             <\/p>\n","protected":false},"excerpt":{"rendered":"<p>Puede que esta semana nos hayan arrebatado el buen tiempo, pero lo que no nos han quitado ha sido la moda. \u00bfHas estado atento a todo lo que hemos visto esta semana? Pues no te pierdas el resto de noticias que han ocurrido esta semana. Se rumorea que Tamara Mellon [&hellip;]<\/p>\n","protected":false},"author":3,"featured_media":17020,"comment_status":"open","ping_status":"open","sticky":false,"template":"","format":"standard","meta":{"jetpack_publicize_message":"","jetpack_is_tweetstorm":false,"jetpack_publicize_feature_enabled":true},"categories":[2,3,11,14],"tags":[125,279,377,385,438,566,686,734,859,866],"jetpack_publicize_connections":[],"jetpack_featured_media_url":"https:\/\/i0.wp.com\/www.moda.es\/blog\/wp-content\/uploads\/2013\/05\/Tamara-Mellon1.jpg?fit=300%2C450","jetpack_sharing_enabled":true,"jetpack_shortlink":"https:\/\/wp.me\/p4tJCC-3ia","jetpack-related-posts":[{"id":21076,"url":"http:\/\/www.moda.es\/blog\/tamara-mellon-contra-jimmy-choo\/","url_meta":{"origin":12658,"position":0},"title":"Tamara Mellon contra Jimmy Choo","date":"septiembre 16, 2016","format":false,"excerpt":"Tamara Mellon\u00a0ha presentado una demanda en contra de Jimmy Choo, la compa\u00f1\u00eda que cofund\u00f3 a mediados de los a\u00f1os noventa. En la demanda civil, que alega que su ex empleador \"se dispuso a castigarla, ayudado de una 'extensi\u00f3n' indefinida de la disposici\u00f3n de no competencia de un a\u00f1o despu\u00e9s de\u2026","rel":"","context":"En \u00abActualidad\u00bb","img":{"alt_text":"","src":"https:\/\/i0.wp.com\/www.moda.es\/blog\/wp-content\/uploads\/2016\/09\/Captura-de-pantalla-2016-09-15-a-las-23.52.39.png?fit=491%2C717&resize=350%2C200","width":350,"height":200},"classes":[]},{"id":14431,"url":"http:\/\/www.moda.es\/blog\/lo-ultimo-de-tamara-mellon-no-son-zapatos\/","url_meta":{"origin":12658,"position":1},"title":"Lo \u00faltimo de Tamara Mellon no son zapatos","date":"octubre 16, 2013","format":false,"excerpt":"\u00a0Tamara Mellon hace tiempo que no es la presidenta de Jimmy Choo... \u00bfPero a qui\u00e9n le importa si est\u00e1 en lo mejor de su carrera? Sin duda es una de las reinas del oto\u00f1o. Acaba de publicar el libro de su autobiograf\u00eda que ha titulado En sus zapatos, y tambi\u00e9n\u2026","rel":"","context":"En \u00abColecciones\u00bb","img":{"alt_text":"","src":"https:\/\/i0.wp.com\/www.moda.es\/blog\/wp-content\/uploads\/2013\/10\/Tamara-Mellon-291.jpg?fit=400%2C607&resize=350%2C200","width":350,"height":200},"classes":[]},{"id":14401,"url":"http:\/\/www.moda.es\/blog\/resumen-de-la-semana-12-de-octubre\/","url_meta":{"origin":12658,"position":2},"title":"Resumen de la semana. 12 de octubre","date":"octubre 12, 2013","format":false,"excerpt":"\u00a1Lleg\u00f3 el fin de semana del Pilar! Independientemente de que est\u00e9s o no a favor de eesta fiesta felicitamos a todos los zaragozanos que celebran su gran fiesta... Y seguimos hablando de moda... Tamara Mellon, co fundadora de Jimmy Choo, se desmarc\u00f3 ayer en una pol\u00e9mica conferencia celebrada en el\u2026","rel":"","context":"En \u00abActualidad\u00bb","img":{"alt_text":"","src":"https:\/\/i0.wp.com\/www.moda.es\/blog\/wp-content\/uploads\/2013\/10\/Tamara-Mellon1.jpg?fit=500%2C750&resize=350%2C200","width":350,"height":200},"classes":[]},{"id":20214,"url":"http:\/\/www.moda.es\/blog\/el-regreso-de-tamara-mellon\/","url_meta":{"origin":12658,"position":3},"title":"El regreso de Tamara Mellon","date":"enero 19, 2016","format":false,"excerpt":"Como se hab\u00eda prometido\u00a0en diciembre, Tamara Mellon ha resurgido de un per\u00edodo de 60 d\u00edas tras su\u00a0bancarrota, poniendo su marca Tamara Mellon (TMB) de nuevo en el panorama de la moda. La dise\u00f1adora y empresaria, que alcanz\u00f3 la fama\u00a0en Jimmy Choo antes de marcharse\u00a0para establecer su propio imperio, ha asegurado\u2026","rel":"","context":"En \u00abActualidad\u00bb","img":{"alt_text":"","src":"https:\/\/i0.wp.com\/www.moda.es\/blog\/wp-content\/uploads\/2016\/01\/Captura-de-pantalla-2016-01-19-a-las-13.52.48.png?fit=396%2C592&resize=350%2C200","width":350,"height":200},"classes":[]},{"id":12152,"url":"http:\/\/www.moda.es\/blog\/lo-mejor-de-la-semana\/","url_meta":{"origin":12658,"position":4},"title":"Lo mejor de la semana&#8230;","date":"abril 20, 2013","format":false,"excerpt":"Esta semana hemos visto el espectacular desfile de Calzedonia, se ha anunciado que el ya retirado Christian Lacroix ser\u00e1 el responsable de dise\u00f1ar la primera colecci\u00f3n de la resucitada casa Schiaparelli, hemos descubierto la nueva colecci\u00f3n de Levi's y Liberty y hemos visto saltar chispas con la campa\u00f1a de Irina\u2026","rel":"","context":"En \u00abAccesorios\u00bb","img":{"alt_text":"","src":"https:\/\/i0.wp.com\/www.moda.es\/blog\/wp-content\/uploads\/2013\/04\/Mugler1.jpg?fit=300%2C450&resize=350%2C200","width":350,"height":200},"classes":[]},{"id":13334,"url":"http:\/\/www.moda.es\/blog\/resumen-de-la-semana-13-de-julio\/","url_meta":{"origin":12658,"position":5},"title":"Resumen de la semana. 13 de julio","date":"julio 13, 2013","format":false,"excerpt":"\u00bfQu\u00e9 tal llevas la temporada de rebajas? \u00bfHas conseguido hacerte con alg\u00fan capricho a un precio que te haya hecho desearlo a\u00fan m\u00e1s? \u00a1Espero que s\u00ed! Y por si entre tanta compra te has saltado alguna de las noticias de la semana aqu\u00ed tienes un resumen con lo m\u00e1s destacable\u2026","rel":"","context":"En \u00abActualidad\u00bb","img":{"alt_text":"","src":"https:\/\/i0.wp.com\/www.moda.es\/blog\/wp-content\/uploads\/2013\/07\/Viktor-and-Rolf-Bridal-1.jpg?fit=400%2C600&resize=350%2C200","width":350,"height":200},"classes":[]}],"_links":{"self":[{"href":"http:\/\/www.moda.es\/blog\/wp-json\/wp\/v2\/posts\/12658"}],"collection":[{"href":"http:\/\/www.moda.es\/blog\/wp-json\/wp\/v2\/posts"}],"about":[{"href":"http:\/\/www.moda.es\/blog\/wp-json\/wp\/v2\/types\/post"}],"author":[{"embeddable":true,"href":"http:\/\/www.moda.es\/blog\/wp-json\/wp\/v2\/users\/3"}],"replies":[{"embeddable":true,"href":"http:\/\/www.moda.es\/blog\/wp-json\/wp\/v2\/comments?post=12658"}],"version-history":[{"count":5,"href":"http:\/\/www.moda.es\/blog\/wp-json\/wp\/v2\/posts\/12658\/revisions"}],"predecessor-version":[{"id":36622,"href":"http:\/\/www.moda.es\/blog\/wp-json\/wp\/v2\/posts\/12658\/revisions\/36622"}],"wp:featuredmedia":[{"embeddable":true,"href":"http:\/\/www.moda.es\/blog\/wp-json\/wp\/v2\/media\/17020"}],"wp:attachment":[{"href":"http:\/\/www.moda.es\/blog\/wp-json\/wp\/v2\/media?parent=12658"}],"wp:term":[{"taxonomy":"category","embeddable":true,"href":"http:\/\/www.moda.es\/blog\/wp-json\/wp\/v2\/categories?post=12658"},{"taxonomy":"post_tag","embeddable":true,"href":"http:\/\/www.moda.es\/blog\/wp-json\/wp\/v2\/tags?post=12658"}],"curies":[{"name":"wp","href":"https:\/\/api.w.org\/{rel}","templated":true}]}}