{"id":12554,"date":"2013-05-13T23:39:20","date_gmt":"2013-05-13T22:39:20","guid":{"rendered":"http:\/\/www.moda.es\/blog\/?p=12554"},"modified":"2020-04-27T18:11:54","modified_gmt":"2020-04-27T17:11:54","slug":"descubre-lo-nuevo-de-rihanna-para-river-island","status":"publish","type":"post","link":"http:\/\/www.moda.es\/blog\/descubre-lo-nuevo-de-rihanna-para-river-island\/","title":{"rendered":"Descubre lo nuevo de Rihanna para River Island"},"content":{"rendered":"<p><a href=\"https:\/\/i0.wp.com\/www.moda.es\/blog\/wp-content\/uploads\/2013\/05\/Rihanna-River-Island.jpg\"><img data-attachment-id=\"12556\" data-permalink=\"http:\/\/www.moda.es\/blog\/descubre-lo-nuevo-de-rihanna-para-river-island\/rihanna-river-island\/\" data-orig-file=\"https:\/\/i0.wp.com\/www.moda.es\/blog\/wp-content\/uploads\/2013\/05\/Rihanna-River-Island.jpg?fit=500%2C359\" data-orig-size=\"500,359\" data-comments-opened=\"1\" data-image-meta=\"{&quot;aperture&quot;:&quot;0&quot;,&quot;credit&quot;:&quot;&quot;,&quot;camera&quot;:&quot;&quot;,&quot;caption&quot;:&quot;&quot;,&quot;created_timestamp&quot;:&quot;0&quot;,&quot;copyright&quot;:&quot;&quot;,&quot;focal_length&quot;:&quot;0&quot;,&quot;iso&quot;:&quot;0&quot;,&quot;shutter_speed&quot;:&quot;0&quot;,&quot;title&quot;:&quot;&quot;}\" data-image-title=\"Rihanna &#8211; River Island\" data-image-description=\"\" data-image-caption=\"\" data-medium-file=\"https:\/\/i0.wp.com\/www.moda.es\/blog\/wp-content\/uploads\/2013\/05\/Rihanna-River-Island.jpg?fit=300%2C215\" data-large-file=\"https:\/\/i0.wp.com\/www.moda.es\/blog\/wp-content\/uploads\/2013\/05\/Rihanna-River-Island.jpg?fit=500%2C359\" loading=\"lazy\" class=\"aligncenter size-full wp-image-12556\" alt=\"Rihanna - River Island\" src=\"https:\/\/i0.wp.com\/www.moda.es\/blog\/wp-content\/uploads\/2013\/05\/Rihanna-River-Island.jpg?resize=500%2C359\" width=\"500\" height=\"359\" srcset=\"https:\/\/i0.wp.com\/www.moda.es\/blog\/wp-content\/uploads\/2013\/05\/Rihanna-River-Island.jpg?w=500 500w, https:\/\/i0.wp.com\/www.moda.es\/blog\/wp-content\/uploads\/2013\/05\/Rihanna-River-Island.jpg?resize=300%2C215 300w\" sizes=\"(max-width: 500px) 100vw, 500px\" data-recalc-dims=\"1\" \/><\/a><\/p>\n<p>Preparaos, la <strong>segunda colecci\u00f3n<\/strong> de <strong>Rihanna para River Island<\/strong> est\u00e1 en camino y llegar\u00e1 a las tiendas el pr\u00f3ximo <strong>25 de mayo.\u00a0<\/strong><\/p>\n<p>Dise\u00f1ada por<strong> Adam Selman<\/strong> y con la supervisi\u00f3n de la cantante, la colecci\u00f3n ha sido creada pensando en todo el equipo de RiRi: \u00abHice una prenda para<strong> cada una de las personas de mi equipo,<\/strong> todos tenemos diferentes tipos de cuerpos y diferentes gustos\u00bb, dice ella. \u00abAlgunos son m\u00e1s valientes que otros, pero, ya sabes, creo que debe ser as\u00ed, porque as\u00ed es como son todas las mujeres en el mundo. <strong>Todos somos diferentes,<\/strong> a todos nos gustan cosas diferentes, todos tenemos diferentes ocasiones, diferentes estados de \u00e1nimo, diferentes formas de cuerpo\u00bb.<\/p>\n<p>La colecci\u00f3n se completa con <strong>sudaderas y camisetas estampadas con su retrato<\/strong> (una imagen fotografiada por Melissa, la mejor amiga de la cantante), varias prendas con efecto<strong> tye-die<\/strong> (geniales para las playas de Jamaica), algunos<strong><em> prints<\/em> florales<\/strong> y prendas de algod\u00f3n con un toque <strong>sexy<\/strong> que seg\u00fan Rihanna adoptar\u00e1 como imprescindibles de su armario \u00abporque son perfectas para su estilo de vida de dudosa reputaci\u00f3n\u00bb (cada cual que interprete lo que quiera).<\/p>\n<p>No te pierdas el v\u00eddeo de Rihanna dando los \u00faltimos toques\u00a0 a la colecci\u00f3n y hazte con tus prendas favoritas <a href=\"http:\/\/www.riverisland.com\/rihanna-for-river-island\" target=\"_blank\">pinchando aqu\u00ed<\/a>.<\/p>\n<p>&nbsp;<\/p>\n<div class=\"jetpack-video-wrapper\"><span class=\"embed-youtube\" style=\"text-align:center; display: block;\"><iframe class=\"youtube-player\" width=\"500\" height=\"315\" src=\"https:\/\/www.youtube.com\/embed\/FeQFEi7CEeA?version=3&#038;rel=1&#038;showsearch=0&#038;showinfo=1&#038;iv_load_policy=1&#038;fs=1&#038;hl=es-ES&#038;autohide=2&#038;wmode=transparent\" allowfullscreen=\"true\" style=\"border:0;\" sandbox=\"allow-scripts allow-same-origin allow-popups allow-presentation\"><\/iframe><\/span><\/div>\n<p>&nbsp;<\/p>\n<p>\u00a9Fashion Telegraph<\/p>\n<p>&nbsp;                             <\/p>\n","protected":false},"excerpt":{"rendered":"<p>Preparaos, la segunda colecci\u00f3n de Rihanna para River Island est\u00e1 en camino y llegar\u00e1 a las tiendas el pr\u00f3ximo 25 de mayo.\u00a0 Dise\u00f1ada por Adam Selman y con la supervisi\u00f3n de la cantante, la colecci\u00f3n ha sido creada pensando en todo el equipo de RiRi: \u00abHice una prenda para cada [&hellip;]<\/p>\n","protected":false},"author":3,"featured_media":17013,"comment_status":"open","ping_status":"open","sticky":false,"template":"","format":"standard","meta":{"jetpack_publicize_message":"","jetpack_is_tweetstorm":false,"jetpack_publicize_feature_enabled":true},"categories":[3,10,11,20],"tags":[767,770],"jetpack_publicize_connections":[],"jetpack_featured_media_url":"https:\/\/i0.wp.com\/www.moda.es\/blog\/wp-content\/uploads\/2013\/05\/Rihanna-River-Island1.jpg?fit=500%2C359","jetpack_sharing_enabled":true,"jetpack_shortlink":"https:\/\/wp.me\/p4tJCC-3gu","jetpack-related-posts":[{"id":13697,"url":"http:\/\/www.moda.es\/blog\/descubre-lo-ultimo-de-rihanna-para-river-island\/","url_meta":{"origin":12554,"position":0},"title":"Descubre la campa\u00f1a de Rihanna para River Island","date":"agosto 12, 2013","format":false,"excerpt":"La sexy cantante de Barbados de veinticinco a\u00f1os ha presentado hoy la campa\u00f1a publicitaria de su \u00faltima colaboraci\u00f3n para la firma de casualwear River Island. Una vez m\u00e1s, Rihanna ha creado una colecci\u00f3n basada en su propio estilo: \"dise\u00f1\u00e9 todo lo que quer\u00eda llevar, exactamente como yo lo quer\u00eda llevar\",\u2026","rel":"","context":"En \u00abCampa\u00f1as\u00bb","img":{"alt_text":"","src":"https:\/\/i0.wp.com\/www.moda.es\/blog\/wp-content\/uploads\/2013\/08\/Rihanna-River-Island2.jpg?fit=300%2C282&resize=350%2C200","width":350,"height":200},"classes":[]},{"id":22261,"url":"http:\/\/www.moda.es\/blog\/descubre-la-ultima-coleccion-de-rihanna-para-manolo-blahnik\/","url_meta":{"origin":12554,"position":1},"title":"Descubre la \u00faltima colecci\u00f3n de Rihanna para Manolo Blahnik","date":"junio 27, 2017","format":false,"excerpt":"Uniendo sus fuerzas para una tercera y \u00faltima colecci\u00f3n, Rihanna y Manolo Blahnik revelan So Stoned, una colecci\u00f3n de sandalias joya llenas de piedras y detalles. Con el lanzamiento previsto para julio, esta colecci\u00f3n de verano sigue las colecciones anteriores Denim Desserts y Savage, y no es menos glamurosa. La\u2026","rel":"","context":"En \u00abAccesorios\u00bb","img":{"alt_text":"","src":"https:\/\/i0.wp.com\/www.moda.es\/blog\/wp-content\/uploads\/2017\/06\/Captura-de-pantalla-2017-06-27-a-las-23.02.28.png?fit=516%2C343&resize=350%2C200","width":350,"height":200},"classes":[]},{"id":11028,"url":"http:\/\/www.moda.es\/blog\/la-semana-de-rihanna\/","url_meta":{"origin":12554,"position":2},"title":"La semana de Rihanna","date":"febrero 20, 2013","format":false,"excerpt":"La Semana de la Moda de Londres ha sido sin duda la semana de Rihanna. Ya te coment\u00e1bamos ayer su presentaci\u00f3n como flamante\u00a0 pero aparte tambi\u00e9n hemos podido conocer la campa\u00f1a. Fotografiada por Mario Sorrenti, las instant\u00e1neas, como con la propia ropa, se inspiran en los a\u00f1os noventa. Las modelos\u2026","rel":"","context":"En \u00abBelleza\u00bb","img":{"alt_text":"","src":"https:\/\/i0.wp.com\/www.moda.es\/blog\/wp-content\/uploads\/2013\/02\/Rihanna-para-River-Island-51.jpg?fit=1080%2C720&resize=350%2C200","width":350,"height":200},"classes":[]},{"id":20886,"url":"http:\/\/www.moda.es\/blog\/dominic-jones-nuevo-disenador-de-river-island\/","url_meta":{"origin":12554,"position":3},"title":"Dominic Jones, nuevo dise\u00f1ador de River Island","date":"julio 19, 2016","format":false,"excerpt":"La marca River Island ha anunciado que el joyero Dominic Jones es el \u00faltimo dise\u00f1ador que\u00a0colaborar\u00e1 con la ya famosa iniciativa Forum Design de la casa. La colecci\u00f3n, que se enfocar\u00e1 \u00fanicamente en los accesorios (la primera para Forum Design) estar\u00e1 compuesto por nueve modelos que\u00a0incluir\u00e1n pendientes, collares, un llavero\u2026","rel":"","context":"En \u00abActualidad\u00bb","img":{"alt_text":"","src":"https:\/\/i0.wp.com\/www.moda.es\/blog\/wp-content\/uploads\/2016\/07\/Captura-de-pantalla-2016-07-19-a-las-23.53.55.png?fit=287%2C429&resize=350%2C200","width":350,"height":200},"classes":[]},{"id":18017,"url":"http:\/\/www.moda.es\/blog\/sandra-hagelstam-para-river-island\/","url_meta":{"origin":12554,"position":4},"title":"Sandra Hagelstam para River Island","date":"agosto 4, 2014","format":false,"excerpt":"Estamos acostumbrados a las colaboraciones de River Island pero la \u00faltima que se ha anunciado es realmente interesante. La marca se ha unido a Sandra Haglestam, la autora del blog 5 inch and Up, quien dise\u00f1ar\u00e1 una colecci\u00f3n c\u00e1psula de calzado para la pr\u00f3xima temporada oto\u00f1o - invierno. \"Me apunt\u00e9\u2026","rel":"","context":"En \u00abAccesorios\u00bb","img":{"alt_text":"","src":"https:\/\/i0.wp.com\/www.moda.es\/blog\/wp-content\/uploads\/2014\/08\/River-Island-3.jpg?fit=650%2C975&resize=350%2C200","width":350,"height":200},"classes":[]},{"id":20530,"url":"http:\/\/www.moda.es\/blog\/rihanna-se-atreve-con-el-mundo-de-la-cosmetica\/","url_meta":{"origin":12554,"position":5},"title":"Rihanna se atreve con el mundo de la cosm\u00e9tica","date":"abril 16, 2016","format":false,"excerpt":"Fenty Beauty, es el nombre de la \u00a0marca de maquillaje creada por Rihanna,\u00a0la primera de su nuevo proyecto cosm\u00e9tico. La cantante ha firmado un acuerdo con la divisi\u00f3n de Kendo de LVMH (que tambi\u00e9n produce Marc Jacobs Beauty) para crear una colecci\u00f3n completa de cosm\u00e9ticos que se pondr\u00e1\u00a0en marcha en\u2026","rel":"","context":"En \u00abActualidad\u00bb","img":{"alt_text":"","src":"https:\/\/i0.wp.com\/www.moda.es\/blog\/wp-content\/uploads\/2016\/04\/Captura-de-pantalla-2016-04-16-a-las-13.36.59.png?fit=294%2C434&resize=350%2C200","width":350,"height":200},"classes":[]}],"_links":{"self":[{"href":"http:\/\/www.moda.es\/blog\/wp-json\/wp\/v2\/posts\/12554"}],"collection":[{"href":"http:\/\/www.moda.es\/blog\/wp-json\/wp\/v2\/posts"}],"about":[{"href":"http:\/\/www.moda.es\/blog\/wp-json\/wp\/v2\/types\/post"}],"author":[{"embeddable":true,"href":"http:\/\/www.moda.es\/blog\/wp-json\/wp\/v2\/users\/3"}],"replies":[{"embeddable":true,"href":"http:\/\/www.moda.es\/blog\/wp-json\/wp\/v2\/comments?post=12554"}],"version-history":[{"count":5,"href":"http:\/\/www.moda.es\/blog\/wp-json\/wp\/v2\/posts\/12554\/revisions"}],"predecessor-version":[{"id":36627,"href":"http:\/\/www.moda.es\/blog\/wp-json\/wp\/v2\/posts\/12554\/revisions\/36627"}],"wp:featuredmedia":[{"embeddable":true,"href":"http:\/\/www.moda.es\/blog\/wp-json\/wp\/v2\/media\/17013"}],"wp:attachment":[{"href":"http:\/\/www.moda.es\/blog\/wp-json\/wp\/v2\/media?parent=12554"}],"wp:term":[{"taxonomy":"category","embeddable":true,"href":"http:\/\/www.moda.es\/blog\/wp-json\/wp\/v2\/categories?post=12554"},{"taxonomy":"post_tag","embeddable":true,"href":"http:\/\/www.moda.es\/blog\/wp-json\/wp\/v2\/tags?post=12554"}],"curies":[{"name":"wp","href":"https:\/\/api.w.org\/{rel}","templated":true}]}}