{"id":12328,"date":"2013-05-04T20:00:45","date_gmt":"2013-05-04T19:00:45","guid":{"rendered":"http:\/\/www.moda.es\/blog\/?p=12328"},"modified":"2020-04-27T18:12:59","modified_gmt":"2020-04-27T17:12:59","slug":"lo-mejor-de-la-semana-4-de-mayo","status":"publish","type":"post","link":"http:\/\/www.moda.es\/blog\/lo-mejor-de-la-semana-4-de-mayo\/","title":{"rendered":"Lo mejor de la semana. 4 de mayo"},"content":{"rendered":"<p>Si eres de los afortunados que han tenido puente en Madrid y has podido disfurtar de 5 largos d\u00edas de escapada quiz\u00e1s hayas estado un poco desconectado. No te preocupes, en este d\u00eda en el que poco a poco empezamos a despertar a la cruda realidad te presentamos aqu\u00ed todo lo que te has perdido.<\/p>\n<p><strong>Nicolas Ghesqui\u00e8re<\/strong> ha hablado claro esta semana sobre las razones que le movieron a abandonar <strong>Balenciaga<\/strong>, y realmente parece la cr\u00f3nica de una muerte anunciada. \u00abEn los \u00faltimos dos o tres a\u00f1os se convirti\u00f3 en una frustraci\u00f3n tras otra. Fue realmente la <strong>falta de cultura<\/strong> que me molest\u00f3 al final. Las piezas m\u00e1s fuertes que hemos hecho para la pasarela qued\u00f3 ignorado por la gente de la industria\u00bb, ha afirmado.<\/p>\n<p>\u00abNo hab\u00eda realmente ninguna direcci\u00f3n. Creo que con <strong>Karl<\/strong> [en Chanel] y <strong>Miuccia<\/strong> [en Prada], se puede sentir que son los creativos los que tienen el poder\u00bb, contin\u00faa. \u00abFue en ese momento en el que la gente me dec\u00eda:\u00bb Tu estilo es tan Balenciaga ahora, ya no es Nicolas Ghesqui\u00e8re &#8216;\u00bb Todo se hizo tan deshumanizado que empec\u00e9 a sentir como si estuviera siendo<strong> aspirado en seco<\/strong>, como si quisieran robar mi identidad al tratar de homogeneizar las cosas. Simplemente no estaba cumpliendo ya.\u00bb<\/p>\n<p>De momento tiene la mente abierta a proyectos y propuestas, esperemos que en esta ocasi\u00f3n la elecci\u00f3n no sea tan destructiva.<\/p>\n<p style=\"text-align: center\"><a href=\"https:\/\/i0.wp.com\/www.moda.es\/blog\/wp-content\/uploads\/2013\/05\/nicolas-ghesquiere.jpg\" target=\"_blank\"><img data-attachment-id=\"12336\" data-permalink=\"http:\/\/www.moda.es\/blog\/lo-mejor-de-la-semana-4-de-mayo\/nicolas-ghesquiere\/\" data-orig-file=\"https:\/\/i0.wp.com\/www.moda.es\/blog\/wp-content\/uploads\/2013\/05\/nicolas-ghesquiere.jpg?fit=500%2C750\" data-orig-size=\"500,750\" data-comments-opened=\"1\" data-image-meta=\"{&quot;aperture&quot;:&quot;0&quot;,&quot;credit&quot;:&quot;&quot;,&quot;camera&quot;:&quot;&quot;,&quot;caption&quot;:&quot;&quot;,&quot;created_timestamp&quot;:&quot;0&quot;,&quot;copyright&quot;:&quot;&quot;,&quot;focal_length&quot;:&quot;0&quot;,&quot;iso&quot;:&quot;0&quot;,&quot;shutter_speed&quot;:&quot;0&quot;,&quot;title&quot;:&quot;&quot;}\" data-image-title=\"nicolas ghesquiere\" data-image-description=\"\" data-image-caption=\"\" data-medium-file=\"https:\/\/i0.wp.com\/www.moda.es\/blog\/wp-content\/uploads\/2013\/05\/nicolas-ghesquiere.jpg?fit=200%2C300\" data-large-file=\"https:\/\/i0.wp.com\/www.moda.es\/blog\/wp-content\/uploads\/2013\/05\/nicolas-ghesquiere.jpg?fit=500%2C750\" loading=\"lazy\" class=\"aligncenter  wp-image-12336\" alt=\"nicolas ghesquiere\" src=\"https:\/\/i0.wp.com\/www.moda.es\/blog\/wp-content\/uploads\/2013\/05\/nicolas-ghesquiere.jpg?resize=400%2C600\" width=\"400\" height=\"600\" srcset=\"https:\/\/i0.wp.com\/www.moda.es\/blog\/wp-content\/uploads\/2013\/05\/nicolas-ghesquiere.jpg?w=500 500w, https:\/\/i0.wp.com\/www.moda.es\/blog\/wp-content\/uploads\/2013\/05\/nicolas-ghesquiere.jpg?resize=200%2C300 200w\" sizes=\"(max-width: 400px) 100vw, 400px\" data-recalc-dims=\"1\" \/><\/a><\/p>\n<p><strong>Carolina Herrera<\/strong> estrena nueva fragancia. <strong>Eau de Parfume Sublime<\/strong> es un aroma dedicado la mujer elegante, sofisticada y sensual de la familia <strong>chipre<\/strong> y construida a partir de notas de rosa, pachuli, cuero, orqu\u00eddea, flor de la pasi\u00f3n y bergamota. Y aqu\u00ed no queda poco porque con el nuevo perfume la dise\u00f1adora ha lanzado una <strong>colecci\u00f3n c\u00e1psula<\/strong> <strong>de accesorios.<\/strong><\/p>\n<p><a href=\"https:\/\/i0.wp.com\/www.moda.es\/blog\/wp-content\/uploads\/2013\/05\/CH_EDP_80ml_bottle+packaging.jpg\"><img data-attachment-id=\"12333\" data-permalink=\"http:\/\/www.moda.es\/blog\/lo-mejor-de-la-semana-4-de-mayo\/ch_edp_80ml_bottlepackaging\/\" data-orig-file=\"https:\/\/i0.wp.com\/www.moda.es\/blog\/wp-content\/uploads\/2013\/05\/CH_EDP_80ml_bottle+packaging.jpg?fit=500%2C341\" data-orig-size=\"500,341\" data-comments-opened=\"1\" data-image-meta=\"{&quot;aperture&quot;:&quot;11&quot;,&quot;credit&quot;:&quot;&quot;,&quot;camera&quot;:&quot;NIKON D200&quot;,&quot;caption&quot;:&quot;&quot;,&quot;created_timestamp&quot;:&quot;1355777571&quot;,&quot;copyright&quot;:&quot;&quot;,&quot;focal_length&quot;:&quot;35&quot;,&quot;iso&quot;:&quot;100&quot;,&quot;shutter_speed&quot;:&quot;0.00625&quot;,&quot;title&quot;:&quot;&quot;}\" data-image-title=\"CH_EDP_80ml_bottle+packaging\" data-image-description=\"\" data-image-caption=\"\" data-medium-file=\"https:\/\/i0.wp.com\/www.moda.es\/blog\/wp-content\/uploads\/2013\/05\/CH_EDP_80ml_bottle+packaging.jpg?fit=300%2C204\" data-large-file=\"https:\/\/i0.wp.com\/www.moda.es\/blog\/wp-content\/uploads\/2013\/05\/CH_EDP_80ml_bottle+packaging.jpg?fit=500%2C341\" loading=\"lazy\" class=\"aligncenter size-full wp-image-12333\" alt=\"CH_EDP_80ml_bottle+packaging\" src=\"https:\/\/i0.wp.com\/www.moda.es\/blog\/wp-content\/uploads\/2013\/05\/CH_EDP_80ml_bottle+packaging.jpg?resize=500%2C341\" width=\"500\" height=\"341\" srcset=\"https:\/\/i0.wp.com\/www.moda.es\/blog\/wp-content\/uploads\/2013\/05\/CH_EDP_80ml_bottle+packaging.jpg?w=500 500w, https:\/\/i0.wp.com\/www.moda.es\/blog\/wp-content\/uploads\/2013\/05\/CH_EDP_80ml_bottle+packaging.jpg?resize=300%2C204 300w\" sizes=\"(max-width: 500px) 100vw, 500px\" data-recalc-dims=\"1\" \/><\/a> <a href=\"https:\/\/i0.wp.com\/www.moda.es\/blog\/wp-content\/uploads\/2013\/05\/Guantes.jpg\" target=\"_blank\"><img data-attachment-id=\"12334\" data-permalink=\"http:\/\/www.moda.es\/blog\/lo-mejor-de-la-semana-4-de-mayo\/guantes\/\" data-orig-file=\"https:\/\/i0.wp.com\/www.moda.es\/blog\/wp-content\/uploads\/2013\/05\/Guantes.jpg?fit=500%2C500\" data-orig-size=\"500,500\" data-comments-opened=\"1\" data-image-meta=\"{&quot;aperture&quot;:&quot;4&quot;,&quot;credit&quot;:&quot;&quot;,&quot;camera&quot;:&quot;Canon EOS 5D Mark II&quot;,&quot;caption&quot;:&quot;&quot;,&quot;created_timestamp&quot;:&quot;1361882527&quot;,&quot;copyright&quot;:&quot;&quot;,&quot;focal_length&quot;:&quot;60&quot;,&quot;iso&quot;:&quot;400&quot;,&quot;shutter_speed&quot;:&quot;0.016666666666667&quot;,&quot;title&quot;:&quot;&quot;}\" data-image-title=\"Guantes\" data-image-description=\"\" data-image-caption=\"\" data-medium-file=\"https:\/\/i0.wp.com\/www.moda.es\/blog\/wp-content\/uploads\/2013\/05\/Guantes.jpg?fit=300%2C300\" data-large-file=\"https:\/\/i0.wp.com\/www.moda.es\/blog\/wp-content\/uploads\/2013\/05\/Guantes.jpg?fit=500%2C500\" loading=\"lazy\" class=\" wp-image-12334 alignnone\" alt=\"Guantes\" src=\"https:\/\/i0.wp.com\/www.moda.es\/blog\/wp-content\/uploads\/2013\/05\/Guantes.jpg?resize=250%2C250\" width=\"250\" height=\"250\" srcset=\"https:\/\/i0.wp.com\/www.moda.es\/blog\/wp-content\/uploads\/2013\/05\/Guantes.jpg?w=500 500w, https:\/\/i0.wp.com\/www.moda.es\/blog\/wp-content\/uploads\/2013\/05\/Guantes.jpg?resize=150%2C150 150w, https:\/\/i0.wp.com\/www.moda.es\/blog\/wp-content\/uploads\/2013\/05\/Guantes.jpg?resize=300%2C300 300w\" sizes=\"(max-width: 250px) 100vw, 250px\" data-recalc-dims=\"1\" \/><\/a><a href=\"https:\/\/i0.wp.com\/www.moda.es\/blog\/wp-content\/uploads\/2013\/05\/Zapatos.jpg\" target=\"_blank\"><img loading=\"lazy\" alt=\"Zapatos\" src=\"https:\/\/i0.wp.com\/www.moda.es\/blog\/wp-content\/uploads\/2013\/05\/Zapatos.jpg?resize=250%2C250\" width=\"250\" height=\"250\" data-recalc-dims=\"1\" \/><\/a><\/p>\n<p>\u00bfRecuerdas que te anunciamos la presentaci\u00f3n de una nueva <a href=\"http:\/\/www.moda.es\/blog\/index.php\/2013\/04\/22\/loewe-forever-young\/\" target=\"_blank\">colecci\u00f3n mucho m\u00e1s juvenil de Loewe<\/a>? Pues ya puedes hacerte cone lla. La marca ha instalado un quiosco itinerante en el exterior de <strong>El Corte Ingl\u00e9s de Castellana en Madrid<\/strong>, y all\u00ed te esperar\u00e1 hasta el pr\u00f3ximo<strong> 22 de mayo<\/strong>. Posteriormente,\u00a0 se instalar\u00e1 desde el<strong> 24 de mayo<\/strong> hasta el<strong> 18 de junio<\/strong> en el exterior de <strong>El Corte Ingl\u00e9s de Diagonal, en Barcelona<\/strong>, para desplazarse hasta el <strong>Skycenter<\/strong> del <strong>aeropuerto<\/strong> de <strong>El Prat el 20 de junio hasta el 31 de Julio.<\/strong><\/p>\n<p><a href=\"https:\/\/i0.wp.com\/www.moda.es\/blog\/wp-content\/uploads\/2013\/05\/Loewe.jpg\"><img data-attachment-id=\"12335\" data-permalink=\"http:\/\/www.moda.es\/blog\/lo-mejor-de-la-semana-4-de-mayo\/loewe-5\/\" data-orig-file=\"https:\/\/i0.wp.com\/www.moda.es\/blog\/wp-content\/uploads\/2013\/05\/Loewe.jpg?fit=500%2C536\" data-orig-size=\"500,536\" data-comments-opened=\"1\" data-image-meta=\"{&quot;aperture&quot;:&quot;0&quot;,&quot;credit&quot;:&quot;&quot;,&quot;camera&quot;:&quot;&quot;,&quot;caption&quot;:&quot;&quot;,&quot;created_timestamp&quot;:&quot;0&quot;,&quot;copyright&quot;:&quot;&quot;,&quot;focal_length&quot;:&quot;0&quot;,&quot;iso&quot;:&quot;0&quot;,&quot;shutter_speed&quot;:&quot;0&quot;,&quot;title&quot;:&quot;&quot;}\" data-image-title=\"Loewe\" data-image-description=\"\" data-image-caption=\"\" data-medium-file=\"https:\/\/i0.wp.com\/www.moda.es\/blog\/wp-content\/uploads\/2013\/05\/Loewe.jpg?fit=279%2C300\" data-large-file=\"https:\/\/i0.wp.com\/www.moda.es\/blog\/wp-content\/uploads\/2013\/05\/Loewe.jpg?fit=500%2C536\" loading=\"lazy\" class=\"aligncenter size-full wp-image-12335\" alt=\"Loewe\" src=\"https:\/\/i0.wp.com\/www.moda.es\/blog\/wp-content\/uploads\/2013\/05\/Loewe.jpg?resize=500%2C536\" width=\"500\" height=\"536\" srcset=\"https:\/\/i0.wp.com\/www.moda.es\/blog\/wp-content\/uploads\/2013\/05\/Loewe.jpg?w=500 500w, https:\/\/i0.wp.com\/www.moda.es\/blog\/wp-content\/uploads\/2013\/05\/Loewe.jpg?resize=279%2C300 279w\" sizes=\"(max-width: 500px) 100vw, 500px\" data-recalc-dims=\"1\" \/><\/a><\/p>\n<p>Enamoradas del mayor puesto de imitaciones del pa\u00eds, digo&#8230; de la mejor tienda de moda low cost de nuestra piel de toro, est\u00e1is de enhorabuena. El n\u00famero<strong> 23<\/strong> de la calle <strong>Serrano<\/strong> de la capital ser\u00e1 pronto testigo de la tienda <strong>Zara<\/strong> m\u00e1s grande de Europa. <strong>2.500 metros cuadrados<\/strong> de ropa y complementos. Para perderse.<\/p>\n<p><a href=\"https:\/\/i0.wp.com\/www.moda.es\/blog\/wp-content\/uploads\/2013\/05\/zara.jpg\"><img data-attachment-id=\"12349\" data-permalink=\"http:\/\/www.moda.es\/blog\/lo-mejor-de-la-semana-4-de-mayo\/zara-5\/\" data-orig-file=\"https:\/\/i0.wp.com\/www.moda.es\/blog\/wp-content\/uploads\/2013\/05\/zara.jpg?fit=500%2C333\" data-orig-size=\"500,333\" data-comments-opened=\"1\" data-image-meta=\"{&quot;aperture&quot;:&quot;22&quot;,&quot;credit&quot;:&quot;&quot;,&quot;camera&quot;:&quot;Canon EOS-1Ds Mark II&quot;,&quot;caption&quot;:&quot;&quot;,&quot;created_timestamp&quot;:&quot;1164707749&quot;,&quot;copyright&quot;:&quot;&quot;,&quot;focal_length&quot;:&quot;70&quot;,&quot;iso&quot;:&quot;100&quot;,&quot;shutter_speed&quot;:&quot;1.6&quot;,&quot;title&quot;:&quot;&quot;}\" data-image-title=\"zara\" data-image-description=\"\" data-image-caption=\"\" data-medium-file=\"https:\/\/i0.wp.com\/www.moda.es\/blog\/wp-content\/uploads\/2013\/05\/zara.jpg?fit=300%2C199\" data-large-file=\"https:\/\/i0.wp.com\/www.moda.es\/blog\/wp-content\/uploads\/2013\/05\/zara.jpg?fit=500%2C333\" loading=\"lazy\" class=\"aligncenter size-full wp-image-12349\" alt=\"zara\" src=\"https:\/\/i0.wp.com\/www.moda.es\/blog\/wp-content\/uploads\/2013\/05\/zara.jpg?resize=500%2C333\" width=\"500\" height=\"333\" srcset=\"https:\/\/i0.wp.com\/www.moda.es\/blog\/wp-content\/uploads\/2013\/05\/zara.jpg?w=500 500w, https:\/\/i0.wp.com\/www.moda.es\/blog\/wp-content\/uploads\/2013\/05\/zara.jpg?resize=300%2C199 300w\" sizes=\"(max-width: 500px) 100vw, 500px\" data-recalc-dims=\"1\" \/><\/a><\/p>\n<p><strong>Intimissimi<\/strong> se apunta tambi\u00e9n a la tendencia de las piezas joyas con su <strong>colecci\u00f3n c\u00e1psula Light<\/strong>. Cuatro conjuntos de <strong>sujetadores push up<\/strong> de tirantes estrechos, con gemas que dan forma a geometr\u00edas florales que enmarcan el escote.<\/p>\n<p><a href=\"https:\/\/i0.wp.com\/www.moda.es\/blog\/wp-content\/uploads\/2013\/05\/Intimissimi-3.jpg\"><img data-attachment-id=\"12345\" data-permalink=\"http:\/\/www.moda.es\/blog\/lo-mejor-de-la-semana-4-de-mayo\/intimissimi-3\/\" data-orig-file=\"https:\/\/i0.wp.com\/www.moda.es\/blog\/wp-content\/uploads\/2013\/05\/Intimissimi-3.jpg?fit=500%2C354\" data-orig-size=\"500,354\" data-comments-opened=\"1\" data-image-meta=\"{&quot;aperture&quot;:&quot;0&quot;,&quot;credit&quot;:&quot;&quot;,&quot;camera&quot;:&quot;&quot;,&quot;caption&quot;:&quot;&quot;,&quot;created_timestamp&quot;:&quot;0&quot;,&quot;copyright&quot;:&quot;&quot;,&quot;focal_length&quot;:&quot;0&quot;,&quot;iso&quot;:&quot;0&quot;,&quot;shutter_speed&quot;:&quot;0&quot;,&quot;title&quot;:&quot;&quot;}\" data-image-title=\"Intimissimi 3\" data-image-description=\"\" data-image-caption=\"\" data-medium-file=\"https:\/\/i0.wp.com\/www.moda.es\/blog\/wp-content\/uploads\/2013\/05\/Intimissimi-3.jpg?fit=300%2C212\" data-large-file=\"https:\/\/i0.wp.com\/www.moda.es\/blog\/wp-content\/uploads\/2013\/05\/Intimissimi-3.jpg?fit=500%2C354\" loading=\"lazy\" class=\"aligncenter size-full wp-image-12345\" alt=\"Intimissimi 3\" src=\"https:\/\/i0.wp.com\/www.moda.es\/blog\/wp-content\/uploads\/2013\/05\/Intimissimi-3.jpg?resize=500%2C354\" width=\"500\" height=\"354\" srcset=\"https:\/\/i0.wp.com\/www.moda.es\/blog\/wp-content\/uploads\/2013\/05\/Intimissimi-3.jpg?w=500 500w, https:\/\/i0.wp.com\/www.moda.es\/blog\/wp-content\/uploads\/2013\/05\/Intimissimi-3.jpg?resize=300%2C212 300w\" sizes=\"(max-width: 500px) 100vw, 500px\" data-recalc-dims=\"1\" \/><\/a> <a href=\"https:\/\/i0.wp.com\/www.moda.es\/blog\/wp-content\/uploads\/2013\/05\/Intimissimi-4.jpg\" target=\"_blank\"><img data-attachment-id=\"12346\" data-permalink=\"http:\/\/www.moda.es\/blog\/lo-mejor-de-la-semana-4-de-mayo\/intimissimi-4\/\" data-orig-file=\"https:\/\/i0.wp.com\/www.moda.es\/blog\/wp-content\/uploads\/2013\/05\/Intimissimi-4.jpg?fit=472%2C394\" data-orig-size=\"472,394\" data-comments-opened=\"1\" data-image-meta=\"{&quot;aperture&quot;:&quot;0&quot;,&quot;credit&quot;:&quot;&quot;,&quot;camera&quot;:&quot;&quot;,&quot;caption&quot;:&quot;&quot;,&quot;created_timestamp&quot;:&quot;0&quot;,&quot;copyright&quot;:&quot;&quot;,&quot;focal_length&quot;:&quot;0&quot;,&quot;iso&quot;:&quot;0&quot;,&quot;shutter_speed&quot;:&quot;0&quot;,&quot;title&quot;:&quot;&quot;}\" data-image-title=\"Intimissimi 4\" data-image-description=\"\" data-image-caption=\"\" data-medium-file=\"https:\/\/i0.wp.com\/www.moda.es\/blog\/wp-content\/uploads\/2013\/05\/Intimissimi-4.jpg?fit=300%2C250\" data-large-file=\"https:\/\/i0.wp.com\/www.moda.es\/blog\/wp-content\/uploads\/2013\/05\/Intimissimi-4.jpg?fit=472%2C394\" loading=\"lazy\" class=\" wp-image-12346 alignnone\" alt=\"Intimissimi 4\" src=\"https:\/\/i0.wp.com\/www.moda.es\/blog\/wp-content\/uploads\/2013\/05\/Intimissimi-4.jpg?resize=250%2C250\" width=\"250\" height=\"250\" data-recalc-dims=\"1\" \/><\/a> <a href=\"https:\/\/i0.wp.com\/www.moda.es\/blog\/wp-content\/uploads\/2013\/05\/Intimissimi-5.jpg\" target=\"_blank\"><img data-attachment-id=\"12347\" data-permalink=\"http:\/\/www.moda.es\/blog\/lo-mejor-de-la-semana-4-de-mayo\/intimissimi-5\/\" data-orig-file=\"https:\/\/i0.wp.com\/www.moda.es\/blog\/wp-content\/uploads\/2013\/05\/Intimissimi-5.jpg?fit=472%2C394\" data-orig-size=\"472,394\" data-comments-opened=\"1\" data-image-meta=\"{&quot;aperture&quot;:&quot;0&quot;,&quot;credit&quot;:&quot;&quot;,&quot;camera&quot;:&quot;&quot;,&quot;caption&quot;:&quot;&quot;,&quot;created_timestamp&quot;:&quot;0&quot;,&quot;copyright&quot;:&quot;&quot;,&quot;focal_length&quot;:&quot;0&quot;,&quot;iso&quot;:&quot;0&quot;,&quot;shutter_speed&quot;:&quot;0&quot;,&quot;title&quot;:&quot;&quot;}\" data-image-title=\"Intimissimi 5\" data-image-description=\"\" data-image-caption=\"\" data-medium-file=\"https:\/\/i0.wp.com\/www.moda.es\/blog\/wp-content\/uploads\/2013\/05\/Intimissimi-5.jpg?fit=300%2C250\" data-large-file=\"https:\/\/i0.wp.com\/www.moda.es\/blog\/wp-content\/uploads\/2013\/05\/Intimissimi-5.jpg?fit=472%2C394\" loading=\"lazy\" class=\" wp-image-12347 alignnone\" alt=\"Intimissimi 5\" src=\"https:\/\/i0.wp.com\/www.moda.es\/blog\/wp-content\/uploads\/2013\/05\/Intimissimi-5.jpg?resize=250%2C250\" width=\"250\" height=\"250\" data-recalc-dims=\"1\" \/><\/a><\/p>\n<p>Feliz semana.<\/p>\n<p>&nbsp;<\/p>\n<p>\u00a9Firmas \/ Fashion United                             <\/p>\n","protected":false},"excerpt":{"rendered":"<p>Si eres de los afortunados que han tenido puente en Madrid y has podido disfurtar de 5 largos d\u00edas de escapada quiz\u00e1s hayas estado un poco desconectado. No te preocupes, en este d\u00eda en el que poco a poco empezamos a despertar a la cruda realidad te presentamos aqu\u00ed todo [&hellip;]<\/p>\n","protected":false},"author":3,"featured_media":17009,"comment_status":"open","ping_status":"open","sticky":false,"template":"","format":"standard","meta":{"jetpack_publicize_message":"","jetpack_is_tweetstorm":false,"jetpack_publicize_feature_enabled":true},"categories":[3,6,10,12,28],"tags":[31,170,182,403,464,540,628,665,731,962],"jetpack_publicize_connections":[],"jetpack_featured_media_url":"https:\/\/i0.wp.com\/www.moda.es\/blog\/wp-content\/uploads\/2013\/05\/nicolas-ghesquiere1.jpg?fit=500%2C750","jetpack_sharing_enabled":true,"jetpack_shortlink":"https:\/\/wp.me\/p4tJCC-3cQ","jetpack-related-posts":[{"id":13089,"url":"http:\/\/www.moda.es\/blog\/problemas-para-nicolas-ghesquiere\/","url_meta":{"origin":12328,"position":0},"title":"Problemas para Nicolas Ghesqui\u00e8re","date":"junio 20, 2013","format":false,"excerpt":"Nicolas Ghesqui\u00e8re y Balenciaga anunciaron el fin de su relaci\u00f3n de 15 a\u00f1os en noviembre del a\u00f1o pasado, y el dise\u00f1ador fue finalmente sucedido por Alexander Wang. Hubo mucha especulaci\u00f3n respecto a su siguiente paso ser\u00e1 (se dice que podr\u00eda hacerse cargo de Louis Vuitton, en caso de que Marc\u2026","rel":"","context":"En \u00abActualidad\u00bb","img":{"alt_text":"","src":"https:\/\/i0.wp.com\/www.moda.es\/blog\/wp-content\/uploads\/2013\/06\/Nicolas-Ghesquiere1.jpg?fit=400%2C582&resize=350%2C200","width":350,"height":200},"classes":[]},{"id":14387,"url":"http:\/\/www.moda.es\/blog\/tenemos-nuevo-chico-en-vuitton\/","url_meta":{"origin":12328,"position":1},"title":"Tenemos nuevo chico en Vuitton","date":"octubre 10, 2013","format":false,"excerpt":"Con tantas salidas y entradas el mundo de la moda en estos momentos es lo m\u00e1s parecido al baile de las sillas. Unos vienen y otros van, los dise\u00f1adores y las marcas se toman y se dejan y cada d\u00eda es un debate sobre qui\u00e9n dejar\u00e1 qu\u00e9 casa y a\u2026","rel":"","context":"En \u00abActualidad\u00bb","img":{"alt_text":"","src":"https:\/\/i0.wp.com\/www.moda.es\/blog\/wp-content\/uploads\/2013\/10\/Nicolas-Ghesquiere-181.jpg?fit=500%2C750&resize=350%2C200","width":350,"height":200},"classes":[]},{"id":16157,"url":"http:\/\/www.moda.es\/blog\/y-ahora-que-haremos-senor-ghesquiere\/","url_meta":{"origin":12328,"position":2},"title":"Y ahora, \u00bfqu\u00e9 haremos se\u00f1or Ghesqui\u00e8re?","date":"marzo 15, 2014","format":false,"excerpt":"Vanity Fair ha hablado por primera vez sobre sus planes para Louis Vuitton, despu\u00e9s del triunfo de su primera colecci\u00f3n para la marca, y lo ha hecho con Vanity Fair. \"Nunca olvides que lo que se convierte en atemporal vez fue al mismo tiempo realmente nuevo \", asegura en la\u2026","rel":"","context":"En \u00abActualidad\u00bb","img":{"alt_text":"","src":"https:\/\/i0.wp.com\/www.moda.es\/blog\/wp-content\/uploads\/2014\/03\/nicolas-ghesquiere1.jpg?fit=500%2C750&resize=350%2C200","width":350,"height":200},"classes":[]},{"id":16054,"url":"http:\/\/www.moda.es\/blog\/nicolas-ghesquiere-debuta-en-louis-vuitton-el-veredicto\/","url_meta":{"origin":12328,"position":3},"title":"Nicolas Ghesqui\u00e8re debuta en Louis Vuitton: el veredicto","date":"marzo 5, 2014","format":false,"excerpt":"La colecci\u00f3n inaugural de Nicolas Ghesqui\u00e8re para Louis Vuitton ha generado la misma expectativa feliz e impaciente con la que un ni\u00f1o aguarda la ma\u00f1ana de Reyes. \"Hoy es un nuevo d\u00eda. Un gran d\u00eda\", ha afirmado Ghesqui\u00e8re. \"Est\u00e1 a punto de presentarse mi primer desfile de moda para Louis\u2026","rel":"","context":"En \u00abActualidad\u00bb","img":{"alt_text":"","src":"https:\/\/i0.wp.com\/www.moda.es\/blog\/wp-content\/uploads\/2014\/03\/Vuitton-110.jpg?fit=500%2C750&resize=350%2C200","width":350,"height":200},"classes":[]},{"id":13581,"url":"http:\/\/www.moda.es\/blog\/tenemos-nuevo-chico-en-paco-rabanne\/","url_meta":{"origin":12328,"position":4},"title":"Tenemos nuevo chico en Paco Rabanne","date":"agosto 2, 2013","format":false,"excerpt":"Paco Rabanne lleva tiempo pidiendo a gritos un cambio y una renovaci\u00f3ny esta llegar\u00e1 con las nuevas colecciones de su flamante y reci\u00e9n estrenado Director Creativo. En los \u00faltimos tres a\u00f1os, hasta tres personas diferentes han ostentado este cargo, y el sucesor de la \u00faltima reina, Lydia Maurer, es Julien\u2026","rel":"","context":"En \u00abDise\u00f1adores\u00bb","img":{"alt_text":"","src":"https:\/\/i0.wp.com\/www.moda.es\/blog\/wp-content\/uploads\/2013\/08\/dossena1.jpg?fit=400%2C516&resize=350%2C200","width":350,"height":200},"classes":[]},{"id":22156,"url":"http:\/\/www.moda.es\/blog\/louis-vuitton-sorprende-es-el-desfile-de-su-coleccion-resort\/","url_meta":{"origin":12328,"position":5},"title":"Louis Vuitton sorprende es el desfile de su colecci\u00f3n Resort","date":"mayo 20, 2017","format":false,"excerpt":"En la colecci\u00f3n Resort 2018\u00a0de Louis Vuitton, su director art\u00edstico Nicolas Ghesqui\u00e8re rindi\u00f3 homenaje al emblem\u00e1tico dise\u00f1ador y artista japon\u00e9s Kansai Yamamoto, famoso por haber hecho un gran n\u00famero de trajes a\u00a0David Bowie pero tambi\u00e9n por ser el primer dise\u00f1ador japon\u00e9s en Par\u00eds y reinventar el kimono para una audiencia\u2026","rel":"","context":"En \u00abColecciones\u00bb","img":{"alt_text":"","src":"https:\/\/i0.wp.com\/www.moda.es\/blog\/wp-content\/uploads\/2017\/05\/Captura-de-pantalla-2017-05-20-a-las-20.32.39.png?fit=609%2C402&resize=350%2C200","width":350,"height":200},"classes":[]}],"_links":{"self":[{"href":"http:\/\/www.moda.es\/blog\/wp-json\/wp\/v2\/posts\/12328"}],"collection":[{"href":"http:\/\/www.moda.es\/blog\/wp-json\/wp\/v2\/posts"}],"about":[{"href":"http:\/\/www.moda.es\/blog\/wp-json\/wp\/v2\/types\/post"}],"author":[{"embeddable":true,"href":"http:\/\/www.moda.es\/blog\/wp-json\/wp\/v2\/users\/3"}],"replies":[{"embeddable":true,"href":"http:\/\/www.moda.es\/blog\/wp-json\/wp\/v2\/comments?post=12328"}],"version-history":[{"count":5,"href":"http:\/\/www.moda.es\/blog\/wp-json\/wp\/v2\/posts\/12328\/revisions"}],"predecessor-version":[{"id":36634,"href":"http:\/\/www.moda.es\/blog\/wp-json\/wp\/v2\/posts\/12328\/revisions\/36634"}],"wp:featuredmedia":[{"embeddable":true,"href":"http:\/\/www.moda.es\/blog\/wp-json\/wp\/v2\/media\/17009"}],"wp:attachment":[{"href":"http:\/\/www.moda.es\/blog\/wp-json\/wp\/v2\/media?parent=12328"}],"wp:term":[{"taxonomy":"category","embeddable":true,"href":"http:\/\/www.moda.es\/blog\/wp-json\/wp\/v2\/categories?post=12328"},{"taxonomy":"post_tag","embeddable":true,"href":"http:\/\/www.moda.es\/blog\/wp-json\/wp\/v2\/tags?post=12328"}],"curies":[{"name":"wp","href":"https:\/\/api.w.org\/{rel}","templated":true}]}}