{"id":12300,"date":"2013-05-02T22:12:31","date_gmt":"2013-05-02T21:12:31","guid":{"rendered":"http:\/\/www.moda.es\/blog\/?p=12300"},"modified":"2020-04-27T18:13:18","modified_gmt":"2020-04-27T17:13:18","slug":"salvatore-ferragamo-celebra-el-35-aniversario-de-sus-vara","status":"publish","type":"post","link":"http:\/\/www.moda.es\/blog\/salvatore-ferragamo-celebra-el-35-aniversario-de-sus-vara\/","title":{"rendered":"Salvatore Ferragamo celebra el 35 aniversario de sus Vara"},"content":{"rendered":"<p>Si pensamos en <strong>Salvatore Ferragamo<\/strong> es inevitable pensar en sus ic\u00f3nicos Vara. De tac\u00f3n medio, confeccionados en la mejor piel italiana y coronados en el empeine con un lazo plano de grosgrain, todas, y no es una exageraci\u00f3n, los han lucido.<\/p>\n<p>Desde <strong>Marilyn Monroe<\/strong> hasta <strong>Margaret Tatcher<\/strong> (si comulga con mujeres tan dispares desde luego no puede haber un zapato m\u00e1s vers\u00e1til),<strong><\/strong> este zapato ha formado parte de grandes guardarropas y ha pasado de generaci\u00f3n en generaci\u00f3n. Con suerte tu abuela ten\u00eda un par y hoy t\u00fa tambi\u00e9n podr\u00e1s lucirlos y celebrar con la marca su <strong>35 cumplea\u00f1os<\/strong>.<\/p>\n<p><a href=\"https:\/\/i0.wp.com\/www.moda.es\/blog\/wp-content\/uploads\/2013\/05\/Ferragamo-Varas-1.jpg\"><img data-attachment-id=\"12303\" data-permalink=\"http:\/\/www.moda.es\/blog\/salvatore-ferragamo-celebra-el-35-aniversario-de-sus-vara\/ferragamo-varas-1\/\" data-orig-file=\"https:\/\/i0.wp.com\/www.moda.es\/blog\/wp-content\/uploads\/2013\/05\/Ferragamo-Varas-1.jpg?fit=500%2C717\" data-orig-size=\"500,717\" data-comments-opened=\"1\" data-image-meta=\"{&quot;aperture&quot;:&quot;0&quot;,&quot;credit&quot;:&quot;&quot;,&quot;camera&quot;:&quot;&quot;,&quot;caption&quot;:&quot;&quot;,&quot;created_timestamp&quot;:&quot;0&quot;,&quot;copyright&quot;:&quot;&quot;,&quot;focal_length&quot;:&quot;0&quot;,&quot;iso&quot;:&quot;0&quot;,&quot;shutter_speed&quot;:&quot;0&quot;,&quot;title&quot;:&quot;&quot;}\" data-image-title=\"Ferragamo &#8211; Varas 1\" data-image-description=\"\" data-image-caption=\"\" data-medium-file=\"https:\/\/i0.wp.com\/www.moda.es\/blog\/wp-content\/uploads\/2013\/05\/Ferragamo-Varas-1.jpg?fit=209%2C300\" data-large-file=\"https:\/\/i0.wp.com\/www.moda.es\/blog\/wp-content\/uploads\/2013\/05\/Ferragamo-Varas-1.jpg?fit=500%2C717\" loading=\"lazy\" class=\"aligncenter size-full wp-image-12303\" alt=\"Ferragamo - Varas 1\" src=\"https:\/\/i0.wp.com\/www.moda.es\/blog\/wp-content\/uploads\/2013\/05\/Ferragamo-Varas-1.jpg?resize=500%2C717\" width=\"500\" height=\"717\" srcset=\"https:\/\/i0.wp.com\/www.moda.es\/blog\/wp-content\/uploads\/2013\/05\/Ferragamo-Varas-1.jpg?w=500 500w, https:\/\/i0.wp.com\/www.moda.es\/blog\/wp-content\/uploads\/2013\/05\/Ferragamo-Varas-1.jpg?resize=209%2C300 209w\" sizes=\"(max-width: 500px) 100vw, 500px\" data-recalc-dims=\"1\" \/><\/a><\/p>\n<p>Para celebrar tan importante aniversario, la casa ha puesto en marcha un nuevo proyecto online, <strong>L&#8217;Icona<\/strong>. Dirigido por <strong>Claiborne Swanson Frank<\/strong>, es asistente de <strong>Anna Wintour<\/strong> y fot\u00f3grafa, el corto es una serie de preciosas fotograf\u00edas e im\u00e1genes de v\u00eddeo protagonizadas por todas las<em><strong> it &#8211; girls<\/strong><\/em> del momento: Miroslava Duma, Lauren Santo Domingo, Chiara Clemente, <strong>Olivia Palermo<\/strong>, Alexandra Richards, Elettra Weidemann, Susie Lau, Lauren Remington Platt, Amanda Hearst, Lily Aldridge o Laure H\u00e9riard Dubreuil entre otras, todas ellas luciendo las ic\u00f3nicas <strong>Vara<\/strong> o su versi\u00f3n plana, las <strong>Varina<\/strong>.<\/p>\n<p style=\"text-align: center\"><a href=\"https:\/\/i0.wp.com\/www.moda.es\/blog\/wp-content\/uploads\/2013\/05\/Ferragamo-Varas.jpg\" target=\"_blank\"><img data-attachment-id=\"12304\" data-permalink=\"http:\/\/www.moda.es\/blog\/salvatore-ferragamo-celebra-el-35-aniversario-de-sus-vara\/ferragamo-varas\/\" data-orig-file=\"https:\/\/i0.wp.com\/www.moda.es\/blog\/wp-content\/uploads\/2013\/05\/Ferragamo-Varas.jpg?fit=500%2C517\" data-orig-size=\"500,517\" data-comments-opened=\"1\" data-image-meta=\"{&quot;aperture&quot;:&quot;0&quot;,&quot;credit&quot;:&quot;&quot;,&quot;camera&quot;:&quot;&quot;,&quot;caption&quot;:&quot;&quot;,&quot;created_timestamp&quot;:&quot;0&quot;,&quot;copyright&quot;:&quot;&quot;,&quot;focal_length&quot;:&quot;0&quot;,&quot;iso&quot;:&quot;0&quot;,&quot;shutter_speed&quot;:&quot;0&quot;,&quot;title&quot;:&quot;&quot;}\" data-image-title=\"Ferragamo &#8211; Varas\" data-image-description=\"\" data-image-caption=\"\" data-medium-file=\"https:\/\/i0.wp.com\/www.moda.es\/blog\/wp-content\/uploads\/2013\/05\/Ferragamo-Varas.jpg?fit=290%2C300\" data-large-file=\"https:\/\/i0.wp.com\/www.moda.es\/blog\/wp-content\/uploads\/2013\/05\/Ferragamo-Varas.jpg?fit=500%2C517\" loading=\"lazy\" class=\"aligncenter size-full wp-image-12304\" alt=\"Ferragamo - Varas\" src=\"https:\/\/i0.wp.com\/www.moda.es\/blog\/wp-content\/uploads\/2013\/05\/Ferragamo-Varas.jpg?resize=500%2C517\" width=\"500\" height=\"517\" srcset=\"https:\/\/i0.wp.com\/www.moda.es\/blog\/wp-content\/uploads\/2013\/05\/Ferragamo-Varas.jpg?w=500 500w, https:\/\/i0.wp.com\/www.moda.es\/blog\/wp-content\/uploads\/2013\/05\/Ferragamo-Varas.jpg?resize=290%2C300 290w\" sizes=\"(max-width: 500px) 100vw, 500px\" data-recalc-dims=\"1\" \/><\/a><\/p>\n<p>Pero ah\u00ed no queda todo. Por primera vez en la historia, Ferragamo permitir\u00e1 a sus clientas personalizar estos zapatos para hacerlos \u00fanicos. Elige <strong>material, color, tono para el lazo<\/strong> y no olvides indicar tus iniciales para que las incluyan en una placa met\u00e1lica que se adhiere a la suela. Voil\u00e0! Ya tienes una <strong>pieza \u00fanica<\/strong>.<\/p>\n<p>\u00abCreo que la <strong>exclusividad<\/strong> es muy importante en la moda\u00bb, ha declarado<strong> James Ferragamo<\/strong>, Director de Productos de Cuero para mujer. \u00abHoy en d\u00eda la moda es mucho m\u00e1s, es hacer algo que es s\u00f3lo para ti en lugar de algo que es para las masas.\u00bb Y contin\u00faa: \u00abEste zapato ha estado con Ferragamo durante 35 a\u00f1os, as\u00ed que es realmente un <strong>icono de la marca<\/strong> creada por mi t\u00eda Fiamma (Fiamma Di San Giuliani Ferragamo), y es algo que realmente representa una pieza atemporal de la marca, as\u00ed que en realidad, este es un ejemplo de c\u00f3mo se puede crear algo <strong>atemporal<\/strong>, pero personalizarlo\u00bb.<\/p>\n<p>\u00bfQuieres tener las tuyas? Entra <a href=\"http:\/\/www.ferragamo.com\/webapp\/wcs\/stores\/servlet\/ConfiguratorView?storeId=31150&amp;catalogId=35551&amp;langId=-1\" target=\"_blank\">aqu\u00ed<\/a> y personal\u00edzalas a tu gusto, mientras, disfruta del v\u00eddeo&#8230;<\/p>\n<p>&nbsp;<\/p>\n<div class=\"jetpack-video-wrapper\"><span class=\"embed-youtube\" style=\"text-align:center; display: block;\"><iframe class=\"youtube-player\" width=\"500\" height=\"315\" src=\"https:\/\/www.youtube.com\/embed\/kqwx2oAZg8o?version=3&#038;rel=1&#038;showsearch=0&#038;showinfo=1&#038;iv_load_policy=1&#038;fs=1&#038;hl=es-ES&#038;autohide=2&#038;wmode=transparent&#038;listType=playlist&#038;list=UUVDltIrs1_uH1RCDLckmJog\" allowfullscreen=\"true\" style=\"border:0;\" sandbox=\"allow-scripts allow-same-origin allow-popups allow-presentation\"><\/iframe><\/span><\/div>\n<p>&nbsp;<\/p>\n<p>\u00a9Salvatore Ferragamo \/ Fashionista                             <\/p>\n","protected":false},"excerpt":{"rendered":"<p>Si pensamos en Salvatore Ferragamo es inevitable pensar en sus ic\u00f3nicos Vara. De tac\u00f3n medio, confeccionados en la mejor piel italiana y coronados en el empeine con un lazo plano de grosgrain, todas, y no es una exageraci\u00f3n, los han lucido. Desde Marilyn Monroe hasta Margaret Tatcher (si comulga con [&hellip;]<\/p>\n","protected":false},"author":3,"featured_media":17010,"comment_status":"open","ping_status":"open","sticky":false,"template":"","format":"standard","meta":{"jetpack_publicize_message":"","jetpack_is_tweetstorm":false,"jetpack_publicize_feature_enabled":true},"categories":[2,3,14,17],"tags":[91,674,794],"jetpack_publicize_connections":[],"jetpack_featured_media_url":"https:\/\/i0.wp.com\/www.moda.es\/blog\/wp-content\/uploads\/2013\/05\/Ferragamo-Varas-11.jpg?fit=500%2C717","jetpack_sharing_enabled":true,"jetpack_shortlink":"https:\/\/wp.me\/p4tJCC-3co","jetpack-related-posts":[{"id":18943,"url":"http:\/\/www.moda.es\/blog\/cenicienta-perdio-el-zapato-al-salir-del-baile\/","url_meta":{"origin":12300,"position":0},"title":"Cenicienta perdi\u00f3 el zapato al salir del baile&#8230;","date":"febrero 12, 2015","format":false,"excerpt":"...pero el Pr\u00edncipe la encontr\u00f3 y se lo devolvi\u00f3. Pero por si acaso le vuelve a ocurrir ahora va a tener muchos donde elegir. \u00a0 Los ic\u00f3nicos zapatos de cristal de Cenicienta ha sido re-dise\u00f1ado por nueve de los principales dise\u00f1adores\u00a0 de calzado del mundo para celebrar el lanzamiento de\u2026","rel":"","context":"En \u00abAccesorios\u00bb","img":{"alt_text":"","src":"https:\/\/i0.wp.com\/www.moda.es\/blog\/wp-content\/uploads\/2015\/02\/zc9.jpg?fit=650%2C574&resize=350%2C200","width":350,"height":200},"classes":[]},{"id":14727,"url":"http:\/\/www.moda.es\/blog\/el-viaje-de-salvatore-ferragamo\/","url_meta":{"origin":12300,"position":1},"title":"El viaje de Salvatore Ferragamo","date":"noviembre 4, 2013","format":false,"excerpt":"\u00bfAlguna vez te has planteado c\u00f3mo ser\u00eda recorrer el mundo con unos zapatos de Ferragamo? Pues la marca te lo desvela. Salvatore Ferragamo nos ha dado la oportunidad de pasear (y ocasionalmente, correr) a lo largo de las calles de Florencia, Los \u00c1ngeles y Shanghai. Dirigida por el realizador Luca\u2026","rel":"","context":"En \u00abCampa\u00f1as\u00bb","img":{"alt_text":"","src":"https:\/\/i0.wp.com\/www.moda.es\/blog\/wp-content\/uploads\/2013\/11\/salvatore-ferragamo-11.jpg?fit=400%2C300&resize=350%2C200","width":350,"height":200},"classes":[]},{"id":17289,"url":"http:\/\/www.moda.es\/blog\/disena-tus-propios-zapatos-de-prada\/","url_meta":{"origin":12300,"position":2},"title":"Dise\u00f1a tus propios zapatos de Prada","date":"marzo 25, 2014","format":false,"excerpt":"Porque Amancio Ortega no es el \u00fanico que copia, Prada ha decidido seguir los pasos de Manolo Blahnik y Salvatore Ferragamo, ofreciendo un servicio personalizado con el que los clientes podr\u00e1n dise\u00f1ar sus propios zapatos y hacerlos \u00fanicos. La horma de tu zapato podr\u00e1 elegirse entre nueve modelos diferentes que\u2026","rel":"","context":"En \u00abAccesorios\u00bb","img":{"alt_text":"Prada-200x300","src":"https:\/\/i0.wp.com\/www.moda.es\/blog\/wp-content\/uploads\/2014\/03\/Prada-200x3001.jpg?resize=350%2C200","width":350,"height":200},"classes":[]},{"id":21060,"url":"http:\/\/www.moda.es\/blog\/paul-andrew-nuevo-director-creativo-de-salvatore-ferragamo\/","url_meta":{"origin":12300,"position":3},"title":"Paul Andrew, nuevo director creativo de Salvatore Ferragamo","date":"septiembre 8, 2016","format":false,"excerpt":"Salvatore Ferragamo ha confirmado que Paul Andrew es su nuevo director de dise\u00f1o de calzado de mujer. \"Salvatore Ferragamo ha sido un icono de referencia para el dise\u00f1o de calzado y la artesan\u00eda durante casi un siglo. Es un gran honor haber sido invitado a dirigir la visi\u00f3n creativa para\u2026","rel":"","context":"En \u00abActualidad\u00bb","img":{"alt_text":"","src":"https:\/\/i0.wp.com\/www.moda.es\/blog\/wp-content\/uploads\/2016\/09\/Captura-de-pantalla-2016-09-08-a-las-22.36.41.png?fit=563%2C373&resize=350%2C200","width":350,"height":200},"classes":[]},{"id":20653,"url":"http:\/\/www.moda.es\/blog\/descubre-la-coleccion-de-sara-battaglia-para-salvatore-ferragamo\/","url_meta":{"origin":12300,"position":4},"title":"Descubre la colecci\u00f3n de Sara Battaglia para Salvatore Ferragamo","date":"mayo 11, 2016","format":false,"excerpt":"Salvatore Ferragamo siempre se ha caracterizado por su dise\u00f1o sin esfuerzo, sofisticado y atemporal \u00a0pues su consideraci\u00f3n de lo que est\u00e1 de moda tiene su propia interpretaci\u00f3n. En su \u00faltimo proyecto, la\u00a0casa de moda italiana ha colaborado con la\u00a0dise\u00f1adora de bolsos\u00a0Sara Battaglia en una colecci\u00f3n c\u00e1psula de accesorios\u00a0que refleja el\u2026","rel":"","context":"En \u00abColecciones\u00bb","img":{"alt_text":"","src":"https:\/\/i0.wp.com\/www.moda.es\/blog\/wp-content\/uploads\/2016\/05\/Captura-de-pantalla-2016-05-11-a-las-23.45.55.png?fit=639%2C532&resize=350%2C200","width":350,"height":200},"classes":[]},{"id":22246,"url":"http:\/\/www.moda.es\/blog\/reformation-reune-106-piezas-vintage-para-su-proxima-coleccion\/","url_meta":{"origin":12300,"position":5},"title":"Reformation re\u00fane 106 piezas vintage para su pr\u00f3xima colecci\u00f3n","date":"junio 24, 2017","format":false,"excerpt":"Hay un cierto je ne sais quoi vintage en Rrformation, la marca\u00a0de la ropa con sede en Los \u00c1ngeles que se ha inclinado hacia un negocio de prendas sostenibles. Sus piezas, que abarcan desde bodys hasta vestidos de fiesta, se ven abrumadoramente contempor\u00e1neas, pero la simplicidad de la marca parece\u2026","rel":"","context":"En \u00abActualidad\u00bb","img":{"alt_text":"","src":"https:\/\/i0.wp.com\/www.moda.es\/blog\/wp-content\/uploads\/2017\/06\/Captura-de-pantalla-2017-06-22-a-las-22.36.47.png?fit=819%2C557&resize=350%2C200","width":350,"height":200},"classes":[]}],"_links":{"self":[{"href":"http:\/\/www.moda.es\/blog\/wp-json\/wp\/v2\/posts\/12300"}],"collection":[{"href":"http:\/\/www.moda.es\/blog\/wp-json\/wp\/v2\/posts"}],"about":[{"href":"http:\/\/www.moda.es\/blog\/wp-json\/wp\/v2\/types\/post"}],"author":[{"embeddable":true,"href":"http:\/\/www.moda.es\/blog\/wp-json\/wp\/v2\/users\/3"}],"replies":[{"embeddable":true,"href":"http:\/\/www.moda.es\/blog\/wp-json\/wp\/v2\/comments?post=12300"}],"version-history":[{"count":5,"href":"http:\/\/www.moda.es\/blog\/wp-json\/wp\/v2\/posts\/12300\/revisions"}],"predecessor-version":[{"id":36636,"href":"http:\/\/www.moda.es\/blog\/wp-json\/wp\/v2\/posts\/12300\/revisions\/36636"}],"wp:featuredmedia":[{"embeddable":true,"href":"http:\/\/www.moda.es\/blog\/wp-json\/wp\/v2\/media\/17010"}],"wp:attachment":[{"href":"http:\/\/www.moda.es\/blog\/wp-json\/wp\/v2\/media?parent=12300"}],"wp:term":[{"taxonomy":"category","embeddable":true,"href":"http:\/\/www.moda.es\/blog\/wp-json\/wp\/v2\/categories?post=12300"},{"taxonomy":"post_tag","embeddable":true,"href":"http:\/\/www.moda.es\/blog\/wp-json\/wp\/v2\/tags?post=12300"}],"curies":[{"name":"wp","href":"https:\/\/api.w.org\/{rel}","templated":true}]}}