{"id":12252,"date":"2013-05-01T00:01:28","date_gmt":"2013-04-30T23:01:28","guid":{"rendered":"http:\/\/www.moda.es\/blog\/?p=12252"},"modified":"2020-04-27T18:13:36","modified_gmt":"2020-04-27T17:13:36","slug":"proenza-shouler","status":"publish","type":"post","link":"http:\/\/www.moda.es\/blog\/proenza-shouler\/","title":{"rendered":"Descubre la colecci\u00f3n de Proenza Schouler para Net-a-porter"},"content":{"rendered":"<p>En la b\u00fasqueda de la diversificaci\u00f3n, una nueva marca se suma a las colaboraciones.<\/p>\n<p><strong>Proenza Schouler<\/strong> ha colaborado por primera vez con un minorista, con el lanzamiento de una<strong> colecci\u00f3n c\u00e1psula de edici\u00f3n limitada<\/strong> en colaboraci\u00f3n con <strong>Net-A-Porter.<\/strong> Los dise\u00f1adores de la marca estadounidense, <strong>Jack McCollough y L\u00e1zaro Hern\u00e1ndez<\/strong>, han presentado esta gama de nueve piezas disponibles exclusivamente en la web desde esta semana.<\/p>\n<p style=\"text-align: center\"><a href=\"https:\/\/i0.wp.com\/www.moda.es\/blog\/wp-content\/uploads\/2013\/05\/Proenza-Schouler-1.jpg\" target=\"_blank\"><img data-attachment-id=\"12253\" data-permalink=\"http:\/\/www.moda.es\/blog\/proenza-shouler\/proenza-schouler-1\/\" data-orig-file=\"https:\/\/i0.wp.com\/www.moda.es\/blog\/wp-content\/uploads\/2013\/05\/Proenza-Schouler-1.jpg?fit=500%2C285\" data-orig-size=\"500,285\" data-comments-opened=\"1\" data-image-meta=\"{&quot;aperture&quot;:&quot;0&quot;,&quot;credit&quot;:&quot;&quot;,&quot;camera&quot;:&quot;&quot;,&quot;caption&quot;:&quot;&quot;,&quot;created_timestamp&quot;:&quot;0&quot;,&quot;copyright&quot;:&quot;&quot;,&quot;focal_length&quot;:&quot;0&quot;,&quot;iso&quot;:&quot;0&quot;,&quot;shutter_speed&quot;:&quot;0&quot;,&quot;title&quot;:&quot;&quot;}\" data-image-title=\"Proenza Schouler 1\" data-image-description=\"\" data-image-caption=\"\" data-medium-file=\"https:\/\/i0.wp.com\/www.moda.es\/blog\/wp-content\/uploads\/2013\/05\/Proenza-Schouler-1.jpg?fit=300%2C171\" data-large-file=\"https:\/\/i0.wp.com\/www.moda.es\/blog\/wp-content\/uploads\/2013\/05\/Proenza-Schouler-1.jpg?fit=500%2C285\" loading=\"lazy\" class=\"aligncenter size-full wp-image-12253\" alt=\"Proenza Schouler 1\" src=\"https:\/\/i0.wp.com\/www.moda.es\/blog\/wp-content\/uploads\/2013\/05\/Proenza-Schouler-1.jpg?resize=500%2C285\" width=\"500\" height=\"285\" srcset=\"https:\/\/i0.wp.com\/www.moda.es\/blog\/wp-content\/uploads\/2013\/05\/Proenza-Schouler-1.jpg?w=500 500w, https:\/\/i0.wp.com\/www.moda.es\/blog\/wp-content\/uploads\/2013\/05\/Proenza-Schouler-1.jpg?resize=300%2C171 300w\" sizes=\"(max-width: 500px) 100vw, 500px\" data-recalc-dims=\"1\" \/><\/a><\/p>\n<p>\u00abLa colecci\u00f3n se basa en <strong>algunas de nuestras piezas favoritas<\/strong> de las \u00faltimos colecciones de primavera y siguen en la idea de los cl\u00e1sicos de la <strong>moda surf<\/strong> como fuente de inspiraci\u00f3n, como los shorts y las minifaldas y las camisetas, pero reinterpretadso con<strong> tejidos de lujo<\/strong> como el cuero y tweed personalizados\u00bb, han comentados los dise\u00f1adores. \u00abNet-A-Porter fue <strong>una de las primeras tiendas que llevaran Proenza Schouler a la venta online<\/strong>, as\u00ed que quer\u00edamos hacer algo especial para celebrar su continuo apoyo durante estos a\u00f1os.\u00bb Y es que no podemos olvidar que el genio de la venta de lujo en internet empez\u00f3 a distribuir la firma en <strong>2005.<\/strong><\/p>\n<p><a href=\"https:\/\/i0.wp.com\/www.moda.es\/blog\/wp-content\/uploads\/2013\/05\/Proenza-Schouler-6.jpg\" target=\"_blank\"><img data-attachment-id=\"12258\" data-permalink=\"http:\/\/www.moda.es\/blog\/proenza-shouler\/proenza-schouler-6\/\" data-orig-file=\"https:\/\/i0.wp.com\/www.moda.es\/blog\/wp-content\/uploads\/2013\/05\/Proenza-Schouler-6.jpg?fit=500%2C750\" data-orig-size=\"500,750\" data-comments-opened=\"1\" data-image-meta=\"{&quot;aperture&quot;:&quot;0&quot;,&quot;credit&quot;:&quot;&quot;,&quot;camera&quot;:&quot;&quot;,&quot;caption&quot;:&quot;&quot;,&quot;created_timestamp&quot;:&quot;0&quot;,&quot;copyright&quot;:&quot;&quot;,&quot;focal_length&quot;:&quot;0&quot;,&quot;iso&quot;:&quot;0&quot;,&quot;shutter_speed&quot;:&quot;0&quot;,&quot;title&quot;:&quot;&quot;}\" data-image-title=\"Proenza Schouler 6\" data-image-description=\"\" data-image-caption=\"\" data-medium-file=\"https:\/\/i0.wp.com\/www.moda.es\/blog\/wp-content\/uploads\/2013\/05\/Proenza-Schouler-6.jpg?fit=200%2C300\" data-large-file=\"https:\/\/i0.wp.com\/www.moda.es\/blog\/wp-content\/uploads\/2013\/05\/Proenza-Schouler-6.jpg?fit=500%2C750\" loading=\"lazy\" class=\" wp-image-12258 alignnone\" alt=\"Proenza Schouler 6\" src=\"https:\/\/i0.wp.com\/www.moda.es\/blog\/wp-content\/uploads\/2013\/05\/Proenza-Schouler-6.jpg?resize=250%2C400\" width=\"250\" height=\"400\" data-recalc-dims=\"1\" \/><\/a> <a href=\"https:\/\/i0.wp.com\/www.moda.es\/blog\/wp-content\/uploads\/2013\/05\/Proenza-Schouler-2.jpg\" target=\"_blank\"><img data-attachment-id=\"12254\" data-permalink=\"http:\/\/www.moda.es\/blog\/proenza-shouler\/proenza-schouler-2\/\" data-orig-file=\"https:\/\/i0.wp.com\/www.moda.es\/blog\/wp-content\/uploads\/2013\/05\/Proenza-Schouler-2.jpg?fit=500%2C750\" data-orig-size=\"500,750\" data-comments-opened=\"1\" data-image-meta=\"{&quot;aperture&quot;:&quot;0&quot;,&quot;credit&quot;:&quot;&quot;,&quot;camera&quot;:&quot;&quot;,&quot;caption&quot;:&quot;&quot;,&quot;created_timestamp&quot;:&quot;0&quot;,&quot;copyright&quot;:&quot;&quot;,&quot;focal_length&quot;:&quot;0&quot;,&quot;iso&quot;:&quot;0&quot;,&quot;shutter_speed&quot;:&quot;0&quot;,&quot;title&quot;:&quot;&quot;}\" data-image-title=\"Proenza Schouler 2\" data-image-description=\"\" data-image-caption=\"\" data-medium-file=\"https:\/\/i0.wp.com\/www.moda.es\/blog\/wp-content\/uploads\/2013\/05\/Proenza-Schouler-2.jpg?fit=200%2C300\" data-large-file=\"https:\/\/i0.wp.com\/www.moda.es\/blog\/wp-content\/uploads\/2013\/05\/Proenza-Schouler-2.jpg?fit=500%2C750\" loading=\"lazy\" class=\" wp-image-12254 alignnone\" alt=\"Proenza Schouler 2\" src=\"https:\/\/i0.wp.com\/www.moda.es\/blog\/wp-content\/uploads\/2013\/05\/Proenza-Schouler-2.jpg?resize=250%2C350\" width=\"250\" height=\"350\" data-recalc-dims=\"1\" \/><\/a><\/p>\n<p>\u00abLos dise\u00f1os de Jack y L\u00e1zaro son adorados por nuestros clientes en todo el mundo. Estamos entusiasmados con esta colecci\u00f3n que es todo lo que cabe esperar de Proenza Schouler: <strong>pulida, fresca y deseable<\/strong>, con una sensibilidad especial\u00bb, ha dicho <strong>Holli Rogers,<\/strong> directora de moda de Net-A-Porter. \u00abEstamos encantados de que hayan elegido asociarse con Net-A-Porter para su primera incursi\u00f3n en el dise\u00f1o de una colecci\u00f3n c\u00e1psula de edici\u00f3n limitada.\u00bb<\/p>\n<p><a href=\"https:\/\/i0.wp.com\/www.moda.es\/blog\/wp-content\/uploads\/2013\/05\/Proenza-Schouler-8.jpg\" target=\"_blank\"><img data-attachment-id=\"12260\" data-permalink=\"http:\/\/www.moda.es\/blog\/proenza-shouler\/proenza-schouler-8\/\" data-orig-file=\"https:\/\/i0.wp.com\/www.moda.es\/blog\/wp-content\/uploads\/2013\/05\/Proenza-Schouler-8.jpg?fit=500%2C750\" data-orig-size=\"500,750\" data-comments-opened=\"1\" data-image-meta=\"{&quot;aperture&quot;:&quot;0&quot;,&quot;credit&quot;:&quot;&quot;,&quot;camera&quot;:&quot;&quot;,&quot;caption&quot;:&quot;&quot;,&quot;created_timestamp&quot;:&quot;0&quot;,&quot;copyright&quot;:&quot;&quot;,&quot;focal_length&quot;:&quot;0&quot;,&quot;iso&quot;:&quot;0&quot;,&quot;shutter_speed&quot;:&quot;0&quot;,&quot;title&quot;:&quot;&quot;}\" data-image-title=\"Proenza Schouler 8\" data-image-description=\"\" data-image-caption=\"\" data-medium-file=\"https:\/\/i0.wp.com\/www.moda.es\/blog\/wp-content\/uploads\/2013\/05\/Proenza-Schouler-8.jpg?fit=200%2C300\" data-large-file=\"https:\/\/i0.wp.com\/www.moda.es\/blog\/wp-content\/uploads\/2013\/05\/Proenza-Schouler-8.jpg?fit=500%2C750\" loading=\"lazy\" class=\" wp-image-12260 alignnone\" alt=\"Proenza Schouler 8\" src=\"https:\/\/i0.wp.com\/www.moda.es\/blog\/wp-content\/uploads\/2013\/05\/Proenza-Schouler-8.jpg?resize=250%2C380\" width=\"250\" height=\"380\" data-recalc-dims=\"1\" \/><\/a> <a href=\"https:\/\/i0.wp.com\/www.moda.es\/blog\/wp-content\/uploads\/2013\/05\/Proenza-Schouler-5.jpg\" target=\"_blank\"><img data-attachment-id=\"12257\" data-permalink=\"http:\/\/www.moda.es\/blog\/proenza-shouler\/proenza-schouler-5\/\" data-orig-file=\"https:\/\/i0.wp.com\/www.moda.es\/blog\/wp-content\/uploads\/2013\/05\/Proenza-Schouler-5.jpg?fit=500%2C750\" data-orig-size=\"500,750\" data-comments-opened=\"1\" data-image-meta=\"{&quot;aperture&quot;:&quot;0&quot;,&quot;credit&quot;:&quot;&quot;,&quot;camera&quot;:&quot;&quot;,&quot;caption&quot;:&quot;&quot;,&quot;created_timestamp&quot;:&quot;0&quot;,&quot;copyright&quot;:&quot;&quot;,&quot;focal_length&quot;:&quot;0&quot;,&quot;iso&quot;:&quot;0&quot;,&quot;shutter_speed&quot;:&quot;0&quot;,&quot;title&quot;:&quot;&quot;}\" data-image-title=\"Proenza Schouler 5\" data-image-description=\"\" data-image-caption=\"\" data-medium-file=\"https:\/\/i0.wp.com\/www.moda.es\/blog\/wp-content\/uploads\/2013\/05\/Proenza-Schouler-5.jpg?fit=200%2C300\" data-large-file=\"https:\/\/i0.wp.com\/www.moda.es\/blog\/wp-content\/uploads\/2013\/05\/Proenza-Schouler-5.jpg?fit=500%2C750\" loading=\"lazy\" class=\" wp-image-12257 alignnone\" alt=\"Proenza Schouler 5\" src=\"https:\/\/i0.wp.com\/www.moda.es\/blog\/wp-content\/uploads\/2013\/05\/Proenza-Schouler-5.jpg?resize=250%2C380\" width=\"250\" height=\"380\" data-recalc-dims=\"1\" \/><\/a><\/p>\n<p>Con su habitual gusto por el color, las rayas y los estampados, la colecci\u00f3n ofrece mini vestidos, sudaderas, chaquetas y pantalones cortos ideales para el pr\u00f3ximo verano.<\/p>\n<p>\u00bfTe gusta? Puedes tener una de estas piezas por precios que oscilan <strong>entre los 400 y los 1,200 euros.<\/strong><\/p>\n<p><a href=\"https:\/\/i0.wp.com\/www.moda.es\/blog\/wp-content\/uploads\/2013\/05\/Proenza-Schouler-7.jpg\" target=\"_blank\"><img data-attachment-id=\"12259\" data-permalink=\"http:\/\/www.moda.es\/blog\/proenza-shouler\/proenza-schouler-7\/\" data-orig-file=\"https:\/\/i0.wp.com\/www.moda.es\/blog\/wp-content\/uploads\/2013\/05\/Proenza-Schouler-7.jpg?fit=500%2C750\" data-orig-size=\"500,750\" data-comments-opened=\"1\" data-image-meta=\"{&quot;aperture&quot;:&quot;0&quot;,&quot;credit&quot;:&quot;&quot;,&quot;camera&quot;:&quot;&quot;,&quot;caption&quot;:&quot;&quot;,&quot;created_timestamp&quot;:&quot;0&quot;,&quot;copyright&quot;:&quot;&quot;,&quot;focal_length&quot;:&quot;0&quot;,&quot;iso&quot;:&quot;0&quot;,&quot;shutter_speed&quot;:&quot;0&quot;,&quot;title&quot;:&quot;&quot;}\" data-image-title=\"Proenza Schouler 7\" data-image-description=\"\" data-image-caption=\"\" data-medium-file=\"https:\/\/i0.wp.com\/www.moda.es\/blog\/wp-content\/uploads\/2013\/05\/Proenza-Schouler-7.jpg?fit=200%2C300\" data-large-file=\"https:\/\/i0.wp.com\/www.moda.es\/blog\/wp-content\/uploads\/2013\/05\/Proenza-Schouler-7.jpg?fit=500%2C750\" loading=\"lazy\" class=\" wp-image-12259 alignnone\" alt=\"Proenza Schouler 7\" src=\"https:\/\/i0.wp.com\/www.moda.es\/blog\/wp-content\/uploads\/2013\/05\/Proenza-Schouler-7.jpg?resize=250%2C380\" width=\"250\" height=\"380\" data-recalc-dims=\"1\" \/><\/a> <a href=\"https:\/\/i0.wp.com\/www.moda.es\/blog\/wp-content\/uploads\/2013\/05\/Proenza-Schouler-4.jpg\" target=\"_blank\"><img data-attachment-id=\"12256\" data-permalink=\"http:\/\/www.moda.es\/blog\/proenza-shouler\/proenza-schouler-4\/\" data-orig-file=\"https:\/\/i0.wp.com\/www.moda.es\/blog\/wp-content\/uploads\/2013\/05\/Proenza-Schouler-4.jpg?fit=500%2C750\" data-orig-size=\"500,750\" data-comments-opened=\"1\" data-image-meta=\"{&quot;aperture&quot;:&quot;0&quot;,&quot;credit&quot;:&quot;&quot;,&quot;camera&quot;:&quot;&quot;,&quot;caption&quot;:&quot;&quot;,&quot;created_timestamp&quot;:&quot;0&quot;,&quot;copyright&quot;:&quot;&quot;,&quot;focal_length&quot;:&quot;0&quot;,&quot;iso&quot;:&quot;0&quot;,&quot;shutter_speed&quot;:&quot;0&quot;,&quot;title&quot;:&quot;&quot;}\" data-image-title=\"Proenza Schouler 4\" data-image-description=\"\" data-image-caption=\"\" data-medium-file=\"https:\/\/i0.wp.com\/www.moda.es\/blog\/wp-content\/uploads\/2013\/05\/Proenza-Schouler-4.jpg?fit=200%2C300\" data-large-file=\"https:\/\/i0.wp.com\/www.moda.es\/blog\/wp-content\/uploads\/2013\/05\/Proenza-Schouler-4.jpg?fit=500%2C750\" loading=\"lazy\" class=\" wp-image-12256 alignnone\" alt=\"Proenza Schouler 4\" src=\"https:\/\/i0.wp.com\/www.moda.es\/blog\/wp-content\/uploads\/2013\/05\/Proenza-Schouler-4.jpg?resize=250%2C380\" width=\"250\" height=\"380\" data-recalc-dims=\"1\" \/><\/a><\/p>\n<p>&nbsp;<\/p>\n<p>\u00a9Grazia UK                             <\/p>\n","protected":false},"excerpt":{"rendered":"<p>En la b\u00fasqueda de la diversificaci\u00f3n, una nueva marca se suma a las colaboraciones. Proenza Schouler ha colaborado por primera vez con un minorista, con el lanzamiento de una colecci\u00f3n c\u00e1psula de edici\u00f3n limitada en colaboraci\u00f3n con Net-A-Porter. Los dise\u00f1adores de la marca estadounidense, Jack McCollough y L\u00e1zaro Hern\u00e1ndez, han [&hellip;]<\/p>\n","protected":false},"author":3,"featured_media":17008,"comment_status":"open","ping_status":"open","sticky":false,"template":"","format":"standard","meta":{"jetpack_publicize_message":"","jetpack_is_tweetstorm":false,"jetpack_publicize_feature_enabled":true},"categories":[10,29],"tags":[658,741],"jetpack_publicize_connections":[],"jetpack_featured_media_url":"https:\/\/i0.wp.com\/www.moda.es\/blog\/wp-content\/uploads\/2013\/05\/Proenza-Schouler-11.jpg?fit=500%2C285","jetpack_sharing_enabled":true,"jetpack_shortlink":"https:\/\/wp.me\/p4tJCC-3bC","jetpack-related-posts":[{"id":22501,"url":"http:\/\/www.moda.es\/blog\/proenza-schouler-prepara-una-linea-mas-asequible\/","url_meta":{"origin":12252,"position":0},"title":"Proenza Schouler prepara una l\u00ednea m\u00e1s asequible","date":"septiembre 2, 2017","format":false,"excerpt":"Jack McCollough y L\u00e1zaro Hern\u00e1ndez, el d\u00fao de dise\u00f1o que dirige el tim\u00f3n de Proenza Schouler, planea lanzar una nueva l\u00ednea este oto\u00f1o. Seg\u00fan WWD, la marca se llamar\u00e1 White Label y ofrecer\u00e1 piezas de precios asequibles y con un toque m\u00e1s casual como prendas de denim, camisetas y elementos\u2026","rel":"","context":"En \u00abActualidad\u00bb","img":{"alt_text":"","src":"https:\/\/i0.wp.com\/www.moda.es\/blog\/wp-content\/uploads\/2017\/09\/Captura-de-pantalla-2017-09-02-a-las-13.06.54.png?fit=684%2C454&resize=350%2C200","width":350,"height":200},"classes":[]},{"id":17831,"url":"http:\/\/www.moda.es\/blog\/proenza-schouler-se-lanza-a-la-piscina\/","url_meta":{"origin":12252,"position":1},"title":"Proenza Schouler se lanza a la piscina","date":"junio 9, 2014","format":false,"excerpt":"Jack McCollough y L\u00e1zaro Hern\u00e1ndez de Proenza Schouler se han lanzado al agua durante la preview de su colecci\u00f3n\u00a0 resort 2015. Y es que esta temporada es mucho m\u00e1s importante de lo que la gente puede pensar, y qu\u00e9 mejor ocasi\u00f3n que esta para presentar las novedades de las firmas.\u2026","rel":"","context":"En \u00abColecciones\u00bb","img":{"alt_text":"","src":"https:\/\/i0.wp.com\/www.moda.es\/blog\/wp-content\/uploads\/2014\/06\/proenza-schouler.jpg?fit=650%2C868&resize=350%2C200","width":350,"height":200},"classes":[]},{"id":853,"url":"http:\/\/www.moda.es\/blog\/semana-de-moda-infinita\/","url_meta":{"origin":12252,"position":2},"title":"Semana de moda infinita (1). Proenza Schouler.","date":"febrero 17, 2011","format":false,"excerpt":"La semana de la moda de Nueva York da para mucho. Han sido siete d\u00edas de desfiles sin parar, siete jornadas de colecciones que aventuran lo que ser\u00e1 el Oto\u00f1o\/Invierno de 2011\/2012. Anticipar el futuro a trav\u00e9s de la ropa. Entre tanta tela y tantos nombres, casi siempre vuelvo a\u2026","rel":"","context":"En \u00abPasarelas\u00bb","img":{"alt_text":"","src":"https:\/\/i0.wp.com\/www.moda.es\/blog\/wp-content\/uploads\/2011\/02\/medium1.jpg?fit=324%2C420&resize=350%2C200","width":350,"height":200},"classes":[]},{"id":8430,"url":"http:\/\/www.moda.es\/blog\/el-embrujo-de-oriente\/","url_meta":{"origin":12252,"position":3},"title":"El embrujo de Oriente","date":"agosto 23, 2012","format":false,"excerpt":"Preparaos que este invierno viene cargado. Cargado, en cuanto a profusi\u00f3n de estampados, colores y detalles. Una mayor\u00eda de los estampados est\u00e1n inspirados en los pa\u00edses del lejano Oriente, al igual que muchos detalles majestuosos. Oriente viene a ser una inspiraci\u00f3n recurrente en la moda. Sus estampados ex\u00f3ticos -chinoiseries-, sus\u2026","rel":"","context":"En \u00abTendencias\u00bb","img":{"alt_text":"","src":"https:\/\/i0.wp.com\/www.moda.es\/blog\/wp-content\/uploads\/2012\/08\/itmfl-e1345677305683.jpg?resize=350%2C200","width":350,"height":200},"classes":[]},{"id":19441,"url":"http:\/\/www.moda.es\/blog\/las-gemelas-olsen-repiten-como-ganadores-en-los-cfda\/","url_meta":{"origin":12252,"position":4},"title":"Las gemelas Olsen, repiten como ganadores en los CFDA","date":"junio 2, 2015","format":false,"excerpt":"Mary-Kate y Ashley Olsen han recogido su tercer premio CFDA por su marca de ropa de mujer The Row, ayer. El d\u00fao, que gan\u00f3 el premio a la mejor colecci\u00f3n de accesorios del a\u00f1o pasado, y el premio a la mejor colecci\u00f3n de ropa de mujer en 2012, triunfaron a\u2026","rel":"","context":"En \u00abActualidad\u00bb","img":{"alt_text":"","src":"https:\/\/i0.wp.com\/www.moda.es\/blog\/wp-content\/uploads\/2015\/06\/olsens.jpg?fit=650%2C975&resize=350%2C200","width":350,"height":200},"classes":[]},{"id":12572,"url":"http:\/\/www.moda.es\/blog\/conoces-a-holli-rogers\/","url_meta":{"origin":12252,"position":5},"title":"\u00bfConoces a Holli Rogers?","date":"mayo 17, 2013","format":false,"excerpt":"Es la responsable de que anhelemos cada uno de los looks del portal fetiche de media poblaci\u00f3n femenina, y la due\u00f1a de un guardarropa que a m\u00e1s de una har\u00eda temblar de envidia. El trabajo de Holli Rogers, Directora de Moda de Net a Porter, tiene unas ventajas evidentes... lo\u2026","rel":"","context":"En \u00abDestacados\u00bb","img":{"alt_text":"","src":"https:\/\/i0.wp.com\/www.moda.es\/blog\/wp-content\/uploads\/2013\/05\/Holli-Rogers-13.jpg?fit=300%2C493&resize=350%2C200","width":350,"height":200},"classes":[]}],"_links":{"self":[{"href":"http:\/\/www.moda.es\/blog\/wp-json\/wp\/v2\/posts\/12252"}],"collection":[{"href":"http:\/\/www.moda.es\/blog\/wp-json\/wp\/v2\/posts"}],"about":[{"href":"http:\/\/www.moda.es\/blog\/wp-json\/wp\/v2\/types\/post"}],"author":[{"embeddable":true,"href":"http:\/\/www.moda.es\/blog\/wp-json\/wp\/v2\/users\/3"}],"replies":[{"embeddable":true,"href":"http:\/\/www.moda.es\/blog\/wp-json\/wp\/v2\/comments?post=12252"}],"version-history":[{"count":5,"href":"http:\/\/www.moda.es\/blog\/wp-json\/wp\/v2\/posts\/12252\/revisions"}],"predecessor-version":[{"id":36638,"href":"http:\/\/www.moda.es\/blog\/wp-json\/wp\/v2\/posts\/12252\/revisions\/36638"}],"wp:featuredmedia":[{"embeddable":true,"href":"http:\/\/www.moda.es\/blog\/wp-json\/wp\/v2\/media\/17008"}],"wp:attachment":[{"href":"http:\/\/www.moda.es\/blog\/wp-json\/wp\/v2\/media?parent=12252"}],"wp:term":[{"taxonomy":"category","embeddable":true,"href":"http:\/\/www.moda.es\/blog\/wp-json\/wp\/v2\/categories?post=12252"},{"taxonomy":"post_tag","embeddable":true,"href":"http:\/\/www.moda.es\/blog\/wp-json\/wp\/v2\/tags?post=12252"}],"curies":[{"name":"wp","href":"https:\/\/api.w.org\/{rel}","templated":true}]}}