{"id":12216,"date":"2013-04-27T20:00:30","date_gmt":"2013-04-27T19:00:30","guid":{"rendered":"http:\/\/www.moda.es\/blog\/?p=12216"},"modified":"2020-04-27T18:13:55","modified_gmt":"2020-04-27T17:13:55","slug":"lo-mejor-de-la-semana-2","status":"publish","type":"post","link":"http:\/\/www.moda.es\/blog\/lo-mejor-de-la-semana-2\/","title":{"rendered":"Lo mejor de la semana. 27 de abril."},"content":{"rendered":"<p>Una semana m\u00e1s llena de moda.<\/p>\n<p>Entre la salida de la modelo <a href=\"http:\/\/www.moda.es\/blog\/index.php\/2013\/04\/25\/un-angel-muy-enfadado\/\" target=\"_blank\">Kylie Bisutti<\/a> hemos tenido otras muchas noticias interesantes, el ranking de la <a href=\"http:\/\/www.moda.es\/blog\/index.php\/2013\/04\/26\/sabes-quienes-son-los-nombres-mas-influyentes-de-la-moda\/\" target=\"_blank\">revista Time<\/a>, el documental de <a href=\"http:\/\/www.moda.es\/blog\/index.php\/2013\/04\/24\/james-franco-y-frida-gianini-la-pareja-perfecta\/\" target=\"_blank\">Frida Gianini<\/a>, la salida de <a href=\"http:\/\/www.moda.es\/blog\/index.php\/2013\/04\/24\/el-adios-de-reed-krakoff\/\" target=\"_blank\">Reed Krakoff <\/a>de Coach o la pr\u00f3xima l\u00ednea joven que prepara <a href=\"http:\/\/www.moda.es\/blog\/index.php\/2013\/04\/22\/loewe-forever-young\/\">Loewe<\/a> para mayo. \u00bfQuieres conocerlas?<\/p>\n<p>La buena noticia ha venido de la mano de <strong>Viktor &amp; Rolf<\/strong>. La pareja de dise\u00f1adores daneses ha anunciado su regreso\u00a0 a la pasarela de la <strong>Alta Costura de Par\u00eds<\/strong> y lo har\u00e1 en los desfiles del pr\u00f3ximo mes de <strong>julio<\/strong> tras <strong>13 a\u00f1os<\/strong> <strong>apartados de las colecciones <em>couture<\/em><\/strong>. Viktor Horsting y Rolf Snoeren son famosos por sus<strong> complejos dise\u00f1os fant\u00e1sticos<\/strong> y sus desfiles cargados de efectismo y teatralidad. Seguro que tanto si optan por una presentaci\u00f3n a gran escala como otra mucho m\u00e1s \u00edntima no nos decepciona.<\/p>\n<p><a href=\"https:\/\/i0.wp.com\/www.moda.es\/blog\/wp-content\/uploads\/2013\/04\/Viktor-and-Rolf.jpg\"><img data-attachment-id=\"12234\" data-permalink=\"http:\/\/www.moda.es\/blog\/lo-mejor-de-la-semana-2\/viktor-and-rolf-3\/\" data-orig-file=\"https:\/\/i0.wp.com\/www.moda.es\/blog\/wp-content\/uploads\/2013\/04\/Viktor-and-Rolf.jpg?fit=400%2C600\" data-orig-size=\"400,600\" data-comments-opened=\"1\" data-image-meta=\"{&quot;aperture&quot;:&quot;0&quot;,&quot;credit&quot;:&quot;&quot;,&quot;camera&quot;:&quot;&quot;,&quot;caption&quot;:&quot;&quot;,&quot;created_timestamp&quot;:&quot;0&quot;,&quot;copyright&quot;:&quot;&quot;,&quot;focal_length&quot;:&quot;0&quot;,&quot;iso&quot;:&quot;0&quot;,&quot;shutter_speed&quot;:&quot;0&quot;,&quot;title&quot;:&quot;&quot;}\" data-image-title=\"Viktor and Rolf\" data-image-description=\"\" data-image-caption=\"\" data-medium-file=\"https:\/\/i0.wp.com\/www.moda.es\/blog\/wp-content\/uploads\/2013\/04\/Viktor-and-Rolf.jpg?fit=200%2C300\" data-large-file=\"https:\/\/i0.wp.com\/www.moda.es\/blog\/wp-content\/uploads\/2013\/04\/Viktor-and-Rolf.jpg?fit=400%2C600\" loading=\"lazy\" class=\"aligncenter size-full wp-image-12234\" alt=\"Viktor and Rolf\" src=\"https:\/\/i0.wp.com\/www.moda.es\/blog\/wp-content\/uploads\/2013\/04\/Viktor-and-Rolf.jpg?resize=400%2C600\" width=\"400\" height=\"600\" srcset=\"https:\/\/i0.wp.com\/www.moda.es\/blog\/wp-content\/uploads\/2013\/04\/Viktor-and-Rolf.jpg?w=400 400w, https:\/\/i0.wp.com\/www.moda.es\/blog\/wp-content\/uploads\/2013\/04\/Viktor-and-Rolf.jpg?resize=200%2C300 200w\" sizes=\"(max-width: 400px) 100vw, 400px\" data-recalc-dims=\"1\" \/><\/a><\/p>\n<p>Por fin conocemos la campa\u00f1a completa de <strong>Beyonc\u00e9<\/strong> para <strong>H&amp;M<\/strong>. Voluptupsa, muy sexy y dejando claro que las<strong> mujeres con curvas<\/strong> son las m\u00e1s atractivas. \u00abSiempre me ha gustado\u00a0 H&amp;M porque se centran en una moda asequible y divertida. Realmente me encant\u00f3 el concepto creado con la exploraci\u00f3n de las diferentes <strong>emociones de las mujeres<\/strong> que representan los cuatro elementos<strong>: fuego, agua, tierra y viento<\/strong>\u00ab, ha declarado la cantante. \u00abFue una hermosa sesi\u00f3n en una isla tropical. Se pareci\u00f3 m\u00e1s a hacer un <strong>videoclip<\/strong> que una campa\u00f1a publicitaria\u00bb.<\/p>\n<p style=\"text-align: center\"><a href=\"https:\/\/i0.wp.com\/www.moda.es\/blog\/wp-content\/uploads\/2013\/04\/beyonce-hm-1.jpg\" target=\"_blank\"><img loading=\"lazy\" class=\"aligncenter\" alt=\"beyonce-hm-1\" src=\"https:\/\/i0.wp.com\/www.moda.es\/blog\/wp-content\/uploads\/2013\/04\/beyonce-hm-1.jpg?resize=400%2C267\" width=\"400\" height=\"267\" data-recalc-dims=\"1\" \/><\/a><\/p>\n<div class=\"jetpack-video-wrapper\"><span class=\"embed-youtube\" style=\"text-align:center; display: block;\"><iframe class=\"youtube-player\" width=\"500\" height=\"315\" src=\"https:\/\/www.youtube.com\/embed\/ZcD4KPTPE2w?version=3&#038;rel=1&#038;showsearch=0&#038;showinfo=1&#038;iv_load_policy=1&#038;fs=1&#038;hl=es-ES&#038;autohide=2&#038;wmode=transparent\" allowfullscreen=\"true\" style=\"border:0;\" sandbox=\"allow-scripts allow-same-origin allow-popups allow-presentation\"><\/iframe><\/span><\/div>\n<p><a href=\"http:\/\/www.krackonline.com\/\" target=\"_blank\">Krack<\/a> acaba de aterriza en Madrid. Un espacio multimarca con zapatos a precios muy razonables de marcas como <strong>Converse, Vans, Superga, Steve Madden, Tommy, Diesel<\/strong>, <strong>Pepe Jeans, Camper<\/strong> y muchas otras, sin olvidar la colecci\u00f3n creada en exclusiva por la blogger <strong>Lovely Pepa, <i>Lovely Pepa for Krack.<\/i><\/strong><\/p>\n<p style=\"text-align: center\">\u00a0<a href=\"https:\/\/i0.wp.com\/www.moda.es\/blog\/wp-content\/uploads\/2013\/04\/MG_0726_2.jpg\" target=\"_blank\"><img loading=\"lazy\" class=\"aligncenter\" alt=\"_MG_0726_2\" src=\"https:\/\/i0.wp.com\/www.moda.es\/blog\/wp-content\/uploads\/2013\/04\/MG_0726_2.jpg?resize=400%2C267\" width=\"400\" height=\"267\" data-recalc-dims=\"1\" \/><\/a><\/p>\n<p>\u00bfY ya te has cansado de los relojes de siempre? Por<strong> 69 euros<\/strong> puedes tener uno de estos divertidos relojes de la colecci\u00f3n <strong>Happy Time<\/strong> de <strong>Smiley World<\/strong>.<\/p>\n<p><a href=\"https:\/\/i0.wp.com\/www.moda.es\/blog\/wp-content\/uploads\/2013\/04\/IMG_1567.jpg\" target=\"_blank\"><img data-attachment-id=\"12227\" data-permalink=\"http:\/\/www.moda.es\/blog\/lo-mejor-de-la-semana-2\/img_1567\/\" data-orig-file=\"https:\/\/i0.wp.com\/www.moda.es\/blog\/wp-content\/uploads\/2013\/04\/IMG_1567.jpg?fit=400%2C603\" data-orig-size=\"400,603\" data-comments-opened=\"1\" data-image-meta=\"{&quot;aperture&quot;:&quot;29&quot;,&quot;credit&quot;:&quot;&quot;,&quot;camera&quot;:&quot;Canon EOS 5D Mark II&quot;,&quot;caption&quot;:&quot;&quot;,&quot;created_timestamp&quot;:&quot;1312895690&quot;,&quot;copyright&quot;:&quot;&quot;,&quot;focal_length&quot;:&quot;100&quot;,&quot;iso&quot;:&quot;200&quot;,&quot;shutter_speed&quot;:&quot;0.00625&quot;,&quot;title&quot;:&quot;&quot;}\" data-image-title=\"IMG_1567\" data-image-description=\"\" data-image-caption=\"\" data-medium-file=\"https:\/\/i0.wp.com\/www.moda.es\/blog\/wp-content\/uploads\/2013\/04\/IMG_1567.jpg?fit=199%2C300\" data-large-file=\"https:\/\/i0.wp.com\/www.moda.es\/blog\/wp-content\/uploads\/2013\/04\/IMG_1567.jpg?fit=400%2C603\" loading=\"lazy\" class=\" wp-image-12227 alignnone\" alt=\"IMG_1567\" src=\"https:\/\/i0.wp.com\/www.moda.es\/blog\/wp-content\/uploads\/2013\/04\/IMG_1567.jpg?resize=150%2C220\" width=\"150\" height=\"220\" data-recalc-dims=\"1\" \/><\/a> <a href=\"https:\/\/i0.wp.com\/www.moda.es\/blog\/wp-content\/uploads\/2013\/04\/IMG_1591.jpg\" target=\"_blank\"><img data-attachment-id=\"12228\" data-permalink=\"http:\/\/www.moda.es\/blog\/lo-mejor-de-la-semana-2\/img_1591\/\" data-orig-file=\"https:\/\/i0.wp.com\/www.moda.es\/blog\/wp-content\/uploads\/2013\/04\/IMG_1591.jpg?fit=400%2C569\" data-orig-size=\"400,569\" data-comments-opened=\"1\" data-image-meta=\"{&quot;aperture&quot;:&quot;29&quot;,&quot;credit&quot;:&quot;&quot;,&quot;camera&quot;:&quot;Canon EOS 5D Mark II&quot;,&quot;caption&quot;:&quot;&quot;,&quot;created_timestamp&quot;:&quot;1312902474&quot;,&quot;copyright&quot;:&quot;&quot;,&quot;focal_length&quot;:&quot;100&quot;,&quot;iso&quot;:&quot;160&quot;,&quot;shutter_speed&quot;:&quot;0.00625&quot;,&quot;title&quot;:&quot;&quot;}\" data-image-title=\"IMG_1591\" data-image-description=\"\" data-image-caption=\"\" data-medium-file=\"https:\/\/i0.wp.com\/www.moda.es\/blog\/wp-content\/uploads\/2013\/04\/IMG_1591.jpg?fit=210%2C300\" data-large-file=\"https:\/\/i0.wp.com\/www.moda.es\/blog\/wp-content\/uploads\/2013\/04\/IMG_1591.jpg?fit=400%2C569\" loading=\"lazy\" class=\" wp-image-12228 alignnone\" alt=\"IMG_1591\" src=\"https:\/\/i0.wp.com\/www.moda.es\/blog\/wp-content\/uploads\/2013\/04\/IMG_1591.jpg?resize=150%2C220\" width=\"150\" height=\"220\" data-recalc-dims=\"1\" \/><\/a> <a href=\"https:\/\/i0.wp.com\/www.moda.es\/blog\/wp-content\/uploads\/2013\/04\/IMG_1670.jpg\" target=\"_blank\"><img data-attachment-id=\"12233\" data-permalink=\"http:\/\/www.moda.es\/blog\/lo-mejor-de-la-semana-2\/img_1670\/\" data-orig-file=\"https:\/\/i0.wp.com\/www.moda.es\/blog\/wp-content\/uploads\/2013\/04\/IMG_1670.jpg?fit=400%2C570\" data-orig-size=\"400,570\" data-comments-opened=\"1\" data-image-meta=\"{&quot;aperture&quot;:&quot;29&quot;,&quot;credit&quot;:&quot;&quot;,&quot;camera&quot;:&quot;Canon EOS 5D Mark II&quot;,&quot;caption&quot;:&quot;&quot;,&quot;created_timestamp&quot;:&quot;1312984574&quot;,&quot;copyright&quot;:&quot;&quot;,&quot;focal_length&quot;:&quot;100&quot;,&quot;iso&quot;:&quot;125&quot;,&quot;shutter_speed&quot;:&quot;0.00625&quot;,&quot;title&quot;:&quot;&quot;}\" data-image-title=\"IMG_1670\" data-image-description=\"\" data-image-caption=\"\" data-medium-file=\"https:\/\/i0.wp.com\/www.moda.es\/blog\/wp-content\/uploads\/2013\/04\/IMG_1670.jpg?fit=210%2C300\" data-large-file=\"https:\/\/i0.wp.com\/www.moda.es\/blog\/wp-content\/uploads\/2013\/04\/IMG_1670.jpg?fit=400%2C570\" loading=\"lazy\" class=\" wp-image-12233 alignnone\" alt=\"IMG_1670\" src=\"https:\/\/i0.wp.com\/www.moda.es\/blog\/wp-content\/uploads\/2013\/04\/IMG_1670.jpg?resize=150%2C220\" width=\"150\" height=\"220\" data-recalc-dims=\"1\" \/><\/a><\/p>\n<p>\u00a1Feliz semana!<\/p>\n<p>&nbsp;<\/p>\n<p>\u00a9Vogue UK \/ Firmas                             <\/p>\n","protected":false},"excerpt":{"rendered":"<p>Una semana m\u00e1s llena de moda. Entre la salida de la modelo Kylie Bisutti hemos tenido otras muchas noticias interesantes, el ranking de la revista Time, el documental de Frida Gianini, la salida de Reed Krakoff de Coach o la pr\u00f3xima l\u00ednea joven que prepara Loewe para mayo. \u00bfQuieres conocerlas? [&hellip;]<\/p>\n","protected":false},"author":3,"featured_media":17005,"comment_status":"open","ping_status":"open","sticky":false,"template":"","format":"standard","meta":{"jetpack_publicize_message":"","jetpack_is_tweetstorm":false,"jetpack_publicize_feature_enabled":true},"categories":[2,3],"tags":[125,227,262,377,829,845,856,894,919,933],"jetpack_publicize_connections":[],"jetpack_featured_media_url":"https:\/\/i0.wp.com\/www.moda.es\/blog\/wp-content\/uploads\/2013\/04\/Viktor-and-Rolf1.jpg?fit=400%2C600","jetpack_sharing_enabled":true,"jetpack_shortlink":"https:\/\/wp.me\/p4tJCC-3b2","jetpack-related-posts":[{"id":13235,"url":"http:\/\/www.moda.es\/blog\/lo-mejor-de-la-semana-de-la-alta-costura-ii\/","url_meta":{"origin":12216,"position":0},"title":"Lo mejor de la Semana de la Alta Costura (II)","date":"julio 6, 2013","format":false,"excerpt":"Ayer te mostr\u00e9 algunas pinceladas de lo que se ha visto en la Semana de la Costura para la temporada Oto\u00f1o - Invierno 2013 pero seguro que te has quedado con ganas de saber m\u00e1s, \u00bfverdad? El detalle m\u00e1s llamativo de la colecci\u00f3n de alta costura de Giorgio Armani fueron\u2026","rel":"","context":"En \u00abColecciones\u00bb","img":{"alt_text":"","src":"https:\/\/i0.wp.com\/www.moda.es\/blog\/wp-content\/uploads\/2013\/07\/Armani-Prive.jpg?fit=400%2C267&resize=350%2C200","width":350,"height":200},"classes":[]},{"id":13334,"url":"http:\/\/www.moda.es\/blog\/resumen-de-la-semana-13-de-julio\/","url_meta":{"origin":12216,"position":1},"title":"Resumen de la semana. 13 de julio","date":"julio 13, 2013","format":false,"excerpt":"\u00bfQu\u00e9 tal llevas la temporada de rebajas? \u00bfHas conseguido hacerte con alg\u00fan capricho a un precio que te haya hecho desearlo a\u00fan m\u00e1s? \u00a1Espero que s\u00ed! Y por si entre tanta compra te has saltado alguna de las noticias de la semana aqu\u00ed tienes un resumen con lo m\u00e1s destacable\u2026","rel":"","context":"En \u00abActualidad\u00bb","img":{"alt_text":"","src":"https:\/\/i0.wp.com\/www.moda.es\/blog\/wp-content\/uploads\/2013\/07\/Viktor-and-Rolf-Bridal-1.jpg?fit=400%2C600&resize=350%2C200","width":350,"height":200},"classes":[]},{"id":12065,"url":"http:\/\/www.moda.es\/blog\/grandes-regresos\/","url_meta":{"origin":12216,"position":2},"title":"Grandes regresos: la resurrecci\u00f3n de Elsa Schiaparelli","date":"abril 17, 2013","format":false,"excerpt":"Se habl\u00f3 de Viktor & Rolf, se nombr\u00f3 a Marco Zanini (director creativo de Rochas) y tambi\u00e9n del genio de John Galliano para el proyecto de recuperaci\u00f3n de la m\u00edtica firma de Elsa Schiaparelli, pero finalmente se ha desvelado el misterio, y la elecci\u00f3n tomada por Diego della Valle y\u2026","rel":"","context":"En \u00abDise\u00f1adores\u00bb","img":{"alt_text":"","src":"https:\/\/i0.wp.com\/www.moda.es\/blog\/wp-content\/uploads\/2013\/04\/christian-lacroix1.jpg?fit=500%2C750&resize=350%2C200","width":350,"height":200},"classes":[]},{"id":1079,"url":"http:\/\/www.moda.es\/blog\/campo-de-batalla-la-pasarela\/","url_meta":{"origin":12216,"position":3},"title":"Campo de batalla, la pasarela","date":"marzo 11, 2011","format":false,"excerpt":"Para el\u00a0Oto\u00f1o\/Invierno 2011-12 Viktor & Rolf se\u00a0han preparado para la batalla. Y es que los dise\u00f1adores se vieron obligados a crear una colecci\u00f3n para luchar en favor de la creatividad y la belleza. Una cruzada por su pasi\u00f3n por la moda. La inspiraci\u00f3n lleg\u00f3 desde el lejano per\u00edodo de la\u2026","rel":"","context":"En \u00abDise\u00f1adores\u00bb","img":{"alt_text":"","src":"","width":0,"height":0},"classes":[]},{"id":7272,"url":"http:\/\/www.moda.es\/blog\/les-jalouses-masculina\/","url_meta":{"origin":12216,"position":4},"title":"Les Jalouses, masculina","date":"mayo 30, 2012","format":false,"excerpt":"La venta ef\u00edmera de Les Jalouses, de la cual os habl\u00e1bamos a finales del a\u00f1o pasado, ha vuelto y pegando fuerte. Adem\u00e1s de \u00a0encontrar prendas femeninas de muchas y buenas firmas, en perfecto estado y a precios de ensue\u00f1o, ahora se han hecho con un buen n\u00famero de marcas de\u2026","rel":"","context":"En \u00abModa Hombre\u00bb","img":{"alt_text":"","src":"https:\/\/i0.wp.com\/www.moda.es\/blog\/wp-content\/uploads\/2012\/05\/Picture-3-e1338328699881.png?resize=350%2C200","width":350,"height":200},"classes":[]},{"id":629,"url":"http:\/\/www.moda.es\/blog\/los-bolsos-tienen-nombre\/","url_meta":{"origin":12216,"position":5},"title":"Los bolsos tienen nombre","date":"enero 26, 2011","format":false,"excerpt":"Durante el siglo pasado (c\u00f3mo suena para hablar\u00a0con este t\u00e9rmino de un siglo que acab\u00f3\u00a0hace s\u00f3lo\u00a011 a\u00f1os) una serie de bolsos se fueron convirtiendo en iconos de moda. El primero que me viene a la cabeza y quiz\u00e1 lo sea oficialmente, el Kelly de H\u00e8rmes, un bolso nombrado as\u00ed por\u2026","rel":"","context":"En \u00abAccesorios\u00bb","img":{"alt_text":"","src":"https:\/\/i0.wp.com\/blog.stylehive.com\/images\/uploads\/birkin_big.jpg?resize=350%2C200","width":350,"height":200},"classes":[]}],"_links":{"self":[{"href":"http:\/\/www.moda.es\/blog\/wp-json\/wp\/v2\/posts\/12216"}],"collection":[{"href":"http:\/\/www.moda.es\/blog\/wp-json\/wp\/v2\/posts"}],"about":[{"href":"http:\/\/www.moda.es\/blog\/wp-json\/wp\/v2\/types\/post"}],"author":[{"embeddable":true,"href":"http:\/\/www.moda.es\/blog\/wp-json\/wp\/v2\/users\/3"}],"replies":[{"embeddable":true,"href":"http:\/\/www.moda.es\/blog\/wp-json\/wp\/v2\/comments?post=12216"}],"version-history":[{"count":5,"href":"http:\/\/www.moda.es\/blog\/wp-json\/wp\/v2\/posts\/12216\/revisions"}],"predecessor-version":[{"id":36640,"href":"http:\/\/www.moda.es\/blog\/wp-json\/wp\/v2\/posts\/12216\/revisions\/36640"}],"wp:featuredmedia":[{"embeddable":true,"href":"http:\/\/www.moda.es\/blog\/wp-json\/wp\/v2\/media\/17005"}],"wp:attachment":[{"href":"http:\/\/www.moda.es\/blog\/wp-json\/wp\/v2\/media?parent=12216"}],"wp:term":[{"taxonomy":"category","embeddable":true,"href":"http:\/\/www.moda.es\/blog\/wp-json\/wp\/v2\/categories?post=12216"},{"taxonomy":"post_tag","embeddable":true,"href":"http:\/\/www.moda.es\/blog\/wp-json\/wp\/v2\/tags?post=12216"}],"curies":[{"name":"wp","href":"https:\/\/api.w.org\/{rel}","templated":true}]}}