{"id":11881,"date":"2013-04-05T19:12:49","date_gmt":"2013-04-05T18:12:49","guid":{"rendered":"http:\/\/www.moda.es\/blog\/?p=11881"},"modified":"2020-04-27T18:16:51","modified_gmt":"2020-04-27T17:16:51","slug":"hasta-donde-llegarias-para-adelgazar","status":"publish","type":"post","link":"http:\/\/www.moda.es\/blog\/hasta-donde-llegarias-para-adelgazar\/","title":{"rendered":"\u00bfHasta d\u00f3nde llegar\u00edas para adelgazar?"},"content":{"rendered":"<p>Las palabras dieta o r\u00e9gimen sin duda han formado parte del vocabulario de la mayor\u00eda de las mujeres durante alguna etapa de su vida. Lo necesitemos o no siempre hay alguna parte de nuestro cuerpo que no luce como pensamos que deber\u00eda, y parte de la culpa la tienen las <strong>modelos<\/strong>, esas ninfas de la belleza que desde los medios y la publicidad nos imponen ese <strong>canon de estilo<\/strong> que todas queremos alcanzar.<\/p>\n<p>Sin embargo, \u00bfte has parado a pensar c\u00f3mo consiguen esas mujeres (reales, tambi\u00e9n, como t\u00fa y como yo), lograr esos cuerpos de infarto?<\/p>\n<p><a href=\"https:\/\/i0.wp.com\/www.moda.es\/blog\/wp-content\/uploads\/2013\/04\/Kristie-Clements.jpg\"><img data-attachment-id=\"11882\" data-permalink=\"http:\/\/www.moda.es\/blog\/hasta-donde-llegarias-para-adelgazar\/kristie-clements\/\" data-orig-file=\"https:\/\/i0.wp.com\/www.moda.es\/blog\/wp-content\/uploads\/2013\/04\/Kristie-Clements.jpg?fit=300%2C482\" data-orig-size=\"300,482\" data-comments-opened=\"1\" data-image-meta=\"{&quot;aperture&quot;:&quot;0&quot;,&quot;credit&quot;:&quot;\\u00a9 Getty Images&quot;,&quot;camera&quot;:&quot;&quot;,&quot;caption&quot;:&quot;&quot;,&quot;created_timestamp&quot;:&quot;0&quot;,&quot;copyright&quot;:&quot;&quot;,&quot;focal_length&quot;:&quot;0&quot;,&quot;iso&quot;:&quot;0&quot;,&quot;shutter_speed&quot;:&quot;0&quot;,&quot;title&quot;:&quot;&quot;}\" data-image-title=\"Kristie Clements\" data-image-description=\"\" data-image-caption=\"\" data-medium-file=\"https:\/\/i0.wp.com\/www.moda.es\/blog\/wp-content\/uploads\/2013\/04\/Kristie-Clements.jpg?fit=186%2C300\" data-large-file=\"https:\/\/i0.wp.com\/www.moda.es\/blog\/wp-content\/uploads\/2013\/04\/Kristie-Clements.jpg?fit=300%2C482\" loading=\"lazy\" class=\"aligncenter size-full wp-image-11882\" alt=\"Kristie Clements\" src=\"https:\/\/i0.wp.com\/www.moda.es\/blog\/wp-content\/uploads\/2013\/04\/Kristie-Clements.jpg?resize=300%2C482\" width=\"300\" height=\"482\" srcset=\"https:\/\/i0.wp.com\/www.moda.es\/blog\/wp-content\/uploads\/2013\/04\/Kristie-Clements.jpg?w=300 300w, https:\/\/i0.wp.com\/www.moda.es\/blog\/wp-content\/uploads\/2013\/04\/Kristie-Clements.jpg?resize=186%2C300 186w\" sizes=\"(max-width: 300px) 100vw, 300px\" data-recalc-dims=\"1\" \/><\/a><\/p>\n<p><strong>Kristie Clements<\/strong>, ex directora de la edici\u00f3n <strong>australiana<\/strong> de la revista <strong>Vogue<\/strong>, ha decidido salir por la puerta grande publicando un controvertido libro, <em>The Vogue Factor<\/em>, donde saca a la luz todos los secretos de la industria de la moda.<\/p>\n<p>Secretos como por ejemplo que las modelos, en su af\u00e1n por mantener la b\u00e1scula a raya,<strong> comen pa\u00f1uelos de papel<\/strong> para sentirse llenas, se matan de hambre durante d\u00edas y d\u00edas teniendo que pasar per\u00edodos frecuentes en el <strong>hospital<\/strong>, y a menudo est\u00e1n tan d\u00e9biles por el hambre que apenas pueden mantener los ojos abiertos.<\/p>\n<p><a href=\"https:\/\/i0.wp.com\/www.moda.es\/blog\/wp-content\/uploads\/2013\/04\/The-Vogue-Factor.jpg\"><img data-attachment-id=\"11883\" data-permalink=\"http:\/\/www.moda.es\/blog\/hasta-donde-llegarias-para-adelgazar\/the-vogue-factor\/\" data-orig-file=\"https:\/\/i0.wp.com\/www.moda.es\/blog\/wp-content\/uploads\/2013\/04\/The-Vogue-Factor.jpg?fit=300%2C477\" data-orig-size=\"300,477\" data-comments-opened=\"1\" data-image-meta=\"{&quot;aperture&quot;:&quot;0&quot;,&quot;credit&quot;:&quot;&quot;,&quot;camera&quot;:&quot;&quot;,&quot;caption&quot;:&quot;&quot;,&quot;created_timestamp&quot;:&quot;0&quot;,&quot;copyright&quot;:&quot;&quot;,&quot;focal_length&quot;:&quot;0&quot;,&quot;iso&quot;:&quot;0&quot;,&quot;shutter_speed&quot;:&quot;0&quot;,&quot;title&quot;:&quot;&quot;}\" data-image-title=\"The Vogue Factor\" data-image-description=\"\" data-image-caption=\"\" data-medium-file=\"https:\/\/i0.wp.com\/www.moda.es\/blog\/wp-content\/uploads\/2013\/04\/The-Vogue-Factor.jpg?fit=188%2C300\" data-large-file=\"https:\/\/i0.wp.com\/www.moda.es\/blog\/wp-content\/uploads\/2013\/04\/The-Vogue-Factor.jpg?fit=300%2C477\" loading=\"lazy\" class=\"aligncenter size-full wp-image-11883\" alt=\"The Vogue Factor\" src=\"https:\/\/i0.wp.com\/www.moda.es\/blog\/wp-content\/uploads\/2013\/04\/The-Vogue-Factor.jpg?resize=300%2C477\" width=\"300\" height=\"477\" srcset=\"https:\/\/i0.wp.com\/www.moda.es\/blog\/wp-content\/uploads\/2013\/04\/The-Vogue-Factor.jpg?w=300 300w, https:\/\/i0.wp.com\/www.moda.es\/blog\/wp-content\/uploads\/2013\/04\/The-Vogue-Factor.jpg?resize=188%2C300 188w\" sizes=\"(max-width: 300px) 100vw, 300px\" data-recalc-dims=\"1\" \/><\/a><br \/>\nClements cuenta sus propias experiencias en sesiones de fotos de varios d\u00edas que la modelo apenas pod\u00eda aguantar por <strong>no ingerir bocado<\/strong> o como en el sector se habla de \u00abdelgadez\u00bb o \u00abdelgadez Par\u00eds\u00bb, esta talla que hay que conseguir para poder dar el salto a las grandes pasarelas Europeas.<\/p>\n<p>Y t\u00fa te preguntar\u00e1s&#8230; \u00bfpor qu\u00e9 este libro despu\u00e9s de formar parte del sistema durante <strong>13 a\u00f1os<\/strong>? Se dice que esto es parte de una venganza al medio al que dedic\u00f3 tanto trabajo y del que fue despedida sin demasiadas explicaciones y de un d\u00eda para otro para poner en su lugar a la ex editora de <strong>Harper&#8217;s Bazaar, Edwina McCann<\/strong>.<\/p>\n<p>Si quieres saber todo lo que esta mujer tiene que decir sobre el cuerpo femenino y su sometimiento ante los dictados de la moda, puedes encontrar el libro en <strong>Amazon<\/strong>, pero recuerda: belleza s\u00ed, pero no a pesar de tu <strong>salud<\/strong>.<\/p>\n<p>\u00a9Daily Mail<\/p>\n<p>&nbsp;                             <\/p>\n","protected":false},"excerpt":{"rendered":"<p>Las palabras dieta o r\u00e9gimen sin duda han formado parte del vocabulario de la mayor\u00eda de las mujeres durante alguna etapa de su vida. Lo necesitemos o no siempre hay alguna parte de nuestro cuerpo que no luce como pensamos que deber\u00eda, y parte de la culpa la tienen las [&hellip;]<\/p>\n","protected":false},"author":3,"featured_media":16986,"comment_status":"open","ping_status":"open","sticky":false,"template":"","format":"standard","meta":{"jetpack_publicize_message":"","jetpack_is_tweetstorm":false,"jetpack_publicize_feature_enabled":true},"categories":[3,18],"tags":[490,630,942],"jetpack_publicize_connections":[],"jetpack_featured_media_url":"https:\/\/i0.wp.com\/www.moda.es\/blog\/wp-content\/uploads\/2013\/04\/Kristie-Clements1.jpg?fit=300%2C482","jetpack_sharing_enabled":true,"jetpack_shortlink":"https:\/\/wp.me\/p4tJCC-35D","jetpack-related-posts":[{"id":4535,"url":"http:\/\/www.moda.es\/blog\/portadas-del-mes-de-diciembre\/","url_meta":{"origin":11881,"position":0},"title":"Portadas del mes de diciembre","date":"diciembre 6, 2011","format":false,"excerpt":"No hay que juzgar el libro por la portada, pero las revistas s\u00ed se compran por la portada. Este mes de diciembre en el quiosco hay un par de ellas que destacan: Vogue Par\u00eds y Vogue Espa\u00f1a. Si la asimilaci\u00f3n del armario masculino por las mujeres este invierno, la preferencia\u2026","rel":"","context":"En \u00abMedios\u00bb","img":{"alt_text":"","src":"https:\/\/i0.wp.com\/www.moda.es\/blog\/wp-content\/uploads\/2011\/12\/Kate-Moss-Vogue-Paris-01-e13231272422811.jpg?fit=386%2C500&resize=350%2C200","width":350,"height":200},"classes":[]},{"id":22612,"url":"http:\/\/www.moda.es\/blog\/lauren-hutton-vuelve-a-ser-chica-de-portada\/","url_meta":{"origin":11881,"position":1},"title":"Lauren Hutton vuelve a ser chica de portada","date":"octubre 7, 2017","format":false,"excerpt":"Vogue Italia ha estrenado su portada de octubre 2017 esta semana, sorprendi\u00e9ndonos con su cover girl. A los 73 a\u00f1os de edad (74 a partir del pr\u00f3ximo mes), la actriz y modelo Lauren Hutton\u00a0es la mujer de mayor edad que ha aparecido en una portada de Vogue, seg\u00fan informa WWD.\u2026","rel":"","context":"En \u00abActualidad\u00bb","img":{"alt_text":"","src":"https:\/\/i0.wp.com\/www.moda.es\/blog\/wp-content\/uploads\/2017\/10\/Captura-de-pantalla-2017-10-07-a-las-18.00.04.png?fit=462%2C576&resize=350%2C200","width":350,"height":200},"classes":[]},{"id":2198,"url":"http:\/\/www.moda.es\/blog\/el-padre-de-la-fotografia-de-moda\/","url_meta":{"origin":11881,"position":2},"title":"El padre de la fotograf\u00eda de moda","date":"junio 6, 2011","format":false,"excerpt":"Se le considera el primer fot\u00f3grafo de moda, su nombre: Adolph de Meyer (Par\u00eds, 1868- 1949, Los \u00c1ngeles). \u00c9l fue el primer fot\u00f3grafo en la plantilla de Vogue y Vanity Fair. Con la fortuna de haber nacido en la abundancia, de padre jud\u00edo alem\u00e1n y madre escocesa, pas\u00f3 su ni\u00f1ez\u2026","rel":"","context":"En \u00abFot\u00f3grafos\u00bb","img":{"alt_text":"","src":"https:\/\/i0.wp.com\/www.moda.es\/blog\/wp-content\/uploads\/2011\/06\/cdocuments-and-settingsmschneiedesktopstyle-file-photosweek-of-2-22-10natica-nast-adolph-de-meyer1.jpg?fit=480%2C382&resize=350%2C200","width":350,"height":200},"classes":[]},{"id":21486,"url":"http:\/\/www.moda.es\/blog\/adios-franca\/","url_meta":{"origin":11881,"position":3},"title":"Adi\u00f3s, Franca","date":"diciembre 22, 2016","format":false,"excerpt":"Franca Sozzani,\u00a0editora de Vogue Italia desde 1988, ha muerto despu\u00e9s de luchar contra una enfermedad durante un a\u00f1o. Sozzani era conocida por sus temas en Vogue siempre desafiando\u00a0los l\u00edmites y la percepci\u00f3n de la belleza en la moda. Licenciada en literatura y filosof\u00eda, Sozzani comenz\u00f3 su carrera en Vogue Bambini,\u2026","rel":"","context":"En \u00abActualidad\u00bb","img":{"alt_text":"","src":"https:\/\/i0.wp.com\/www.moda.es\/blog\/wp-content\/uploads\/2016\/12\/Captura-de-pantalla-2016-12-22-a-las-22.56.36.png?fit=363%2C548&resize=350%2C200","width":350,"height":200},"classes":[]},{"id":22474,"url":"http:\/\/www.moda.es\/blog\/bella-hadid-en-la-portada-del-primer-numero-de-septiembre-de-vogue-arabia\/","url_meta":{"origin":11881,"position":4},"title":"Bella Hadid en la portada del primer n\u00famero de septiembre de Vogue Arabia","date":"agosto 19, 2017","format":false,"excerpt":"Cuando Vogue Arabia present\u00f3 su edici\u00f3n impresa en marzo, rompi\u00f3\u00a0muchas barreras dentro de las publicaciones de Cond\u00e9 Nast International. Adem\u00e1s de ser la \u00fanica edici\u00f3n de Vogue que se lanza digitalmente primero, es tambi\u00e9n la primera Vogue que representa una regi\u00f3n entera. Adem\u00e1s ha sido la primera revista de moda\u2026","rel":"","context":"En \u00abActualidad\u00bb","img":{"alt_text":"","src":"https:\/\/i0.wp.com\/www.moda.es\/blog\/wp-content\/uploads\/2017\/08\/bella4.jpg?fit=933%2C1200&resize=350%2C200","width":350,"height":200},"classes":[]},{"id":18279,"url":"http:\/\/www.moda.es\/blog\/el-libro-de-la-belleza\/","url_meta":{"origin":11881,"position":5},"title":"El libro de la belleza","date":"septiembre 12, 2014","format":false,"excerpt":"Las famsoas modelos deVictoria's Secret han participado en un nuevo libro del fot\u00f3grafo Russell James. Adriana Lima, Alessandra Ambrosio, Candice Swanepoel, Behati Prinsloo y Lily Aldridge entre otras\u00a0 han sido fotografiadas llevando incluso menos ropa de lo que la lucen en la vibrante pasarela de la marca. \u00a0 \"En las\u2026","rel":"","context":"En \u00abActualidad\u00bb","img":{"alt_text":"","src":"https:\/\/i0.wp.com\/www.moda.es\/blog\/wp-content\/uploads\/2014\/09\/vas6.jpg?fit=650%2C975&resize=350%2C200","width":350,"height":200},"classes":[]}],"_links":{"self":[{"href":"http:\/\/www.moda.es\/blog\/wp-json\/wp\/v2\/posts\/11881"}],"collection":[{"href":"http:\/\/www.moda.es\/blog\/wp-json\/wp\/v2\/posts"}],"about":[{"href":"http:\/\/www.moda.es\/blog\/wp-json\/wp\/v2\/types\/post"}],"author":[{"embeddable":true,"href":"http:\/\/www.moda.es\/blog\/wp-json\/wp\/v2\/users\/3"}],"replies":[{"embeddable":true,"href":"http:\/\/www.moda.es\/blog\/wp-json\/wp\/v2\/comments?post=11881"}],"version-history":[{"count":5,"href":"http:\/\/www.moda.es\/blog\/wp-json\/wp\/v2\/posts\/11881\/revisions"}],"predecessor-version":[{"id":36659,"href":"http:\/\/www.moda.es\/blog\/wp-json\/wp\/v2\/posts\/11881\/revisions\/36659"}],"wp:featuredmedia":[{"embeddable":true,"href":"http:\/\/www.moda.es\/blog\/wp-json\/wp\/v2\/media\/16986"}],"wp:attachment":[{"href":"http:\/\/www.moda.es\/blog\/wp-json\/wp\/v2\/media?parent=11881"}],"wp:term":[{"taxonomy":"category","embeddable":true,"href":"http:\/\/www.moda.es\/blog\/wp-json\/wp\/v2\/categories?post=11881"},{"taxonomy":"post_tag","embeddable":true,"href":"http:\/\/www.moda.es\/blog\/wp-json\/wp\/v2\/tags?post=11881"}],"curies":[{"name":"wp","href":"https:\/\/api.w.org\/{rel}","templated":true}]}}