{"id":11865,"date":"2013-04-03T21:53:58","date_gmt":"2013-04-03T20:53:58","guid":{"rendered":"http:\/\/www.moda.es\/blog\/?p=11865"},"modified":"2020-04-27T18:17:08","modified_gmt":"2020-04-27T17:17:08","slug":"toda-la-moda-de-tus-programas-preferidos-a-un-click","status":"publish","type":"post","link":"http:\/\/www.moda.es\/blog\/toda-la-moda-de-tus-programas-preferidos-a-un-click\/","title":{"rendered":"Toda la moda de tus programas preferidos, a un click"},"content":{"rendered":"<p>\u00bfCu\u00e1ntas veces te has enamorado de un vestido o un bolso mientras ve\u00edas una serie o un <strong>programa de televisi\u00f3n<\/strong> y no has sabido d\u00f3nde encontrarlo? No te preocupes porque se solucionaron todos tus problemas. Los t\u00e9cnicos de la aplicaci\u00f3n de captura de m\u00fasica <strong>Shazam\u00a0<\/strong> podr\u00edan desarrollar una nueva <em>app<\/em> que permitir\u00e1 a los usuarios <strong>identificar las prendas que componen el look del personaje que est\u00e1 en pantalla.<\/strong><\/p>\n<p style=\"text-align: center\"><a href=\"https:\/\/i0.wp.com\/www.moda.es\/blog\/wp-content\/uploads\/2013\/04\/Gossip-Girl.jpg\" target=\"_blank\"><img data-attachment-id=\"11866\" data-permalink=\"http:\/\/www.moda.es\/blog\/toda-la-moda-de-tus-programas-preferidos-a-un-click\/gossip-girl\/\" data-orig-file=\"https:\/\/i0.wp.com\/www.moda.es\/blog\/wp-content\/uploads\/2013\/04\/Gossip-Girl.jpg?fit=300%2C451\" data-orig-size=\"300,451\" data-comments-opened=\"1\" data-image-meta=\"{&quot;aperture&quot;:&quot;0&quot;,&quot;credit&quot;:&quot;&quot;,&quot;camera&quot;:&quot;&quot;,&quot;caption&quot;:&quot;&quot;,&quot;created_timestamp&quot;:&quot;0&quot;,&quot;copyright&quot;:&quot;&quot;,&quot;focal_length&quot;:&quot;0&quot;,&quot;iso&quot;:&quot;0&quot;,&quot;shutter_speed&quot;:&quot;0&quot;,&quot;title&quot;:&quot;&quot;}\" data-image-title=\"Gossip Girl\" data-image-description=\"\" data-image-caption=\"\" data-medium-file=\"https:\/\/i0.wp.com\/www.moda.es\/blog\/wp-content\/uploads\/2013\/04\/Gossip-Girl.jpg?fit=199%2C300\" data-large-file=\"https:\/\/i0.wp.com\/www.moda.es\/blog\/wp-content\/uploads\/2013\/04\/Gossip-Girl.jpg?fit=300%2C451\" loading=\"lazy\" class=\"aligncenter size-full wp-image-11866\" alt=\"Gossip Girl\" src=\"https:\/\/i0.wp.com\/www.moda.es\/blog\/wp-content\/uploads\/2013\/04\/Gossip-Girl.jpg?resize=300%2C451\" width=\"300\" height=\"451\" srcset=\"https:\/\/i0.wp.com\/www.moda.es\/blog\/wp-content\/uploads\/2013\/04\/Gossip-Girl.jpg?w=300 300w, https:\/\/i0.wp.com\/www.moda.es\/blog\/wp-content\/uploads\/2013\/04\/Gossip-Girl.jpg?resize=199%2C300 199w\" sizes=\"(max-width: 300px) 100vw, 300px\" data-recalc-dims=\"1\" \/><\/a><\/p>\n<p>\u00abTenemos la capacidad de identificar el producto de un programa de televisi\u00f3n para que cuando alguien utilice Shazam, pueda saber de d\u00f3nde es el vestido de la presentadora con <strong>un solo clic<\/strong>\u00ab, ha afirmado el Director General, <strong>Andrew Fisher<\/strong>.<\/p>\n<p>El objetivo de esta herramienta no es perseguir el estilo de <strong>Chiara Ferragni<\/strong> o <strong>Alexa Chung<\/strong> como adolescentes, sino promover el compromiso con las marcas. En palabras de Fisher, \u00abhacemos m\u00e1s f\u00e1cil para los consumidores el <strong>comprometerse con una marca<\/strong> o un contenido que les interesa, sin tener que ir a trav\u00e9s de varios motores de b\u00fasqueda, para despu\u00e9s perder el tiempo seleccionando resultados.\u00bb<\/p>\n<p><a href=\"https:\/\/i0.wp.com\/www.moda.es\/blog\/wp-content\/uploads\/2013\/04\/Sexo-en-Nueva-York.jpg\"><img data-attachment-id=\"11867\" data-permalink=\"http:\/\/www.moda.es\/blog\/toda-la-moda-de-tus-programas-preferidos-a-un-click\/sexo-en-nueva-york\/\" data-orig-file=\"https:\/\/i0.wp.com\/www.moda.es\/blog\/wp-content\/uploads\/2013\/04\/Sexo-en-Nueva-York.jpg?fit=300%2C273\" data-orig-size=\"300,273\" data-comments-opened=\"1\" data-image-meta=\"{&quot;aperture&quot;:&quot;0&quot;,&quot;credit&quot;:&quot;&quot;,&quot;camera&quot;:&quot;&quot;,&quot;caption&quot;:&quot;&quot;,&quot;created_timestamp&quot;:&quot;0&quot;,&quot;copyright&quot;:&quot;&quot;,&quot;focal_length&quot;:&quot;0&quot;,&quot;iso&quot;:&quot;0&quot;,&quot;shutter_speed&quot;:&quot;0&quot;,&quot;title&quot;:&quot;&quot;}\" data-image-title=\"Sexo en Nueva York\" data-image-description=\"\" data-image-caption=\"\" data-medium-file=\"https:\/\/i0.wp.com\/www.moda.es\/blog\/wp-content\/uploads\/2013\/04\/Sexo-en-Nueva-York.jpg?fit=300%2C273\" data-large-file=\"https:\/\/i0.wp.com\/www.moda.es\/blog\/wp-content\/uploads\/2013\/04\/Sexo-en-Nueva-York.jpg?fit=300%2C273\" loading=\"lazy\" class=\"aligncenter size-full wp-image-11867\" alt=\"Sexo en Nueva York\" src=\"https:\/\/i0.wp.com\/www.moda.es\/blog\/wp-content\/uploads\/2013\/04\/Sexo-en-Nueva-York.jpg?resize=300%2C273\" width=\"300\" height=\"273\" data-recalc-dims=\"1\" \/><\/a><\/p>\n<p>La nueva funci\u00f3n de esta aplicaci\u00f3n es parte de un proyecto de ampliaci\u00f3n de Shazam para obtener informaci\u00f3n sobre los programas y personajes de la televisi\u00f3n estadounidense, m\u00fasica y productos que se podr\u00e1n adquirir y por el momento contin\u00faan investigando para lograr la <strong>m\u00e1xima rapidez y exactitud<\/strong> en la identificaci\u00f3n de los outfit que veamos en la peque\u00f1a pantalla.<\/p>\n<p>\u00bfNo est\u00e1s deseando que llegue a Espa\u00f1a? Veremos qu\u00e9 ocurre con las copias de las tiendas <em>low cost.<\/em>..<\/p>\n<p>&nbsp;<\/p>\n<p>\u00a9Fashion Telegraph<\/p>\n<p>&nbsp;                             <\/p>\n","protected":false},"excerpt":{"rendered":"<p>\u00bfCu\u00e1ntas veces te has enamorado de un vestido o un bolso mientras ve\u00edas una serie o un programa de televisi\u00f3n y no has sabido d\u00f3nde encontrarlo? No te preocupes porque se solucionaron todos tus problemas. Los t\u00e9cnicos de la aplicaci\u00f3n de captura de m\u00fasica Shazam\u00a0 podr\u00edan desarrollar una nueva app [&hellip;]<\/p>\n","protected":false},"author":3,"featured_media":16982,"comment_status":"open","ping_status":"open","sticky":false,"template":"","format":"standard","meta":{"jetpack_publicize_message":"","jetpack_is_tweetstorm":false,"jetpack_publicize_feature_enabled":true},"categories":[3,29],"tags":[62,186],"jetpack_publicize_connections":[],"jetpack_featured_media_url":"https:\/\/i0.wp.com\/www.moda.es\/blog\/wp-content\/uploads\/2013\/04\/Gossip-Girl1.jpg?fit=300%2C451","jetpack_sharing_enabled":true,"jetpack_shortlink":"https:\/\/wp.me\/p4tJCC-35n","jetpack-related-posts":[{"id":17915,"url":"http:\/\/www.moda.es\/blog\/cualquier-tiempo-pasado-fue-mejor-i\/","url_meta":{"origin":11865,"position":0},"title":"\u00bfCualquier tiempo pasado fue mejor? (I)","date":"julio 7, 2014","format":false,"excerpt":"Eso suele decirse, y no sabemos si ser\u00e1 cierto, lo que s\u00ed est\u00e1 claro es que en moda est\u00e1 pr\u00e1cticamente todo inventado, y mientras alguna firma o dise\u00f1ador se atreve a sorprendernos con alguna creaci\u00f3n realmente nueva, el sector vive del reciclado y mejora de los grandes hits de tiempos\u2026","rel":"","context":"En \u00abDestacados\u00bb","img":{"alt_text":"","src":"https:\/\/i0.wp.com\/www.moda.es\/blog\/wp-content\/uploads\/2014\/07\/kate-moss.jpg?fit=650%2C976&resize=350%2C200","width":350,"height":200},"classes":[]},{"id":16097,"url":"http:\/\/www.moda.es\/blog\/te-casarias-con-un-vestido-de-hm\/","url_meta":{"origin":11865,"position":1},"title":"\u00bfTe casar\u00edas con un vestido de H&amp;M?","date":"marzo 8, 2014","format":false,"excerpt":"El vestido de novia es, para la mayor\u00eda de las mujeres, la prenda m\u00e1s cara que tendr\u00e1 que comprar en su vida. Sin embargo las m\u00e1s ahorradoras tienen su alternativa gracias a H&M. La marca ha creado el primer vestido de novia de su historia, y estar\u00e1 a la venta\u2026","rel":"","context":"En \u00abDestacados\u00bb","img":{"alt_text":"","src":"https:\/\/i0.wp.com\/www.moda.es\/blog\/wp-content\/uploads\/2014\/03\/HM-wedding1.jpg?fit=655%2C470&resize=350%2C200","width":350,"height":200},"classes":[]},{"id":21816,"url":"http:\/\/www.moda.es\/blog\/descubre-lo-mejor-de-la-ceremonia-de-los-oscars\/","url_meta":{"origin":11865,"position":2},"title":"Descubre lo mejor de la ceremonia de los Oscars","date":"febrero 27, 2017","format":false,"excerpt":"Despu\u00e9s de meses de calentamiento en la alfombra roja, desde los Globos de Oro hasta los premios SAG, la noche m\u00e1s grande de Hollywood (y m\u00e1s elegante) lleg\u00f3\u00a0ayer, cuando todos los grandes del cine actual se presentaron\u00a0para la 89\u00aa edici\u00f3n de los Premios Anuales de la Academia. A menudo lamentamos\u2026","rel":"","context":"En \u00abActualidad\u00bb","img":{"alt_text":"","src":"https:\/\/i0.wp.com\/www.moda.es\/blog\/wp-content\/uploads\/2017\/02\/Captura-de-pantalla-2017-02-27-a-las-23.05.28.png?fit=355%2C632&resize=350%2C200","width":350,"height":200},"classes":[]},{"id":15867,"url":"http:\/\/www.moda.es\/blog\/preparada-para-la-primavera\/","url_meta":{"origin":11865,"position":3},"title":"\u00bfPreparada para la primavera? (I)","date":"febrero 8, 2014","format":false,"excerpt":"De acuerdo, hace much\u00edsimo fr\u00edo y esta semana no ha parado de llover, pero eso no evita que tiendas, revistas y publicidad en todos sus formatos ya nos hablen de primavera.\u00a0 Nos encanta un abrigo suave y calentito pero las tendencias de la pr\u00f3xima temporada ya nos llaman. \u00bfQuieres saber\u2026","rel":"","context":"En \u00abDestacados\u00bb","img":{"alt_text":"","src":"https:\/\/i0.wp.com\/www.moda.es\/blog\/wp-content\/uploads\/2014\/02\/Alexander-McQueen.jpg?resize=350%2C200","width":350,"height":200},"classes":[]},{"id":13914,"url":"http:\/\/www.moda.es\/blog\/lo-mejor-y-lo-peor-de-los-premios-mtv\/","url_meta":{"origin":11865,"position":4},"title":"La alfombra roja: lo peor de los premios MTV","date":"agosto 26, 2013","format":false,"excerpt":"Durante el verano no hemos tenido grandes eventos ni fiestas y la verdad es que ya se echaba de menos alguna cita con la alfombra roja en la que ver c\u00f3mo las celebrities capean el temporal del estilo. La cita ha sido en la gala de los MTV Video Music\u2026","rel":"","context":"En \u00abAlfombra Roja\u00bb","img":{"alt_text":"","src":"","width":0,"height":0},"classes":[]},{"id":22163,"url":"http:\/\/www.moda.es\/blog\/descubrelo-todo-sobre-el-vestido-de-novia-de-pippa-middleton\/","url_meta":{"origin":11865,"position":5},"title":"Desc\u00fabrelo todo sobre el vestido de novia de Pippa Middleton","date":"mayo 22, 2017","format":false,"excerpt":"Un dise\u00f1ador exc\u00e9ntrico y un vestido tradicional. Pippa Middleton eligi\u00f3 el couturier brit\u00e1nico Giles Deacon para dise\u00f1ar su vestido nupcial para su boda a James Matthews el s\u00e1bado, y el resultado fue\u00a0maravilloso, una t\u00edpica \"novia inglesa tradicional\". \u00bfLa \u00fanica sorpresa? Que era de Deacon, quien conocido por sus dise\u00f1os extravagantes,\u00a0concibi\u00f3\u2026","rel":"","context":"En \u00abActualidad\u00bb","img":{"alt_text":"","src":"https:\/\/i0.wp.com\/www.moda.es\/blog\/wp-content\/uploads\/2017\/05\/Captura-de-pantalla-2017-05-22-a-las-22.39.15-1.png?fit=365%2C547&resize=350%2C200","width":350,"height":200},"classes":[]}],"_links":{"self":[{"href":"http:\/\/www.moda.es\/blog\/wp-json\/wp\/v2\/posts\/11865"}],"collection":[{"href":"http:\/\/www.moda.es\/blog\/wp-json\/wp\/v2\/posts"}],"about":[{"href":"http:\/\/www.moda.es\/blog\/wp-json\/wp\/v2\/types\/post"}],"author":[{"embeddable":true,"href":"http:\/\/www.moda.es\/blog\/wp-json\/wp\/v2\/users\/3"}],"replies":[{"embeddable":true,"href":"http:\/\/www.moda.es\/blog\/wp-json\/wp\/v2\/comments?post=11865"}],"version-history":[{"count":5,"href":"http:\/\/www.moda.es\/blog\/wp-json\/wp\/v2\/posts\/11865\/revisions"}],"predecessor-version":[{"id":36661,"href":"http:\/\/www.moda.es\/blog\/wp-json\/wp\/v2\/posts\/11865\/revisions\/36661"}],"wp:featuredmedia":[{"embeddable":true,"href":"http:\/\/www.moda.es\/blog\/wp-json\/wp\/v2\/media\/16982"}],"wp:attachment":[{"href":"http:\/\/www.moda.es\/blog\/wp-json\/wp\/v2\/media?parent=11865"}],"wp:term":[{"taxonomy":"category","embeddable":true,"href":"http:\/\/www.moda.es\/blog\/wp-json\/wp\/v2\/categories?post=11865"},{"taxonomy":"post_tag","embeddable":true,"href":"http:\/\/www.moda.es\/blog\/wp-json\/wp\/v2\/tags?post=11865"}],"curies":[{"name":"wp","href":"https:\/\/api.w.org\/{rel}","templated":true}]}}