{"id":11856,"date":"2013-04-02T21:58:44","date_gmt":"2013-04-02T20:58:44","guid":{"rendered":"http:\/\/www.moda.es\/blog\/?p=11856"},"modified":"2020-04-27T18:17:16","modified_gmt":"2020-04-27T17:17:16","slug":"sorpresas-en-el-mundo-de-la-moda","status":"publish","type":"post","link":"http:\/\/www.moda.es\/blog\/sorpresas-en-el-mundo-de-la-moda\/","title":{"rendered":"Sorpresas en el mundo de la moda"},"content":{"rendered":"<p>Hoy es uno de esos d\u00edas en los que alguien se acerca y te dice: \u00abtengo dos noticias, una buena y otra mala, \u00bfcu\u00e1l quieres primero?\u00bb. Pues as\u00ed se ha despertado la moda hoy.<\/p>\n<p>Empezaremos por la <strong>mala noticia<\/strong>, por c\u00f3mo le vamos a echar de menos. <strong>Nicola Formichetti<\/strong>, Director Creativo de <strong>Mugler<\/strong> durante los \u00faltimos dos a\u00f1os, ha dicho adi\u00f3s a la marca oficialmente.<\/p>\n<p>Despu\u00e9s de dos a\u00f1os y medio como dise\u00f1ando las <strong>colecciones masculinas y femeninas<\/strong>, el creador ha dejado su puesto en Mugler \u00abde mutuo acuerdo\u00bb con la marca. <strong>Joel Palix<\/strong>, presidente de <strong>Clarins Fragrance Group<\/strong> y Director General de Mugler, ha afirmado: \u00abCon su talento para las im\u00e1genes y la comunicaci\u00f3n y su moderno entendimiento del dise\u00f1o, Nicola ha sido fundamental para atraer a un p\u00fablico nuevo que es sin duda crucial para la estrategia futura de la casa. Ser\u00e1 una parte hist\u00f3rica del legado Mugler y se le conocer\u00e1 como la fuerza que nos catapult\u00f3 hacia <strong>adelante<\/strong> \u00ab.<\/p>\n<p>Gran parte de ese giro que se ha dado a la marca sin duda se debe a la estrecha relaci\u00f3n de Formichetti con <strong>Lady Gaga<\/strong> y sus constantes apariciones en los desfiles y proyectos de Mugler.<\/p>\n<p><a href=\"https:\/\/i0.wp.com\/www.moda.es\/blog\/wp-content\/uploads\/2013\/04\/Nicholas-Formichetti.jpg\"><img data-attachment-id=\"11858\" data-permalink=\"http:\/\/www.moda.es\/blog\/sorpresas-en-el-mundo-de-la-moda\/nicholas-formichetti\/\" data-orig-file=\"https:\/\/i0.wp.com\/www.moda.es\/blog\/wp-content\/uploads\/2013\/04\/Nicholas-Formichetti.jpg?fit=300%2C450\" data-orig-size=\"300,450\" data-comments-opened=\"1\" data-image-meta=\"{&quot;aperture&quot;:&quot;0&quot;,&quot;credit&quot;:&quot;&quot;,&quot;camera&quot;:&quot;&quot;,&quot;caption&quot;:&quot;&quot;,&quot;created_timestamp&quot;:&quot;0&quot;,&quot;copyright&quot;:&quot;&quot;,&quot;focal_length&quot;:&quot;0&quot;,&quot;iso&quot;:&quot;0&quot;,&quot;shutter_speed&quot;:&quot;0&quot;,&quot;title&quot;:&quot;&quot;}\" data-image-title=\"Nicholas Formichetti\" data-image-description=\"\" data-image-caption=\"\" data-medium-file=\"https:\/\/i0.wp.com\/www.moda.es\/blog\/wp-content\/uploads\/2013\/04\/Nicholas-Formichetti.jpg?fit=200%2C300\" data-large-file=\"https:\/\/i0.wp.com\/www.moda.es\/blog\/wp-content\/uploads\/2013\/04\/Nicholas-Formichetti.jpg?fit=300%2C450\" loading=\"lazy\" class=\"aligncenter size-full wp-image-11858\" alt=\"Nicholas Formichetti\" src=\"https:\/\/i0.wp.com\/www.moda.es\/blog\/wp-content\/uploads\/2013\/04\/Nicholas-Formichetti.jpg?resize=300%2C450\" width=\"300\" height=\"450\" srcset=\"https:\/\/i0.wp.com\/www.moda.es\/blog\/wp-content\/uploads\/2013\/04\/Nicholas-Formichetti.jpg?w=300 300w, https:\/\/i0.wp.com\/www.moda.es\/blog\/wp-content\/uploads\/2013\/04\/Nicholas-Formichetti.jpg?resize=200%2C300 200w\" sizes=\"(max-width: 300px) 100vw, 300px\" data-recalc-dims=\"1\" \/><\/a><\/p>\n<p>La <strong>buena noticia<\/strong>, por lo divertida, curiosa y sorprendente, es el nuevo fichaje de <strong>Saint Laurent<\/strong> para su \u00faltima campa\u00f1a. \u00bfAdivinas de qui\u00e9n se trata? No, no es <strong>Cate Blanchett<\/strong>, a esa la ha fichado <strong>Armani<\/strong>, tampoco es <strong>Kate Moss<\/strong>, a pesar de que se ha hecho con la mayor\u00eda de campa\u00f1as importantes de esta temporada, ni tampoco <strong>Cara Delevingne<\/strong>, la otra reina de los objetivos. La nueva estrella de la casa francesa no es ni m\u00e1s ni menos que la estrella del rock <strong>Marilyn Manson<\/strong>.<\/p>\n<p>Con su maquillaje habitual, su actitud, su expresi\u00f3n, una chaqueta de cuero y fotografiado en blanco y negro por el mismo <strong>Hedi Slimane<\/strong>, el cantante es ahora imagen de la l\u00ednea masculina. Una nueva vuelta de tuerca del nuevo dise\u00f1ador que vuelve a demostrar su intenci\u00f3n de poner la casa patas arriba.<\/p>\n<p><a href=\"https:\/\/i0.wp.com\/www.moda.es\/blog\/wp-content\/uploads\/2013\/04\/Marilyn-Manson-Saint-Laurent.jpg\"><img data-attachment-id=\"11857\" data-permalink=\"http:\/\/www.moda.es\/blog\/sorpresas-en-el-mundo-de-la-moda\/marilyn-manson-saint-laurent\/\" data-orig-file=\"https:\/\/i0.wp.com\/www.moda.es\/blog\/wp-content\/uploads\/2013\/04\/Marilyn-Manson-Saint-Laurent.jpg?fit=300%2C450\" data-orig-size=\"300,450\" data-comments-opened=\"1\" data-image-meta=\"{&quot;aperture&quot;:&quot;0&quot;,&quot;credit&quot;:&quot;&quot;,&quot;camera&quot;:&quot;&quot;,&quot;caption&quot;:&quot;&quot;,&quot;created_timestamp&quot;:&quot;0&quot;,&quot;copyright&quot;:&quot;&quot;,&quot;focal_length&quot;:&quot;0&quot;,&quot;iso&quot;:&quot;0&quot;,&quot;shutter_speed&quot;:&quot;0&quot;,&quot;title&quot;:&quot;&quot;}\" data-image-title=\"Marilyn Manson &#8211; Saint Laurent\" data-image-description=\"\" data-image-caption=\"\" data-medium-file=\"https:\/\/i0.wp.com\/www.moda.es\/blog\/wp-content\/uploads\/2013\/04\/Marilyn-Manson-Saint-Laurent.jpg?fit=200%2C300\" data-large-file=\"https:\/\/i0.wp.com\/www.moda.es\/blog\/wp-content\/uploads\/2013\/04\/Marilyn-Manson-Saint-Laurent.jpg?fit=300%2C450\" loading=\"lazy\" class=\"aligncenter size-full wp-image-11857\" alt=\"Marilyn Manson - Saint Laurent\" src=\"https:\/\/i0.wp.com\/www.moda.es\/blog\/wp-content\/uploads\/2013\/04\/Marilyn-Manson-Saint-Laurent.jpg?resize=300%2C450\" width=\"300\" height=\"450\" srcset=\"https:\/\/i0.wp.com\/www.moda.es\/blog\/wp-content\/uploads\/2013\/04\/Marilyn-Manson-Saint-Laurent.jpg?w=300 300w, https:\/\/i0.wp.com\/www.moda.es\/blog\/wp-content\/uploads\/2013\/04\/Marilyn-Manson-Saint-Laurent.jpg?resize=200%2C300 200w\" sizes=\"(max-width: 300px) 100vw, 300px\" data-recalc-dims=\"1\" \/><\/a><\/p>\n<p>A ver qu\u00e9 buenas nuevas tenemos el resto de la semana&#8230;<\/p>\n<p>&nbsp;<\/p>\n<p>\u00a9Vogue UK                             <\/p>\n","protected":false},"excerpt":{"rendered":"<p>Hoy es uno de esos d\u00edas en los que alguien se acerca y te dice: \u00abtengo dos noticias, una buena y otra mala, \u00bfcu\u00e1l quieres primero?\u00bb. Pues as\u00ed se ha despertado la moda hoy. Empezaremos por la mala noticia, por c\u00f3mo le vamos a echar de menos. Nicola Formichetti, Director [&hellip;]<\/p>\n","protected":false},"author":3,"featured_media":16978,"comment_status":"open","ping_status":"open","sticky":false,"template":"","format":"standard","meta":{"jetpack_publicize_message":"","jetpack_is_tweetstorm":false,"jetpack_publicize_feature_enabled":true},"categories":[8,12,14],"tags":[97,163,207,384,441,471,503,642,664,792],"jetpack_publicize_connections":[],"jetpack_featured_media_url":"https:\/\/i0.wp.com\/www.moda.es\/blog\/wp-content\/uploads\/2013\/04\/Nicholas-Formichetti1.jpg?fit=300%2C450","jetpack_sharing_enabled":true,"jetpack_shortlink":"https:\/\/wp.me\/p4tJCC-35e","jetpack-related-posts":[{"id":15241,"url":"http:\/\/www.moda.es\/blog\/david-koma-lo-ultimo-de-mugler\/","url_meta":{"origin":11856,"position":0},"title":"David Koma, lo \u00faltimo de Mugler","date":"diciembre 13, 2013","format":false,"excerpt":"David Koma es el nuevo irector art\u00edstico de Mugler . El dise\u00f1ador cuya sede est\u00e1 en Londres estrenar\u00e1 su nuevo cargo en enero y dar\u00e1 a conocer su primera colecci\u00f3n para la marca en junio con una pre-colecci\u00f3n antes de hacer su debut en la pasarela en septiembre durante la\u2026","rel":"","context":"En \u00abActualidad\u00bb","img":{"alt_text":"","src":"https:\/\/i0.wp.com\/www.moda.es\/blog\/wp-content\/uploads\/2013\/12\/David-Koma-11.jpg?fit=400%2C600&resize=350%2C200","width":350,"height":200},"classes":[]},{"id":10048,"url":"http:\/\/www.moda.es\/blog\/el-artista-y-su-musa\/","url_meta":{"origin":11856,"position":1},"title":"El artista y su musa","date":"enero 7, 2013","format":false,"excerpt":"En septiembre se anunciaba la noticia y hoy al fin tenemos las im\u00e1genes de la colecci\u00f3n. Nicola Formichetti, Director Creativo de Mugler, planeaba su debut en el dise\u00f1o de su primera colecci\u00f3n de bolsos para la temporada Primavera - Verano 2013 y la musa inspiradora ser\u00eda nada m\u00e1s y nada\u2026","rel":"","context":"En \u00abColecciones\u00bb","img":{"alt_text":"","src":"https:\/\/i0.wp.com\/www.moda.es\/blog\/wp-content\/uploads\/2013\/01\/Mugler-Lady-Gaga1.jpg?fit=444%2C267&resize=350%2C200","width":350,"height":200},"classes":[]},{"id":1059,"url":"http:\/\/www.moda.es\/blog\/nicola-formichetti-un-nombre-que-se-repite\/","url_meta":{"origin":11856,"position":2},"title":"Nicola Formichetti: un nombre que se repite","date":"marzo 6, 2011","format":false,"excerpt":"Hay quien hasta hace poco se preguntaba qui\u00e9n estaba detr\u00e1s de los estilismos venidos de otro planeta de la mundialmente conocida Lady Gaga. Yo creo que ya a pocos les resulta desconocido el art\u00edfice de sus looks imposibles: Nicola Formichetti. El hombre a los mandos de la Thierry Mugler, es\u2026","rel":"","context":"En \u00abDise\u00f1adores\u00bb","img":{"alt_text":"","src":"https:\/\/i0.wp.com\/www.moda.es\/blog\/wp-content\/uploads\/2011\/03\/nicola-formichetti1.jpg?fit=300%2C430&resize=350%2C200","width":350,"height":200},"classes":[]},{"id":12152,"url":"http:\/\/www.moda.es\/blog\/lo-mejor-de-la-semana\/","url_meta":{"origin":11856,"position":3},"title":"Lo mejor de la semana&#8230;","date":"abril 20, 2013","format":false,"excerpt":"Esta semana hemos visto el espectacular desfile de Calzedonia, se ha anunciado que el ya retirado Christian Lacroix ser\u00e1 el responsable de dise\u00f1ar la primera colecci\u00f3n de la resucitada casa Schiaparelli, hemos descubierto la nueva colecci\u00f3n de Levi's y Liberty y hemos visto saltar chispas con la campa\u00f1a de Irina\u2026","rel":"","context":"En \u00abAccesorios\u00bb","img":{"alt_text":"","src":"https:\/\/i0.wp.com\/www.moda.es\/blog\/wp-content\/uploads\/2013\/04\/Mugler1.jpg?fit=300%2C450&resize=350%2C200","width":350,"height":200},"classes":[]},{"id":14645,"url":"http:\/\/www.moda.es\/blog\/nicola-formichetti-se-estrena-en-diesel\/","url_meta":{"origin":11856,"position":4},"title":"Nicola Formichetti se estrena en Diesel","date":"octubre 30, 2013","format":false,"excerpt":"Nicola Formichetti nos ha dejado echar un vistazo a su colecci\u00f3n debut en Diesel, Tras ser nombrado director creativo de la casa en abril, el dise\u00f1ador ha llamado a su primer proyecto #DieselTribute, una colecci\u00f3n c\u00e1psula en la que ha ultilizado los 35 a\u00f1os de archivo de la casa como\u2026","rel":"","context":"En \u00abColecciones\u00bb","img":{"alt_text":"","src":"https:\/\/i0.wp.com\/www.moda.es\/blog\/wp-content\/uploads\/2013\/10\/Diesel-211.jpg?fit=500%2C750&resize=350%2C200","width":350,"height":200},"classes":[]},{"id":2248,"url":"http:\/\/www.moda.es\/blog\/una-estatuilla-para-los-artistas-de-la-moda-2\/","url_meta":{"origin":11856,"position":5},"title":"Una estatuilla para los artistas de la moda (2)","date":"junio 10, 2011","format":false,"excerpt":"De la gala\u00a0los premios CFDA 2011, es obligatorio hablar\u00a0de los galardonados y, por supuesto, de la reina de las apariciones rompedoras, la cantante Lady Gaga. En cuanto a los premiados de este a\u00f1o, empezar\u00eda por uno de mis favoritos entre los favoritos: Marc Jacobs. El dise\u00f1ador recibi\u00f3\u00a0un galard\u00f3n por su\u2026","rel":"","context":"En \u00abAlfombra Roja\u00bb","img":{"alt_text":"","src":"https:\/\/i0.wp.com\/www.moda.es\/blog\/wp-content\/uploads\/2011\/06\/lady-gaga-cdfa-500x228.jpg?fit=500%2C228&resize=350%2C200","width":350,"height":200},"classes":[]}],"_links":{"self":[{"href":"http:\/\/www.moda.es\/blog\/wp-json\/wp\/v2\/posts\/11856"}],"collection":[{"href":"http:\/\/www.moda.es\/blog\/wp-json\/wp\/v2\/posts"}],"about":[{"href":"http:\/\/www.moda.es\/blog\/wp-json\/wp\/v2\/types\/post"}],"author":[{"embeddable":true,"href":"http:\/\/www.moda.es\/blog\/wp-json\/wp\/v2\/users\/3"}],"replies":[{"embeddable":true,"href":"http:\/\/www.moda.es\/blog\/wp-json\/wp\/v2\/comments?post=11856"}],"version-history":[{"count":5,"href":"http:\/\/www.moda.es\/blog\/wp-json\/wp\/v2\/posts\/11856\/revisions"}],"predecessor-version":[{"id":36662,"href":"http:\/\/www.moda.es\/blog\/wp-json\/wp\/v2\/posts\/11856\/revisions\/36662"}],"wp:featuredmedia":[{"embeddable":true,"href":"http:\/\/www.moda.es\/blog\/wp-json\/wp\/v2\/media\/16978"}],"wp:attachment":[{"href":"http:\/\/www.moda.es\/blog\/wp-json\/wp\/v2\/media?parent=11856"}],"wp:term":[{"taxonomy":"category","embeddable":true,"href":"http:\/\/www.moda.es\/blog\/wp-json\/wp\/v2\/categories?post=11856"},{"taxonomy":"post_tag","embeddable":true,"href":"http:\/\/www.moda.es\/blog\/wp-json\/wp\/v2\/tags?post=11856"}],"curies":[{"name":"wp","href":"https:\/\/api.w.org\/{rel}","templated":true}]}}