{"id":11306,"date":"2013-03-06T23:57:08","date_gmt":"2013-03-06T22:57:08","guid":{"rendered":"http:\/\/www.moda.es\/blog\/?p=11306"},"modified":"2020-04-27T18:20:50","modified_gmt":"2020-04-27T17:20:50","slug":"anja-rubik-ahora-tambien-disenadora","status":"publish","type":"post","link":"http:\/\/www.moda.es\/blog\/anja-rubik-ahora-tambien-disenadora\/","title":{"rendered":"Anja Rubik, ahora tambi\u00e9n dise\u00f1adora"},"content":{"rendered":"<p style=\"text-align: center\"><a href=\"https:\/\/i0.wp.com\/www.moda.es\/blog\/wp-content\/uploads\/2013\/03\/Anja-Rubik-y-Giuseppe-Zanotti.jpg\" target=\"_blank\"><img data-attachment-id=\"11307\" data-permalink=\"http:\/\/www.moda.es\/blog\/anja-rubik-ahora-tambien-disenadora\/anja-rubik-y-giuseppe-zanotti\/\" data-orig-file=\"https:\/\/i0.wp.com\/www.moda.es\/blog\/wp-content\/uploads\/2013\/03\/Anja-Rubik-y-Giuseppe-Zanotti.jpg?fit=680%2C849\" data-orig-size=\"680,849\" data-comments-opened=\"1\" data-image-meta=\"{&quot;aperture&quot;:&quot;0&quot;,&quot;credit&quot;:&quot;&quot;,&quot;camera&quot;:&quot;&quot;,&quot;caption&quot;:&quot;&quot;,&quot;created_timestamp&quot;:&quot;0&quot;,&quot;copyright&quot;:&quot;&quot;,&quot;focal_length&quot;:&quot;0&quot;,&quot;iso&quot;:&quot;0&quot;,&quot;shutter_speed&quot;:&quot;0&quot;,&quot;title&quot;:&quot;&quot;}\" data-image-title=\"Anja Rubik y Giuseppe Zanotti\" data-image-description=\"\" data-image-caption=\"\" data-medium-file=\"https:\/\/i0.wp.com\/www.moda.es\/blog\/wp-content\/uploads\/2013\/03\/Anja-Rubik-y-Giuseppe-Zanotti.jpg?fit=240%2C300\" data-large-file=\"https:\/\/i0.wp.com\/www.moda.es\/blog\/wp-content\/uploads\/2013\/03\/Anja-Rubik-y-Giuseppe-Zanotti.jpg?fit=640%2C799\" loading=\"lazy\" class=\"aligncenter  wp-image-11307\" alt=\"Anja Rubik y Giuseppe Zanotti\" src=\"https:\/\/i0.wp.com\/www.moda.es\/blog\/wp-content\/uploads\/2013\/03\/Anja-Rubik-y-Giuseppe-Zanotti.jpg?resize=330%2C400\" width=\"330\" height=\"400\" data-recalc-dims=\"1\" \/><\/a><\/p>\n<p>Si hay una frase hist\u00f3rica que ha revolucionado el mundo empresarial actual esta es \u00abDivide y vencer\u00e1s\u00bb. No hay personaje o compa\u00f1\u00eda que se precie que no se haya inclinado por la <strong>renovaci\u00f3n de su trayectoria<\/strong> para continuar creciendo, o simplemente sobrevivir, entre el constante cambio del mercado.<\/p>\n<p>La \u00faltima en ampliar horizontes ha sido la modelo <strong>Anja Rubik y su colecci\u00f3n c\u00e1psula para Giuseppe Zanotti.<\/strong><\/p>\n<p>Zanotti y Rubik se conocieron cuando la modelo tan s\u00f3lo ten\u00eda<strong> 16 a\u00f1os<\/strong>, y desde entonces ella ha protagonizado muchas de sus campa\u00f1as. Hoy esta belleza polaca se une a sus filas con la creaci\u00f3n de cinco modelos de zapatos inspirados en <strong>David Bowie<\/strong> y <strong>Debbie Harry<\/strong>. \u00abSomos muy buenos amigos\u00bb, comenta . \u00abSiempre vamos a almorzar juntos cuando estoy en Mil\u00e1n y le digo lo que me gusta y lo que no de sus zapatos Un d\u00eda le dije:\u00bb Tal vez deber\u00edas hacer algo un poco m\u00e1s <strong>punk<\/strong> . Y \u00e9l dijo: &#8216;\u00bfPor qu\u00e9 no lo dise\u00f1as para m\u00ed?&#8217; Sucedi\u00f3 de forma muy natural\u00bb.<\/p>\n<p>Para seguir todo el proceso, Anja se traslad\u00f3 a los talleres del dise\u00f1ador en Italia, lo que adem\u00e1s ha supuesto un aprendizaje cultural para la actriz, acostumbrada a la vida neoyorquina. \u00abMe cost\u00f3 acostumbrarme a esa forma italiana de trabajar,\u00bb dice. \u00abCuando llegaba todo el mundo dec\u00eda: &#8216;Vamos que vamos a comer&#8217;. Regres\u00e1bamos tras dos horas de grandes cantidades de comida y vino, la comida era como deber\u00eda ser la vida&#8230; El equilibrio perfecto entre<strong> trabajo y placer<\/strong>\u00ab-<\/p>\n<p>El resultado de este viaje ha sido una colecci\u00f3n cargada de cadenas y adornos met\u00e1licos. \u00abEs un poco <strong>glam-punk<\/strong>,\u00bb explica su creadora. \u00abMe encanta esa \u00e9poca de la m\u00fasica. Soy un gran fan de Bowie. La gente dice que me parezco a \u00e9l, que honestamente es el mayor cumplido. Creo que es por los p\u00f3mulos altos. Su estilo era tan audaz y valiente y su m\u00fasica tan honesto&#8230;Toda la colecci\u00f3n es muy personal para m\u00ed, <strong>hay una historia real tras ella<\/strong>. \u00bb<\/p>\n<p>Los precios de esta colecci\u00f3n oscilar\u00e1n <strong>entre los 550 y los\u00a0 1.400\u20ac<\/strong> y saldr\u00e1n a la venta durante este mes, tanto en las boutiques de la marca como en su web.<\/p>\n<div class=\"jetpack-video-wrapper\"><span class=\"embed-youtube\" style=\"text-align:center; display: block;\"><iframe class=\"youtube-player\" width=\"500\" height=\"315\" src=\"https:\/\/www.youtube.com\/embed\/Wr8lJsH2GzE?version=3&#038;rel=1&#038;showsearch=0&#038;showinfo=1&#038;iv_load_policy=1&#038;fs=1&#038;hl=es-ES&#038;autohide=2&#038;wmode=transparent\" allowfullscreen=\"true\" style=\"border:0;\" sandbox=\"allow-scripts allow-same-origin allow-popups allow-presentation\"><\/iframe><\/span><\/div>\n<p>&nbsp;<\/p>\n<p>&nbsp;<\/p>\n<p>\u00a9Vogue UK                             <\/p>\n","protected":false},"excerpt":{"rendered":"<p>Si hay una frase hist\u00f3rica que ha revolucionado el mundo empresarial actual esta es \u00abDivide y vencer\u00e1s\u00bb. No hay personaje o compa\u00f1\u00eda que se precie que no se haya inclinado por la renovaci\u00f3n de su trayectoria para continuar creciendo, o simplemente sobrevivir, entre el constante cambio del mercado. La \u00faltima [&hellip;]<\/p>\n","protected":false},"author":3,"featured_media":16971,"comment_status":"open","ping_status":"open","sticky":false,"template":"","format":"standard","meta":{"jetpack_publicize_message":"","jetpack_is_tweetstorm":false,"jetpack_publicize_feature_enabled":true},"categories":[10,17],"tags":[85],"jetpack_publicize_connections":[],"jetpack_featured_media_url":"https:\/\/i0.wp.com\/www.moda.es\/blog\/wp-content\/uploads\/2013\/03\/Anja-Rubik-y-Giuseppe-Zanotti1.jpg?fit=680%2C849","jetpack_sharing_enabled":true,"jetpack_shortlink":"https:\/\/wp.me\/p4tJCC-2Wm","jetpack-related-posts":[{"id":19174,"url":"http:\/\/www.moda.es\/blog\/beyonce-se-pone-en-los-zapatos-de-zanotti\/","url_meta":{"origin":11306,"position":0},"title":"Beyonc\u00e9 se pone en los zapatos de Zanotti","date":"marzo 23, 2015","format":false,"excerpt":"Giuseppe Zanotti ha revelado que ha creado un zapato con Beyonc\u00e9 Knowles que ver\u00e1 la luz en tan s\u00f3lo una o dos semanas. El zapato, de dise\u00f1o predecible teniendo en cuenta que ninguna de las partes es conocido por su amor por el calzado plano y c\u00f3modo, seguramente ser\u00e1 de\u2026","rel":"","context":"En \u00abAccesorios\u00bb","img":{"alt_text":"","src":"https:\/\/i0.wp.com\/www.moda.es\/blog\/wp-content\/uploads\/2015\/03\/beyonce.jpg?fit=650%2C975&resize=350%2C200","width":350,"height":200},"classes":[]},{"id":21083,"url":"http:\/\/www.moda.es\/blog\/anthony-vaccarello-nos-da-pistas-de-su-primera-coleccion-para-saint-laurent\/","url_meta":{"origin":11306,"position":1},"title":"Anthony Vaccarello nos da pistas de su primera colecci\u00f3n para Saint Laurent","date":"septiembre 17, 2016","format":false,"excerpt":"El jueves por la ma\u00f1ana, a menos de dos semanas para\u00a0la Semana de la Moda de Par\u00eds, Anthony Vaccarello nos dio un adelanto de lo que le espera a\u00a0Saint Laurent cuando llegue la primavera de 2017. Es\u00a0algo mejor\u00a0de lo que el director creativo revel\u00f3\u00a0en junio, pues entonces no hab\u00eda apenas\u00a0ropa.\u2026","rel":"","context":"En \u00abActualidad\u00bb","img":{"alt_text":"","src":"https:\/\/i0.wp.com\/www.moda.es\/blog\/wp-content\/uploads\/2016\/09\/Captura-de-pantalla-2016-09-17-a-las-18.03.14.png?fit=611%2C452&resize=350%2C200","width":350,"height":200},"classes":[]},{"id":20900,"url":"http:\/\/www.moda.es\/blog\/en-los-zapatos-de-j-lo\/","url_meta":{"origin":11306,"position":2},"title":"En los zapatos de J Lo","date":"julio 27, 2016","format":false,"excerpt":"Giuseppe Zanotti se ha unido a Jennifer L\u00f3pez para crear una colecci\u00f3n c\u00e1psula de calzado y accesorios\u00a0llamada Giuseppe for\u00a0Jennifer L\u00f3pez. \"Siempre he estado\u00a0inspirado por Jennifer y me encanta la forma en que se ve con mis zapatos\", ha revelado el dise\u00f1ador de zapatos\u00a0italiano\u00a0sobre esta asociaci\u00f3n. \"Ha sido una evoluci\u00f3n natural\u2026","rel":"","context":"En \u00abAccesorios\u00bb","img":{"alt_text":"","src":"https:\/\/i0.wp.com\/www.moda.es\/blog\/wp-content\/uploads\/2016\/07\/Captura-de-pantalla-2016-07-27-a-las-16.30.49.png?fit=547%2C362&resize=350%2C200","width":350,"height":200},"classes":[]},{"id":20829,"url":"http:\/\/www.moda.es\/blog\/el-nuevo-estilo-de-saint-laurent\/","url_meta":{"origin":11306,"position":3},"title":"El nuevo estilo de Saint Laurent","date":"junio 28, 2016","format":false,"excerpt":"\u00bfQu\u00e9 podemos esperar de Anthony Vaccarello en su nuevo papel como director creativo de Saint Laurent? Una sola palabra: sexy. Desde que reemplaz\u00f3 a Hedi Slimane en abril, se ha hablado mucho de la inclinaci\u00f3n de Vaccarello hacia las\u00a0siluetas torso desnudo\u00a0que hacen que la ropa interior sea ompletamente redundante. \u00bfC\u00f3mo\u2026","rel":"","context":"En \u00abActualidad\u00bb","img":{"alt_text":"","src":"https:\/\/i0.wp.com\/www.moda.es\/blog\/wp-content\/uploads\/2016\/06\/Captura-de-pantalla-2016-06-28-a-las-21.38.20.png?fit=548%2C360&resize=350%2C200","width":350,"height":200},"classes":[]},{"id":2103,"url":"http:\/\/www.moda.es\/blog\/barbudos\/","url_meta":{"origin":11306,"position":4},"title":"Barbudos","date":"mayo 27, 2011","format":false,"excerpt":"En una de las im\u00e1genes del post de ayer, se ve\u00eda a Jarvis Cocker luciendo una bonita barba. Y es que, como hombre a la moda, sabe lo que se lleva. Desde hace unos tres o cuatro a\u00f1os, las barbas han vuelto con fuerza. Muy pobladas y, a veces, muy\u2026","rel":"","context":"En \u00abM\u00fasica y Moda\u00bb","img":{"alt_text":"","src":"https:\/\/i0.wp.com\/www.moda.es\/blog\/wp-content\/uploads\/2011\/05\/photo_031.jpg?fit=550%2C295&resize=350%2C200","width":350,"height":200},"classes":[]},{"id":22173,"url":"http:\/\/www.moda.es\/blog\/bella-hadid-imagen-de-giuseppe-zanotti\/","url_meta":{"origin":11306,"position":5},"title":"Bella Hadid, imagen de Giuseppe Zanotti","date":"mayo 26, 2017","format":false,"excerpt":"Amanece un nuevo d\u00eda... y\u00a0Bella Hadid ha aterrizado con su segunda\u00a0campa\u00f1a durante esta semana. (ya hemos sabido que esta al frente de la campa\u00f1a de las Cortez de Nike).\u00a0Giuseppe Zanotti ha anunciado\u00a0a Hadid como la imagen\u00a0de su colecci\u00f3n de oto\u00f1o 2017. Fotografiada por Mario Sorrenti en Nueva York, se muestra\u00a0a\u2026","rel":"","context":"En \u00abCampa\u00f1as\u00bb","img":{"alt_text":"","src":"https:\/\/i0.wp.com\/www.moda.es\/blog\/wp-content\/uploads\/2017\/05\/Captura-de-pantalla-2017-05-26-a-las-18.18.02.png?fit=519%2C619&resize=350%2C200","width":350,"height":200},"classes":[]}],"_links":{"self":[{"href":"http:\/\/www.moda.es\/blog\/wp-json\/wp\/v2\/posts\/11306"}],"collection":[{"href":"http:\/\/www.moda.es\/blog\/wp-json\/wp\/v2\/posts"}],"about":[{"href":"http:\/\/www.moda.es\/blog\/wp-json\/wp\/v2\/types\/post"}],"author":[{"embeddable":true,"href":"http:\/\/www.moda.es\/blog\/wp-json\/wp\/v2\/users\/3"}],"replies":[{"embeddable":true,"href":"http:\/\/www.moda.es\/blog\/wp-json\/wp\/v2\/comments?post=11306"}],"version-history":[{"count":5,"href":"http:\/\/www.moda.es\/blog\/wp-json\/wp\/v2\/posts\/11306\/revisions"}],"predecessor-version":[{"id":36685,"href":"http:\/\/www.moda.es\/blog\/wp-json\/wp\/v2\/posts\/11306\/revisions\/36685"}],"wp:featuredmedia":[{"embeddable":true,"href":"http:\/\/www.moda.es\/blog\/wp-json\/wp\/v2\/media\/16971"}],"wp:attachment":[{"href":"http:\/\/www.moda.es\/blog\/wp-json\/wp\/v2\/media?parent=11306"}],"wp:term":[{"taxonomy":"category","embeddable":true,"href":"http:\/\/www.moda.es\/blog\/wp-json\/wp\/v2\/categories?post=11306"},{"taxonomy":"post_tag","embeddable":true,"href":"http:\/\/www.moda.es\/blog\/wp-json\/wp\/v2\/tags?post=11306"}],"curies":[{"name":"wp","href":"https:\/\/api.w.org\/{rel}","templated":true}]}}