{"id":11082,"date":"2013-02-23T20:04:28","date_gmt":"2013-02-23T19:04:28","guid":{"rendered":"http:\/\/www.moda.es\/blog\/?p=11082"},"modified":"2020-04-27T18:22:13","modified_gmt":"2020-04-27T17:22:13","slug":"katsia-zingarevich-nueva-chica-intimissimi","status":"publish","type":"post","link":"http:\/\/www.moda.es\/blog\/katsia-zingarevich-nueva-chica-intimissimi\/","title":{"rendered":"Katsia Zingarevich, nueva chica Intimissimi"},"content":{"rendered":"<p><a href=\"https:\/\/i0.wp.com\/www.moda.es\/blog\/wp-content\/uploads\/2013\/02\/Intimissimi-PV13-1.jpg\"><img data-attachment-id=\"11084\" data-permalink=\"http:\/\/www.moda.es\/blog\/katsia-zingarevich-nueva-chica-intimissimi\/intimissimi-pv13-1\/\" data-orig-file=\"https:\/\/i0.wp.com\/www.moda.es\/blog\/wp-content\/uploads\/2013\/02\/Intimissimi-PV13-1.jpg?fit=500%2C334\" data-orig-size=\"500,334\" data-comments-opened=\"1\" data-image-meta=\"{&quot;aperture&quot;:&quot;0&quot;,&quot;credit&quot;:&quot;&quot;,&quot;camera&quot;:&quot;&quot;,&quot;caption&quot;:&quot;&quot;,&quot;created_timestamp&quot;:&quot;0&quot;,&quot;copyright&quot;:&quot;&quot;,&quot;focal_length&quot;:&quot;0&quot;,&quot;iso&quot;:&quot;0&quot;,&quot;shutter_speed&quot;:&quot;0&quot;,&quot;title&quot;:&quot;&quot;}\" data-image-title=\"Intimissimi PV13 1\" data-image-description=\"\" data-image-caption=\"\" data-medium-file=\"https:\/\/i0.wp.com\/www.moda.es\/blog\/wp-content\/uploads\/2013\/02\/Intimissimi-PV13-1.jpg?fit=300%2C200\" data-large-file=\"https:\/\/i0.wp.com\/www.moda.es\/blog\/wp-content\/uploads\/2013\/02\/Intimissimi-PV13-1.jpg?fit=500%2C334\" loading=\"lazy\" class=\"aligncenter size-full wp-image-11084\" alt=\"Intimissimi PV13 1\" src=\"https:\/\/i0.wp.com\/www.moda.es\/blog\/wp-content\/uploads\/2013\/02\/Intimissimi-PV13-1.jpg?resize=500%2C334\" width=\"500\" height=\"334\" srcset=\"https:\/\/i0.wp.com\/www.moda.es\/blog\/wp-content\/uploads\/2013\/02\/Intimissimi-PV13-1.jpg?w=500 500w, https:\/\/i0.wp.com\/www.moda.es\/blog\/wp-content\/uploads\/2013\/02\/Intimissimi-PV13-1.jpg?resize=300%2C200 300w\" sizes=\"(max-width: 500px) 100vw, 500px\" data-recalc-dims=\"1\" \/><\/a><\/p>\n<p>Una de las campa\u00f1as m\u00e1s sexies de la temporada ya ha sido desvelada.<\/p>\n<p>La firma de lencer\u00eda italiana <strong>Intimissimi<\/strong> ha presentado a <strong>Katsia Zingarevich<\/strong>, ex \u00e1ngel de <strong>Victoria&#8217;s Secret<\/strong> e imagen en el pasado de\u00a0<strong>Stella McCartney, Armani Priv\u00e9<\/strong>, <strong>Kerastase<\/strong> o <strong>H&amp;M<\/strong> como nueva imagen de la colecci\u00f3n<strong> Primavera &#8211; Verano 2013<\/strong> y relevo de grandes de la belleza y la er\u00f3tica como M\u00f3nica Belluci o Irina Shayk.<\/p>\n<p><a href=\"https:\/\/i0.wp.com\/www.moda.es\/blog\/wp-content\/uploads\/2013\/02\/Intimissimi-PV13-2.jpg\"><img data-attachment-id=\"11085\" data-permalink=\"http:\/\/www.moda.es\/blog\/katsia-zingarevich-nueva-chica-intimissimi\/intimissimi-pv13-2\/\" data-orig-file=\"https:\/\/i0.wp.com\/www.moda.es\/blog\/wp-content\/uploads\/2013\/02\/Intimissimi-PV13-2.jpg?fit=500%2C316\" data-orig-size=\"500,316\" data-comments-opened=\"1\" data-image-meta=\"{&quot;aperture&quot;:&quot;0&quot;,&quot;credit&quot;:&quot;&quot;,&quot;camera&quot;:&quot;&quot;,&quot;caption&quot;:&quot;&quot;,&quot;created_timestamp&quot;:&quot;0&quot;,&quot;copyright&quot;:&quot;&quot;,&quot;focal_length&quot;:&quot;0&quot;,&quot;iso&quot;:&quot;0&quot;,&quot;shutter_speed&quot;:&quot;0&quot;,&quot;title&quot;:&quot;&quot;}\" data-image-title=\"Intimissimi PV13 2\" data-image-description=\"\" data-image-caption=\"\" data-medium-file=\"https:\/\/i0.wp.com\/www.moda.es\/blog\/wp-content\/uploads\/2013\/02\/Intimissimi-PV13-2.jpg?fit=300%2C189\" data-large-file=\"https:\/\/i0.wp.com\/www.moda.es\/blog\/wp-content\/uploads\/2013\/02\/Intimissimi-PV13-2.jpg?fit=500%2C316\" loading=\"lazy\" class=\"aligncenter size-full wp-image-11085\" alt=\"Intimissimi PV13 2\" src=\"https:\/\/i0.wp.com\/www.moda.es\/blog\/wp-content\/uploads\/2013\/02\/Intimissimi-PV13-2.jpg?resize=500%2C316\" width=\"500\" height=\"316\" srcset=\"https:\/\/i0.wp.com\/www.moda.es\/blog\/wp-content\/uploads\/2013\/02\/Intimissimi-PV13-2.jpg?w=500 500w, https:\/\/i0.wp.com\/www.moda.es\/blog\/wp-content\/uploads\/2013\/02\/Intimissimi-PV13-2.jpg?resize=300%2C189 300w\" sizes=\"(max-width: 500px) 100vw, 500px\" data-recalc-dims=\"1\" \/><\/a><\/p>\n<p>La bielorrusa de 23 a\u00f1os pasea por las calles de un t\u00edpico pueblecito italiano las tres l\u00edneas de la nueva colecci\u00f3n de la casa.<\/p>\n<p><strong>Sexy de D\u00eda y de Noche<\/strong> juega con las transparencias, el encaje y el macram\u00e9 para una serie de braguitas, ligueros, tangas, bodies, camisones y sujetadores muy sensuales.<\/p>\n<p style=\"text-align: center\"><a href=\"https:\/\/i0.wp.com\/www.moda.es\/blog\/wp-content\/uploads\/2013\/02\/Intimissimi-PV13-4.jpg\" target=\"_blank\"><img loading=\"lazy\" class=\"aligncenter\" alt=\"Intimissimi PV13 4\" src=\"https:\/\/i0.wp.com\/www.moda.es\/blog\/wp-content\/uploads\/2013\/02\/Intimissimi-PV13-4.jpg?resize=500%2C334\" width=\"500\" height=\"334\" data-recalc-dims=\"1\" \/><\/a><\/p>\n<p><a href=\"https:\/\/i0.wp.com\/www.moda.es\/blog\/wp-content\/uploads\/2013\/02\/Intimissimi-PV13-11.jpg\" target=\"_blank\"><img data-attachment-id=\"11091\" data-permalink=\"http:\/\/www.moda.es\/blog\/katsia-zingarevich-nueva-chica-intimissimi\/intimissimi-pv13-1-2\/\" data-orig-file=\"https:\/\/i0.wp.com\/www.moda.es\/blog\/wp-content\/uploads\/2013\/02\/Intimissimi-PV13-11.jpg?fit=500%2C750\" data-orig-size=\"500,750\" data-comments-opened=\"1\" data-image-meta=\"{&quot;aperture&quot;:&quot;0&quot;,&quot;credit&quot;:&quot;&quot;,&quot;camera&quot;:&quot;&quot;,&quot;caption&quot;:&quot;&quot;,&quot;created_timestamp&quot;:&quot;0&quot;,&quot;copyright&quot;:&quot;&quot;,&quot;focal_length&quot;:&quot;0&quot;,&quot;iso&quot;:&quot;0&quot;,&quot;shutter_speed&quot;:&quot;0&quot;,&quot;title&quot;:&quot;&quot;}\" data-image-title=\"Intimissimi PV13 1\" data-image-description=\"\" data-image-caption=\"\" data-medium-file=\"https:\/\/i0.wp.com\/www.moda.es\/blog\/wp-content\/uploads\/2013\/02\/Intimissimi-PV13-11.jpg?fit=200%2C300\" data-large-file=\"https:\/\/i0.wp.com\/www.moda.es\/blog\/wp-content\/uploads\/2013\/02\/Intimissimi-PV13-11.jpg?fit=500%2C750\" loading=\"lazy\" class=\" wp-image-11091 alignnone\" alt=\"Intimissimi PV13 1\" src=\"https:\/\/i0.wp.com\/www.moda.es\/blog\/wp-content\/uploads\/2013\/02\/Intimissimi-PV13-11.jpg?resize=250%2C380\" width=\"250\" height=\"380\" data-recalc-dims=\"1\" \/><\/a> <a href=\"https:\/\/i0.wp.com\/www.moda.es\/blog\/wp-content\/uploads\/2013\/02\/Intimissimi-PV13-21.jpg\" target=\"_blank\"><img data-attachment-id=\"11092\" data-permalink=\"http:\/\/www.moda.es\/blog\/katsia-zingarevich-nueva-chica-intimissimi\/intimissimi-pv13-2-2\/\" data-orig-file=\"https:\/\/i0.wp.com\/www.moda.es\/blog\/wp-content\/uploads\/2013\/02\/Intimissimi-PV13-21.jpg?fit=500%2C750\" data-orig-size=\"500,750\" data-comments-opened=\"1\" data-image-meta=\"{&quot;aperture&quot;:&quot;0&quot;,&quot;credit&quot;:&quot;&quot;,&quot;camera&quot;:&quot;&quot;,&quot;caption&quot;:&quot;&quot;,&quot;created_timestamp&quot;:&quot;0&quot;,&quot;copyright&quot;:&quot;&quot;,&quot;focal_length&quot;:&quot;0&quot;,&quot;iso&quot;:&quot;0&quot;,&quot;shutter_speed&quot;:&quot;0&quot;,&quot;title&quot;:&quot;&quot;}\" data-image-title=\"Intimissimi PV13 2\" data-image-description=\"\" data-image-caption=\"\" data-medium-file=\"https:\/\/i0.wp.com\/www.moda.es\/blog\/wp-content\/uploads\/2013\/02\/Intimissimi-PV13-21.jpg?fit=200%2C300\" data-large-file=\"https:\/\/i0.wp.com\/www.moda.es\/blog\/wp-content\/uploads\/2013\/02\/Intimissimi-PV13-21.jpg?fit=500%2C750\" loading=\"lazy\" class=\" wp-image-11092 alignnone\" alt=\"Intimissimi PV13 2\" src=\"https:\/\/i0.wp.com\/www.moda.es\/blog\/wp-content\/uploads\/2013\/02\/Intimissimi-PV13-21.jpg?resize=250%2C380\" width=\"250\" height=\"380\" data-recalc-dims=\"1\" \/><\/a><\/p>\n<p><strong>Mu\u00f1ecas Rom\u00e1nticas<\/strong> hace gui\u00f1os a los a\u00f1os sesenta y los setenta y les aporta su toque moderno y actual en prendas llenas de color y frescos estampados.<\/p>\n<p>Por \u00faltimo, <strong>Chic Marinero<\/strong> da otro sentido al estilo navy de siempre con sus propias combinaciones del rojo, el azul y el blanco.<\/p>\n<p style=\"text-align: center\"><a href=\"https:\/\/i0.wp.com\/www.moda.es\/blog\/wp-content\/uploads\/2013\/02\/Intimissimi-PV13-3.jpg\" target=\"_blank\"><img data-attachment-id=\"11086\" data-permalink=\"http:\/\/www.moda.es\/blog\/katsia-zingarevich-nueva-chica-intimissimi\/intimissimi-pv13-3\/\" data-orig-file=\"https:\/\/i0.wp.com\/www.moda.es\/blog\/wp-content\/uploads\/2013\/02\/Intimissimi-PV13-3.jpg?fit=500%2C334\" data-orig-size=\"500,334\" data-comments-opened=\"1\" data-image-meta=\"{&quot;aperture&quot;:&quot;0&quot;,&quot;credit&quot;:&quot;&quot;,&quot;camera&quot;:&quot;&quot;,&quot;caption&quot;:&quot;&quot;,&quot;created_timestamp&quot;:&quot;0&quot;,&quot;copyright&quot;:&quot;&quot;,&quot;focal_length&quot;:&quot;0&quot;,&quot;iso&quot;:&quot;0&quot;,&quot;shutter_speed&quot;:&quot;0&quot;,&quot;title&quot;:&quot;&quot;}\" data-image-title=\"Intimissimi PV13 3\" data-image-description=\"\" data-image-caption=\"\" data-medium-file=\"https:\/\/i0.wp.com\/www.moda.es\/blog\/wp-content\/uploads\/2013\/02\/Intimissimi-PV13-3.jpg?fit=300%2C200\" data-large-file=\"https:\/\/i0.wp.com\/www.moda.es\/blog\/wp-content\/uploads\/2013\/02\/Intimissimi-PV13-3.jpg?fit=500%2C334\" loading=\"lazy\" class=\"wp-image-11086 aligncenter\" alt=\"Intimissimi PV13 3\" src=\"https:\/\/i0.wp.com\/www.moda.es\/blog\/wp-content\/uploads\/2013\/02\/Intimissimi-PV13-3.jpg?resize=500%2C334\" width=\"500\" height=\"334\" srcset=\"https:\/\/i0.wp.com\/www.moda.es\/blog\/wp-content\/uploads\/2013\/02\/Intimissimi-PV13-3.jpg?w=500 500w, https:\/\/i0.wp.com\/www.moda.es\/blog\/wp-content\/uploads\/2013\/02\/Intimissimi-PV13-3.jpg?resize=300%2C200 300w\" sizes=\"(max-width: 500px) 100vw, 500px\" data-recalc-dims=\"1\" \/><\/a><\/p>\n<p><a href=\"https:\/\/i0.wp.com\/www.moda.es\/blog\/wp-content\/uploads\/2013\/02\/Intimissimi-PV13-31.jpg\" target=\"_blank\"><img data-attachment-id=\"11093\" data-permalink=\"http:\/\/www.moda.es\/blog\/katsia-zingarevich-nueva-chica-intimissimi\/intimissimi-pv13-3-2\/\" data-orig-file=\"https:\/\/i0.wp.com\/www.moda.es\/blog\/wp-content\/uploads\/2013\/02\/Intimissimi-PV13-31.jpg?fit=500%2C750\" data-orig-size=\"500,750\" data-comments-opened=\"1\" data-image-meta=\"{&quot;aperture&quot;:&quot;0&quot;,&quot;credit&quot;:&quot;&quot;,&quot;camera&quot;:&quot;&quot;,&quot;caption&quot;:&quot;&quot;,&quot;created_timestamp&quot;:&quot;0&quot;,&quot;copyright&quot;:&quot;&quot;,&quot;focal_length&quot;:&quot;0&quot;,&quot;iso&quot;:&quot;0&quot;,&quot;shutter_speed&quot;:&quot;0&quot;,&quot;title&quot;:&quot;&quot;}\" data-image-title=\"Intimissimi PV13 3\" data-image-description=\"\" data-image-caption=\"\" data-medium-file=\"https:\/\/i0.wp.com\/www.moda.es\/blog\/wp-content\/uploads\/2013\/02\/Intimissimi-PV13-31.jpg?fit=200%2C300\" data-large-file=\"https:\/\/i0.wp.com\/www.moda.es\/blog\/wp-content\/uploads\/2013\/02\/Intimissimi-PV13-31.jpg?fit=500%2C750\" loading=\"lazy\" class=\" wp-image-11093 alignnone\" alt=\"Intimissimi PV13 3\" src=\"https:\/\/i0.wp.com\/www.moda.es\/blog\/wp-content\/uploads\/2013\/02\/Intimissimi-PV13-31.jpg?resize=250%2C380\" width=\"250\" height=\"380\" data-recalc-dims=\"1\" \/><\/a> <a href=\"https:\/\/i0.wp.com\/www.moda.es\/blog\/wp-content\/uploads\/2013\/02\/Intimissimi-PV13-41.jpg\" target=\"_blank\"><img data-attachment-id=\"11094\" data-permalink=\"http:\/\/www.moda.es\/blog\/katsia-zingarevich-nueva-chica-intimissimi\/intimissimi-pv13-4-2\/\" data-orig-file=\"https:\/\/i0.wp.com\/www.moda.es\/blog\/wp-content\/uploads\/2013\/02\/Intimissimi-PV13-41.jpg?fit=500%2C750\" data-orig-size=\"500,750\" data-comments-opened=\"1\" data-image-meta=\"{&quot;aperture&quot;:&quot;0&quot;,&quot;credit&quot;:&quot;&quot;,&quot;camera&quot;:&quot;&quot;,&quot;caption&quot;:&quot;&quot;,&quot;created_timestamp&quot;:&quot;0&quot;,&quot;copyright&quot;:&quot;&quot;,&quot;focal_length&quot;:&quot;0&quot;,&quot;iso&quot;:&quot;0&quot;,&quot;shutter_speed&quot;:&quot;0&quot;,&quot;title&quot;:&quot;&quot;}\" data-image-title=\"Intimissimi PV13 4\" data-image-description=\"\" data-image-caption=\"\" data-medium-file=\"https:\/\/i0.wp.com\/www.moda.es\/blog\/wp-content\/uploads\/2013\/02\/Intimissimi-PV13-41.jpg?fit=200%2C300\" data-large-file=\"https:\/\/i0.wp.com\/www.moda.es\/blog\/wp-content\/uploads\/2013\/02\/Intimissimi-PV13-41.jpg?fit=500%2C750\" loading=\"lazy\" class=\"alignnone  wp-image-11094\" alt=\"Intimissimi PV13 4\" src=\"https:\/\/i0.wp.com\/www.moda.es\/blog\/wp-content\/uploads\/2013\/02\/Intimissimi-PV13-41.jpg?resize=250%2C380\" width=\"250\" height=\"380\" data-recalc-dims=\"1\" \/><\/a><\/p>\n<p>&nbsp;<\/p>\n<p>No te pierdas su sutil e irresistible paseo en el spot <em>The Baroque of the South<\/em> dirigido por <strong>Robert De Vivo<\/strong>.<\/p>\n<div class=\"jetpack-video-wrapper\"><span class=\"embed-youtube\" style=\"text-align:center; display: block;\"><iframe class=\"youtube-player\" width=\"560\" height=\"315\" src=\"https:\/\/www.youtube.com\/embed\/AtBnUyJCXc0?version=3&#038;rel=1&#038;showsearch=0&#038;showinfo=1&#038;iv_load_policy=1&#038;fs=1&#038;hl=es-ES&#038;autohide=2&#038;wmode=transparent\" allowfullscreen=\"true\" style=\"border:0;\" sandbox=\"allow-scripts allow-same-origin allow-popups allow-presentation\"><\/iframe><\/span><\/div>\n<p>&nbsp;<\/p>\n<p>\u00a9Intimissimi<\/p>\n<p>&nbsp;                             <\/p>\n","protected":false},"excerpt":{"rendered":"<p>Una de las campa\u00f1as m\u00e1s sexies de la temporada ya ha sido desvelada. La firma de lencer\u00eda italiana Intimissimi ha presentado a Katsia Zingarevich, ex \u00e1ngel de Victoria&#8217;s Secret e imagen en el pasado de\u00a0Stella McCartney, Armani Priv\u00e9, Kerastase o H&amp;M como nueva imagen de la colecci\u00f3n Primavera &#8211; Verano [&hellip;]<\/p>\n","protected":false},"author":3,"featured_media":16956,"comment_status":"open","ping_status":"open","sticky":false,"template":"","format":"standard","meta":{"jetpack_publicize_message":"","jetpack_is_tweetstorm":false,"jetpack_publicize_feature_enabled":true},"categories":[8,14,15,17],"tags":[99,377,403,475,738,842],"jetpack_publicize_connections":[],"jetpack_featured_media_url":"https:\/\/i0.wp.com\/www.moda.es\/blog\/wp-content\/uploads\/2013\/02\/Intimissimi-PV13-12.jpg?fit=500%2C334","jetpack_sharing_enabled":true,"jetpack_shortlink":"https:\/\/wp.me\/p4tJCC-2SK","jetpack-related-posts":[{"id":15583,"url":"http:\/\/www.moda.es\/blog\/descubre-la-nueva-coleccion-de-intimissimi\/","url_meta":{"origin":11082,"position":0},"title":"Descubre la nueva colecci\u00f3n de Intimissimi","date":"enero 21, 2014","format":false,"excerpt":"SEXY. As\u00ed con may\u00fasculas. Esa es la palabra que resume la \u00faltima colecci\u00f3n de Intimissimi para esta temporada Primavera - Verano 2014. Blanco, negro y colores pastel. La marca italiana no necesita m\u00e1s que algunos tonos b\u00e1sicos para crear todo un sue\u00f1o de seducci\u00f3n declinado en tres tendencias: Sexy y\u2026","rel":"","context":"En \u00abColecciones\u00bb","img":{"alt_text":"","src":"https:\/\/i0.wp.com\/www.moda.es\/blog\/wp-content\/uploads\/2014\/01\/Intimissimi-1.jpg?resize=350%2C200","width":350,"height":200},"classes":[]},{"id":14076,"url":"http:\/\/www.moda.es\/blog\/lo-mas-sexy-del-otono\/","url_meta":{"origin":11082,"position":1},"title":"Lo m\u00e1s sexy del oto\u00f1o","date":"septiembre 7, 2013","format":false,"excerpt":"Si cre\u00edas haberlo visto todo en cuanto a perfecci\u00f3n y feminidad est\u00e1s equivocada. Intimissimi estrena campa\u00f1a con la bell\u00edsima modelo serbia Tamara Lazic, una incre\u00edble mujer de pelo casta\u00f1o y ojos verdes a la que quiero parecerme desde ya mismo. Lazic, que ya hab\u00eda participado con la marca como una\u2026","rel":"","context":"En \u00abCampa\u00f1as\u00bb","img":{"alt_text":"","src":"https:\/\/i0.wp.com\/www.moda.es\/blog\/wp-content\/uploads\/2013\/09\/Intimissimi-Tamara-Lazic11.jpg?fit=500%2C333&resize=350%2C200","width":350,"height":200},"classes":[]},{"id":14999,"url":"http:\/\/www.moda.es\/blog\/bienvenido-a-la-tienda-intimissimi-mas-grande-de-espana\/","url_meta":{"origin":11082,"position":2},"title":"Bienvenido a la tienda Intimissimi m\u00e1s grande de Espa\u00f1a","date":"noviembre 29, 2013","format":false,"excerpt":"En 1996 nac\u00eda una marca italiana de lencer\u00eda que revolucionar\u00eda el \"mundo interior\" de muchas mujeres haci\u00e9ndolo mucho m\u00e1s sensual, femenino y rom\u00e1ntico. Hoy se han extendido por todo el mundo con m\u00e1s de 1.100 boutiques y una de ellas, la m\u00e1s grande de nuestro pa\u00eds, fue inaugurada ayer en\u2026","rel":"","context":"En \u00abActualidad\u00bb","img":{"alt_text":"","src":"https:\/\/i0.wp.com\/www.moda.es\/blog\/wp-content\/uploads\/2013\/11\/Intimissimi-Blanca-Suarez-31.jpg?fit=500%2C550&resize=350%2C200","width":350,"height":200},"classes":[]},{"id":11515,"url":"http:\/\/www.moda.es\/blog\/diselo-con-flores\/","url_meta":{"origin":11082,"position":3},"title":"D\u00edselo con flores","date":"marzo 16, 2013","format":false,"excerpt":"Parece una obviedad, flores en primavera. De acuerdo, es cierto, quiz\u00e1s el estampado floral no es lo m\u00e1s original ni arriesgado para la temporada que estamos a punto de estrenar pero es evidente que se trata de una apuesta segura, y no lo digo s\u00f3lo yo, sino todos los dise\u00f1adores\u2026","rel":"","context":"En \u00abAccesorios\u00bb","img":{"alt_text":"","src":"https:\/\/i0.wp.com\/www.moda.es\/blog\/wp-content\/uploads\/2013\/03\/Lux_DG_Barocco_01_B1.jpg?fit=400%2C267&resize=350%2C200","width":350,"height":200},"classes":[]},{"id":18326,"url":"http:\/\/www.moda.es\/blog\/las-curvas-de-blanca-suarez\/","url_meta":{"origin":11082,"position":4},"title":"Las curvas de Blanca Su\u00e1rez&#8230;","date":"septiembre 26, 2014","format":false,"excerpt":"...se las debe a Manuela, el \u00faltimo gran invento de Intimissimi. La marca mostrar\u00e1 pronto el v\u00eddeo de la campa\u00f1a en televisi\u00f3n en los principales pa\u00edses donde dispone de punto de venta pero ya hemos tenido acceso al v\u00eddeo, a las im\u00e1genes de making of y a los secretos de\u2026","rel":"","context":"En \u00abCampa\u00f1as\u00bb","img":{"alt_text":"","src":"https:\/\/i0.wp.com\/www.moda.es\/blog\/wp-content\/uploads\/2014\/09\/AC6R3067.jpg?fit=650%2C434&resize=350%2C200","width":350,"height":200},"classes":[]},{"id":15265,"url":"http:\/\/www.moda.es\/blog\/rihanna-nueva-imagen-de-balmain\/","url_meta":{"origin":11082,"position":5},"title":"Rihanna, nueva imagen de Balmain","date":"diciembre 18, 2013","format":false,"excerpt":"Sin habla, as\u00ed nos ha dejado la magn\u00edfica nueva campa\u00f1a de Balmain para la pr\u00f3xima temporada Primavera - Verano 2014 y su chica de portada: Rihanna. Rihanna es el nuevo rostro de Balmain. Descrito como un \"icono\" por el director creativo de la casa, Olivier Rousteing, la cantante ser\u00e1 la\u2026","rel":"","context":"En \u00abCampa\u00f1as\u00bb","img":{"alt_text":"","src":"https:\/\/i0.wp.com\/www.moda.es\/blog\/wp-content\/uploads\/2013\/12\/Balmain-Rihanna-11.jpg?fit=500%2C750&resize=350%2C200","width":350,"height":200},"classes":[]}],"_links":{"self":[{"href":"http:\/\/www.moda.es\/blog\/wp-json\/wp\/v2\/posts\/11082"}],"collection":[{"href":"http:\/\/www.moda.es\/blog\/wp-json\/wp\/v2\/posts"}],"about":[{"href":"http:\/\/www.moda.es\/blog\/wp-json\/wp\/v2\/types\/post"}],"author":[{"embeddable":true,"href":"http:\/\/www.moda.es\/blog\/wp-json\/wp\/v2\/users\/3"}],"replies":[{"embeddable":true,"href":"http:\/\/www.moda.es\/blog\/wp-json\/wp\/v2\/comments?post=11082"}],"version-history":[{"count":5,"href":"http:\/\/www.moda.es\/blog\/wp-json\/wp\/v2\/posts\/11082\/revisions"}],"predecessor-version":[{"id":36694,"href":"http:\/\/www.moda.es\/blog\/wp-json\/wp\/v2\/posts\/11082\/revisions\/36694"}],"wp:featuredmedia":[{"embeddable":true,"href":"http:\/\/www.moda.es\/blog\/wp-json\/wp\/v2\/media\/16956"}],"wp:attachment":[{"href":"http:\/\/www.moda.es\/blog\/wp-json\/wp\/v2\/media?parent=11082"}],"wp:term":[{"taxonomy":"category","embeddable":true,"href":"http:\/\/www.moda.es\/blog\/wp-json\/wp\/v2\/categories?post=11082"},{"taxonomy":"post_tag","embeddable":true,"href":"http:\/\/www.moda.es\/blog\/wp-json\/wp\/v2\/tags?post=11082"}],"curies":[{"name":"wp","href":"https:\/\/api.w.org\/{rel}","templated":true}]}}