{"id":1039,"date":"2011-03-05T13:05:30","date_gmt":"2011-03-05T12:05:30","guid":{"rendered":"http:\/\/www.moda.es\/blog\/?p=1039"},"modified":"2011-03-05T13:05:30","modified_gmt":"2011-03-05T12:05:30","slug":"alocada-y-dulce-greiss","status":"publish","type":"post","link":"http:\/\/www.moda.es\/blog\/alocada-y-dulce-greiss\/","title":{"rendered":"Alocada y dulce Greiss"},"content":{"rendered":"<p>El trabajo de las estilistas de moda ha quedado casi siempre en la sombra. Sin embargo en los \u00faltimos a\u00f1os cada vez son m\u00e1s conocidas, tanto sus nombres como su rostro, y su firma se busca lo mismo que el nombre del fot\u00f3grafo. Ellas o ellos tambi\u00e9n imprimen su sello a un editorial.<\/p>\n<figure style=\"width: 634px\" class=\"wp-caption alignnone\"><img loading=\"lazy\" src=\"https:\/\/i0.wp.com\/i.dailymail.co.uk\/i\/pix\/2008\/10\/02\/article-1066730-02DE7FD200000578-127_634x365.jpg?resize=634%2C365\" alt=\"\" width=\"634\" height=\"365\" data-recalc-dims=\"1\" \/><figcaption class=\"wp-caption-text\">Dise\u00f1os de Gabrielle Greiss para Sonia Rykiel.<\/figcaption><\/figure>\n<p>Gabrielle Greiss es una de estas estilistas que, adem\u00e1s, ha sido dise\u00f1adora porque este fue el primer camino que eligi\u00f3 dentro del mundo fashion. Nacida en Munich y\u00a0formada en las aulas de la Central Saint Martins de Londres en dise\u00f1o para mujer. Deja Londres para continuar su formaci\u00f3n en Par\u00eds, d\u00f3nde si no. Lo primero que consigui\u00f3 fue trabajar como dise\u00f1adora freelance para firmas de lujo como Martine Sitbon\u00a0y Sonia Rykiel. Despu\u00e9s toc\u00f3 el cielo trabajando al lado de Alber Elbaz en Lanvin.<\/p>\n<p>Pero Greiss ha ido realizando una labor paralela como estilista por la que tambi\u00e9n es muy conocida. \u00bfD\u00f3nde? En revistas prescriptoras internacionalmente como Dazed &amp; Confused o Another Magazine.<\/p>\n<p><a href=\"https:\/\/i0.wp.com\/www.moda.es\/blog\/wp-content\/uploads\/2011\/03\/by-Gabrielle-Greiss.jpg\"><img data-attachment-id=\"1070\" data-permalink=\"http:\/\/www.moda.es\/blog\/by-gabrielle-greiss\/\" data-orig-file=\"https:\/\/i0.wp.com\/www.moda.es\/blog\/wp-content\/uploads\/2011\/03\/by-Gabrielle-Greiss.jpg?fit=580%2C787\" data-orig-size=\"580,787\" data-comments-opened=\"1\" data-image-meta=\"{&quot;aperture&quot;:&quot;0&quot;,&quot;credit&quot;:&quot;&quot;,&quot;camera&quot;:&quot;&quot;,&quot;caption&quot;:&quot;&quot;,&quot;created_timestamp&quot;:&quot;0&quot;,&quot;copyright&quot;:&quot;&quot;,&quot;focal_length&quot;:&quot;0&quot;,&quot;iso&quot;:&quot;0&quot;,&quot;shutter_speed&quot;:&quot;0&quot;,&quot;title&quot;:&quot;&quot;}\" data-image-title=\"by Gabrielle Greiss\" data-image-description=\"\" data-image-caption=\"\" data-medium-file=\"https:\/\/i0.wp.com\/www.moda.es\/blog\/wp-content\/uploads\/2011\/03\/by-Gabrielle-Greiss.jpg?fit=221%2C300\" data-large-file=\"https:\/\/i0.wp.com\/www.moda.es\/blog\/wp-content\/uploads\/2011\/03\/by-Gabrielle-Greiss.jpg?fit=580%2C787\" loading=\"lazy\" class=\"alignnone size-full wp-image-1070\" src=\"https:\/\/i0.wp.com\/www.moda.es\/blog\/wp-content\/uploads\/2011\/03\/by-Gabrielle-Greiss.jpg?resize=580%2C787\" alt=\"\" width=\"580\" height=\"787\" srcset=\"https:\/\/i0.wp.com\/www.moda.es\/blog\/wp-content\/uploads\/2011\/03\/by-Gabrielle-Greiss.jpg?w=580 580w, https:\/\/i0.wp.com\/www.moda.es\/blog\/wp-content\/uploads\/2011\/03\/by-Gabrielle-Greiss.jpg?resize=221%2C300 221w\" sizes=\"(max-width: 580px) 100vw, 580px\" data-recalc-dims=\"1\" \/><\/a><\/p>\n<p>As\u00ed alternando las mejores casas de Par\u00eds y el papel couch\u00e9 de moda, hasta que en 2005 se puso al frente de la l\u00ednea femenina de Sonia Rykiel aport\u00e1ndole una visi\u00f3n m\u00e1s moderna de la silueta de la mujer. Pero la relaci\u00f3n con la maison no fue muy durarera: a principios de 2009 Gabrielle Greiss se desped\u00eda de Rykiel.<\/p>\n<p>\u00bfD\u00f3nde est\u00e1 ahora Greiss? Esperemos que la respuesta llegue pronto porque nos gusta mucho lo que hace.<\/p>\n","protected":false},"excerpt":{"rendered":"<p>El trabajo de las estilistas de moda ha quedado casi siempre en la sombra. Sin embargo en los \u00faltimos a\u00f1os cada vez son m\u00e1s conocidas, tanto sus nombres como su rostro, y su firma se busca lo mismo que el nombre del fot\u00f3grafo. Ellas o ellos tambi\u00e9n imprimen su sello [&hellip;]<\/p>\n","protected":false},"author":2,"featured_media":16421,"comment_status":"open","ping_status":"open","sticky":false,"template":"","format":"standard","meta":{"jetpack_publicize_message":"","jetpack_is_tweetstorm":false,"jetpack_publicize_feature_enabled":true},"categories":[12],"tags":[],"jetpack_publicize_connections":[],"jetpack_featured_media_url":"https:\/\/i0.wp.com\/www.moda.es\/blog\/wp-content\/uploads\/2011\/03\/article-1066730-02DE7FD200000578-127_634x365.jpg?fit=634%2C365","jetpack_sharing_enabled":true,"jetpack_shortlink":"https:\/\/wp.me\/p4tJCC-gL","jetpack-related-posts":[{"id":21015,"url":"http:\/\/www.moda.es\/blog\/adios-sonia-rykiel\/","url_meta":{"origin":1039,"position":0},"title":"Adios Sonia Rykiel","date":"agosto 26, 2016","format":false,"excerpt":"La enigm\u00e1tica dise\u00f1adora\u00a0francesa Sonia Rykiel, famosa por sus coloridos dise\u00f1os de prendas de punto, ha fallecido\u00a0a los\u00a086 a\u00f1os. En 2012, se revel\u00f3 que ella ha estado sufriendo de la enfermedad de Parkinson durante 15 a\u00f1os. \"La casa de Sonia Rykiel anuncia con profunda emoci\u00f3n la muerte de su fundadora, la\u2026","rel":"","context":"En \u00abActualidad\u00bb","img":{"alt_text":"","src":"https:\/\/i0.wp.com\/www.moda.es\/blog\/wp-content\/uploads\/2016\/08\/Captura-de-pantalla-2016-08-26-a-las-21.06.31.png?fit=606%2C401&resize=350%2C200","width":350,"height":200},"classes":[]},{"id":18391,"url":"http:\/\/www.moda.es\/blog\/oscar-de-la-renta-ya-tiene-director-creativo\/","url_meta":{"origin":1039,"position":1},"title":"Oscar de la Renta ya tiene director creativo","date":"octubre 14, 2014","format":false,"excerpt":"...y ese hombre es Peter Copping. Y contrariamente a lo que en un primer momento podr\u00edamos pensar este no es un fichaje m\u00e1s en el juego de las sillas de la moda si tenemos en cuenta que Copping es el primer director creativo en una marca que hasta ahora ha\u2026","rel":"","context":"En \u00abActualidad\u00bb","img":{"alt_text":"","src":"https:\/\/i0.wp.com\/www.moda.es\/blog\/wp-content\/uploads\/2014\/10\/oscardelarenta.jpg?fit=650%2C545&resize=350%2C200","width":350,"height":200},"classes":[]},{"id":11347,"url":"http:\/\/www.moda.es\/blog\/paris-mon-amour\/","url_meta":{"origin":1039,"position":2},"title":"Par\u00eds, mon amour","date":"marzo 9, 2013","format":false,"excerpt":"La temporada de desfiles nos abandona... Al menos hasta la pr\u00f3xima Alta Costura de Par\u00eds, pero eso ser\u00e1 en julio. Mientras, Paris Fashion Week nos deja despu\u00e9s de seis intensos d\u00edas llenos de moda y nuevas creaciones. \u00a0 \u00bfQuieres saner cu\u00e1les son las tendencias estrella que nos han propuesto los\u2026","rel":"","context":"En \u00abDise\u00f1adores\u00bb","img":{"alt_text":"","src":"https:\/\/i0.wp.com\/www.moda.es\/blog\/wp-content\/uploads\/2013\/03\/Ann-Demeulemeester.jpg?resize=350%2C200","width":350,"height":200},"classes":[]},{"id":2696,"url":"http:\/\/www.moda.es\/blog\/eterea-irrealida\/","url_meta":{"origin":1039,"position":3},"title":"Et\u00e9rea irrealidad. La fotograf\u00eda de Sarah Moon","date":"julio 18, 2011","format":false,"excerpt":"Ante una mujer aparentemente bella, pero de rostro borroso, s\u00f3lo se puede sentir la necesidad de querer desvelar su cara. Es inquietante, misterioso. As\u00ed son las im\u00e1genes de Sarah Moon. Parecen sacadas de un album viejo, rescatadas de alg\u00fan desv\u00e1n. Pero no son tan antiguas, y es que\u00a0sus im\u00e1genes estaban\u2026","rel":"","context":"En \u00abFot\u00f3grafos\u00bb","img":{"alt_text":"","src":"https:\/\/i0.wp.com\/www.moda.es\/blog\/wp-content\/uploads\/2011\/07\/Sarah%2BMoon%2B1.jpg?fit=800%2C1016&resize=350%2C200","width":350,"height":200},"classes":[]},{"id":1023,"url":"http:\/\/www.moda.es\/blog\/rayados-veraniegos\/","url_meta":{"origin":1039,"position":4},"title":"Rayados veraniegos","date":"marzo 3, 2011","format":false,"excerpt":"Que las rayas son tendencia en verano no es ninguna novedad.\u00a0Ya son varios\u00a0est\u00edos\u00a0convertidos\u00a0en marineros y marineras de asfalto, quiz\u00e1 ahora cansados de tantas rayas que tambi\u00e9n se ha impuesto en los meses de invierno. Pero dejadme que os diga esta vez hay una novedad, las rayas son anchas. Han engordado\u2026","rel":"","context":"En \u00abTendencias\u00bb","img":{"alt_text":"","src":"https:\/\/i0.wp.com\/www.moda.es\/blog\/wp-content\/uploads\/2011\/03\/jilsandercampaign31.jpg?fit=700%2C447&resize=350%2C200","width":350,"height":200},"classes":[]},{"id":21808,"url":"http:\/\/www.moda.es\/blog\/descubre-tu-nuevo-capricho-de-chanel\/","url_meta":{"origin":1039,"position":5},"title":"Descubre tu nuevo capricho de Chanel","date":"febrero 24, 2017","format":false,"excerpt":"Coco Chanel (Gabrielle) ha inspirado muchos bolsos ic\u00f3nicos y fragancias, la mayor\u00eda de los cuales tienen un nombre dulce, de dos s\u00edlabas. Sin embargo, el\u00a0nuevo bolso de la\u00a0casa de moda tomar\u00e1 el nombre de pila de su fundadora. Hoy, Chanel ha presentado\u00a0los detalles de su pr\u00f3xima l\u00ednea Gabrielle, el primer\u2026","rel":"","context":"En \u00abActualidad\u00bb","img":{"alt_text":"","src":"https:\/\/i0.wp.com\/www.moda.es\/blog\/wp-content\/uploads\/2017\/02\/Captura-de-pantalla-2017-02-24-a-las-18.24.39.png?fit=364%2C367&resize=350%2C200","width":350,"height":200},"classes":[]}],"_links":{"self":[{"href":"http:\/\/www.moda.es\/blog\/wp-json\/wp\/v2\/posts\/1039"}],"collection":[{"href":"http:\/\/www.moda.es\/blog\/wp-json\/wp\/v2\/posts"}],"about":[{"href":"http:\/\/www.moda.es\/blog\/wp-json\/wp\/v2\/types\/post"}],"author":[{"embeddable":true,"href":"http:\/\/www.moda.es\/blog\/wp-json\/wp\/v2\/users\/2"}],"replies":[{"embeddable":true,"href":"http:\/\/www.moda.es\/blog\/wp-json\/wp\/v2\/comments?post=1039"}],"version-history":[{"count":0,"href":"http:\/\/www.moda.es\/blog\/wp-json\/wp\/v2\/posts\/1039\/revisions"}],"wp:featuredmedia":[{"embeddable":true,"href":"http:\/\/www.moda.es\/blog\/wp-json\/wp\/v2\/media\/16421"}],"wp:attachment":[{"href":"http:\/\/www.moda.es\/blog\/wp-json\/wp\/v2\/media?parent=1039"}],"wp:term":[{"taxonomy":"category","embeddable":true,"href":"http:\/\/www.moda.es\/blog\/wp-json\/wp\/v2\/categories?post=1039"},{"taxonomy":"post_tag","embeddable":true,"href":"http:\/\/www.moda.es\/blog\/wp-json\/wp\/v2\/tags?post=1039"}],"curies":[{"name":"wp","href":"https:\/\/api.w.org\/{rel}","templated":true}]}}