{"id":1036,"date":"2011-03-04T12:21:57","date_gmt":"2011-03-04T11:21:57","guid":{"rendered":"http:\/\/www.moda.es\/blog\/?p=1036"},"modified":"2011-03-04T12:21:57","modified_gmt":"2011-03-04T11:21:57","slug":"despuntando-en-la-fotografia-arturo-cardoza","status":"publish","type":"post","link":"http:\/\/www.moda.es\/blog\/despuntando-en-la-fotografia-arturo-cardoza\/","title":{"rendered":"Despuntando en la fotograf\u00eda. Arturo Cardoza"},"content":{"rendered":"<figure id=\"attachment_1048\" aria-describedby=\"caption-attachment-1048\" style=\"width: 737px\" class=\"wp-caption alignnone\"><a href=\"https:\/\/i0.wp.com\/www.moda.es\/blog\/wp-content\/uploads\/2011\/03\/Alexandre_700.jpg\"><img data-attachment-id=\"1048\" data-permalink=\"http:\/\/www.moda.es\/blog\/alexandre_700\/\" data-orig-file=\"https:\/\/i0.wp.com\/www.moda.es\/blog\/wp-content\/uploads\/2011\/03\/Alexandre_700.jpg?fit=2038%2C705\" data-orig-size=\"2038,705\" data-comments-opened=\"1\" data-image-meta=\"{&quot;aperture&quot;:&quot;0&quot;,&quot;credit&quot;:&quot;&quot;,&quot;camera&quot;:&quot;&quot;,&quot;caption&quot;:&quot;&quot;,&quot;created_timestamp&quot;:&quot;0&quot;,&quot;copyright&quot;:&quot;&quot;,&quot;focal_length&quot;:&quot;0&quot;,&quot;iso&quot;:&quot;0&quot;,&quot;shutter_speed&quot;:&quot;0&quot;,&quot;title&quot;:&quot;&quot;}\" data-image-title=\"Alexandre_700\" data-image-description=\"\" data-image-caption=\"&lt;p&gt;Alexandre por Arturo Cardoza.&lt;\/p&gt;\n\" data-medium-file=\"https:\/\/i0.wp.com\/www.moda.es\/blog\/wp-content\/uploads\/2011\/03\/Alexandre_700.jpg?fit=300%2C103\" data-large-file=\"https:\/\/i0.wp.com\/www.moda.es\/blog\/wp-content\/uploads\/2011\/03\/Alexandre_700.jpg?fit=640%2C221\" loading=\"lazy\" class=\"size-full wp-image-1048\" src=\"https:\/\/i0.wp.com\/www.moda.es\/blog\/wp-content\/uploads\/2011\/03\/Alexandre_700.jpg?resize=640%2C231\" alt=\"\" width=\"640\" height=\"231\" data-recalc-dims=\"1\" \/><\/a><figcaption id=\"caption-attachment-1048\" class=\"wp-caption-text\">Alexandre por Arturo Cardoza.<\/figcaption><\/figure>\n<p>Hoy inauguro nueva secci\u00f3n en este blog, la de entrevistas. La intenci\u00f3n es dedicar un espacio a aquellos creativos y profesionales cuyo trabajo est\u00e1 relacionado con el mundo de la moda.<\/p>\n<p>Empezamos con un joven fot\u00f3grafo que\u00a0comienza a despuntar en algunas de las m\u00e1s transgresoras revistas de tendencias como Vice o Neo2. Se llama Arturo Cardoza y aunque la moda le atrae como un im\u00e1n, se considera fot\u00f3grafo en el amplio sentido de la palabra. Le mueve la luz, por supuesto, y la belleza. Abran los ojos, est\u00e9n atentos, puede que se encuentren pronto ante una de sus im\u00e1genes.<\/p>\n<p>1. \u00bfPor qu\u00e9 te dedicas a la fotograf\u00eda?<\/p>\n<p>Siempre he encontrado la imagen c\u00f3mo una forma esencial de expresi\u00f3n.\u00a0 De peque\u00f1o era incansablemente observador, tanto que llegaba a perder la atenci\u00f3n\u00a0de cualquier cosa que sucediese a mi alrededor o pasase delante de mis ojos, dejando a un lado el resto del mundo. Tambi\u00e9n me pasaba que intentaba\u00a0englobarlo en mi cabeza, sumergirme en lo que ve\u00eda, en el color, la luz y las sombras. Era mi forma de huir del mundo y, muchas veces, de mi propia cabeza. Adem\u00e1s, desde peque\u00f1o he ido alimentado, consciente o inconscientemente\u00a0que mi futuro estaba ligado a lo pl\u00e1stico.<\/p>\n<p>2.\u00a0\u00bfC\u00f3mo empezaste a trabajar en este mundo?<\/p>\n<p>Empec\u00e9 hace muchos a\u00f1os a realizar mis primeras fotos. Tendr\u00eda unos 8 a\u00f1os, me encantaba quitarle la c\u00e1mara a mi padre, una Canon A1 que entonces, no entend\u00eda muy bien\u00a0c\u00f3mo funcionaba, pero disfrutaba enfocando y desenfocando a mi familia.\u00a0Despu\u00e9s de unos a\u00f1os me lo empec\u00e9 a tomar en serio y a los 16 decid\u00ed que quer\u00eda ser fot\u00f3grafo, adem\u00e1s de mil cosas m\u00e1s.\u00a0 Este deseo se hizo realidad 3 a\u00f1os m\u00e1s tarde cuando, tras dejar la carrera de Arquitectura en Guatemala, llegu\u00e9\u00a0 a Madrid y empec\u00e9 a <em>disparar<\/em> sin parar hasta\u00a0ahora.\u00a0Al terminar mi formaci\u00f3n en el TAI, comenc\u00e9 a trabajar directamente como ayudante de <a href=\"http:\/\/www.alvaroleiva.com\/index.php?ctrl=section&amp;action=view&amp;id=3\">\u00c1lvaro Leiva<\/a>.\u00a0 Con \u00e9l aprend\u00ed muchas cosas sobre la profesi\u00f3n, me dio la oportunidad de entrenar\u00a0el ojo y\u00a0el cerebro, pulir la eficacia al captar el momento y percibir el mejor encuadre sin meditarlo. Al mismo tiempo, aprend\u00ed el proceso completo de post-producci\u00f3n, desde convertir una pel\u00edcula y manipularla a tu antojo a\u00a0c\u00f3mo hacerlo por medios digitales y llevarlo hasta la reproducci\u00f3n o publicaci\u00f3n.\u00a0Y lo mejor de todo es que siempre me dej\u00f3 utilizar mi intuici\u00f3n, creatividad e impulsos.<\/p>\n<p>3. \u00bfTe consideras fot\u00f3grafo de moda? Si no, c\u00f3mo te definir\u00edas.<\/p>\n<p>No me considero fot\u00f3grafo de moda. Para m\u00ed la fotograf\u00eda es una disciplina tan amplia, pero que al final se reduce a retratar mil\u00e9simas de segundos en el tiempo, ya sea una persona o alg\u00fan objeto mediante la captaci\u00f3n de luz. As\u00ed que me considero m\u00e1s un retratista. Y si hablamos de moda, yo prefiero decir que me gusta\u00a0 RETRATAR LA ROPA Y LA PERSONA QUE VA POR DENTRO.<br \/>\n4. \u00bfQu\u00e9 estilo de fotograf\u00eda haces?<\/p>\n<p>La verdad es que, como he dicho antes, no me limito a hacer una sola cosa, salvo\u00a0retratar lo que se me ponga enfrente: personas, objetos, paisajes, ropa, m\u00fasica, locura, sentimientos ef\u00edmeros.\u00a0 Las im\u00e1genes que m\u00e1s me gustan son las que me han conmovido por dentro y he sentido la necesitad de esculpirlo\u00a0en forma de\u00a0fotos. Por ese motivo, me encanta la adrenalina de un concierto o esos peque\u00f1os momentos espont\u00e1neos de belleza en las personas, ya sean f\u00edsicos o emocionales. Como dijo alguna vez Nureyev:\u00a0 \u00abI&#8217;m really alive when I&#8217;m on stage\u00bb. \u00a1Pues eso!<br \/>\n5. \u00bfPrefieres el color o blanco\/negro?<\/p>\n<p>Me da por \u00e9pocas, pero soy un rom\u00e1ntico del laboratorio, \u00e9se era el verdadero blanco y\u00a0 negro.\u00a0Pero el color es un instrumento tan expresivo, ha sido m\u00e1s que probado. As\u00ed, antes de hacer una foto y dependiendo del instante, pienso y decido cu\u00e1l ser\u00e1 la gama de colores -o incluso su ausencia-.<\/p>\n<figure id=\"attachment_1050\" aria-describedby=\"caption-attachment-1050\" style=\"width: 705px\" class=\"wp-caption alignnone\"><a href=\"https:\/\/i0.wp.com\/www.moda.es\/blog\/wp-content\/uploads\/2011\/03\/LaRoja2010_350triple.jpg\"><img data-attachment-id=\"1050\" data-permalink=\"http:\/\/www.moda.es\/blog\/laroja2010_350triple\/\" data-orig-file=\"https:\/\/i0.wp.com\/www.moda.es\/blog\/wp-content\/uploads\/2011\/03\/LaRoja2010_350triple.jpg?fit=2950%2C705\" data-orig-size=\"2950,705\" data-comments-opened=\"1\" data-image-meta=\"{&quot;aperture&quot;:&quot;0&quot;,&quot;credit&quot;:&quot;&quot;,&quot;camera&quot;:&quot;&quot;,&quot;caption&quot;:&quot;&quot;,&quot;created_timestamp&quot;:&quot;0&quot;,&quot;copyright&quot;:&quot;&quot;,&quot;focal_length&quot;:&quot;0&quot;,&quot;iso&quot;:&quot;0&quot;,&quot;shutter_speed&quot;:&quot;0&quot;,&quot;title&quot;:&quot;&quot;}\" data-image-title=\"LaRoja2010_350triple\" data-image-description=\"\" data-image-caption=\"&lt;p&gt;La roja.&lt;\/p&gt;\n\" data-medium-file=\"https:\/\/i0.wp.com\/www.moda.es\/blog\/wp-content\/uploads\/2011\/03\/LaRoja2010_350triple.jpg?fit=300%2C71\" data-large-file=\"https:\/\/i0.wp.com\/www.moda.es\/blog\/wp-content\/uploads\/2011\/03\/LaRoja2010_350triple.jpg?fit=640%2C153\" loading=\"lazy\" class=\"size-full wp-image-1050\" src=\"https:\/\/i0.wp.com\/www.moda.es\/blog\/wp-content\/uploads\/2011\/03\/LaRoja2010_350triple.jpg?resize=640%2C166\" alt=\"\" width=\"640\" height=\"166\" data-recalc-dims=\"1\" \/><\/a><figcaption id=\"caption-attachment-1050\" class=\"wp-caption-text\">La roja.<\/figcaption><\/figure>\n<p>6. \u00bfCu\u00e1l es tu sello personal (luz, tratamiento o retoque&#8230;)?<\/p>\n<p>Mira mis fotos y lo sabr\u00e1s (risas).\u00a0 Intento poner mucho de m\u00ed mismo en mi trabajo, pero la luz, desde luego, juega un papel important\u00edsimo. Soy un perfeccionista y, por ejemplo, lo que m\u00e1s me gustaba de hacer fotos con pel\u00edcula era que ten\u00edas que ser super meticuloso y decidir\u00a0de antemano el c\u00f3mo, el color, la saturaci\u00f3n, el ambiente y mil detalles m\u00e1s que quer\u00edas imprimirle a tu foto antes de desperdiciar la preciada emulsi\u00f3n. Aunque con las digitales sigue siendo lo mismo, intento ser lo m\u00e1s fiel a la luz que han visto mis ojos y a la belleza natural que me atrae y que se traduce al final en un <em>click<\/em>!<br \/>\n7.\u00a0\u00bfCon qu\u00e9 revistas de moda trabajas?<br \/>\n\u00a0Neo2, Tendencias, Vice.<\/p>\n<figure id=\"attachment_1052\" aria-describedby=\"caption-attachment-1052\" style=\"width: 658px\" class=\"wp-caption alignnone\"><a href=\"https:\/\/i0.wp.com\/www.moda.es\/blog\/wp-content\/uploads\/2011\/03\/MARTINWASCHjuntas6.jpg\"><img data-attachment-id=\"1052\" data-permalink=\"http:\/\/www.moda.es\/blog\/martinwaschjuntas6\/\" data-orig-file=\"https:\/\/i0.wp.com\/www.moda.es\/blog\/wp-content\/uploads\/2011\/03\/MARTINWASCHjuntas6.jpg?fit=950%2C705\" data-orig-size=\"950,705\" data-comments-opened=\"1\" data-image-meta=\"{&quot;aperture&quot;:&quot;0&quot;,&quot;credit&quot;:&quot;&quot;,&quot;camera&quot;:&quot;&quot;,&quot;caption&quot;:&quot;&quot;,&quot;created_timestamp&quot;:&quot;0&quot;,&quot;copyright&quot;:&quot;&quot;,&quot;focal_length&quot;:&quot;0&quot;,&quot;iso&quot;:&quot;0&quot;,&quot;shutter_speed&quot;:&quot;0&quot;,&quot;title&quot;:&quot;&quot;}\" data-image-title=\"MARTINWASCHjuntas6\" data-image-description=\"\" data-image-caption=\"&lt;p&gt;Martin Wasch.&lt;\/p&gt;\n\" data-medium-file=\"https:\/\/i0.wp.com\/www.moda.es\/blog\/wp-content\/uploads\/2011\/03\/MARTINWASCHjuntas6.jpg?fit=300%2C222\" data-large-file=\"https:\/\/i0.wp.com\/www.moda.es\/blog\/wp-content\/uploads\/2011\/03\/MARTINWASCHjuntas6.jpg?fit=640%2C475\" loading=\"lazy\" class=\"size-full wp-image-1052\" src=\"https:\/\/i0.wp.com\/www.moda.es\/blog\/wp-content\/uploads\/2011\/03\/MARTINWASCHjuntas6.jpg?resize=640%2C420\" alt=\"\" width=\"640\" height=\"420\" data-recalc-dims=\"1\" \/><\/a><figcaption id=\"caption-attachment-1052\" class=\"wp-caption-text\">Martin Waschb\u00e4r.<\/figcaption><\/figure>\n<p>8. En estas revistas, \u00bfqu\u00e9 tipo de trabajo has hecho?<\/p>\n<p>Principalmente, he realizado retratos de personajes, ambulantes nocturnos, m\u00fasicos, editoriales de belleza y tendencias y reportajes (historias).<\/p>\n<p>9.\u00a0\u00bfQu\u00e9 te gusta del mundo de la moda?<\/p>\n<p>Me gusta la relaci\u00f3n que tiene la moda con el p\u00fablico que la consume y lo que genera a su alrededor, o lo que hace que se genere por lo que sucede a su alrededor en momentos determinados de la historia.\u00a0Es muy interesante ver c\u00f3mo la moda nos describe las caracter\u00edsticas de una sociedad, sus convicciones o creencias, su posici\u00f3n o jerarqu\u00eda social\u00a0 La moda no es s\u00f3lo ropa y actitudes impuestas por otros, es una forma de EXPRESI\u00d3N VISUAL MUY PERSONAL.<\/p>\n<p>10. \u00a0Hacia d\u00f3nde te gustar\u00eda dirigirte&#8230;<\/p>\n<p>Podr\u00eda decir mil cosas al respecto pero me voy a quedar con:\u00a0 A seguir haciendo siempre lo que me da la gana.<\/p>\n<p>11. Tus fot\u00f3grafos referencia.<\/p>\n<p>Me encanta el surrealismo y los fot\u00f3grafos de los a\u00f1os 20 a los a\u00f1os\u00a040 como Halsman, Man Ray.\u00a0 Tambi\u00e9n William Klein en los 60.\u00a0 Peter Witkins, Arnold Newman, Helmut Newton, Tim Walker, Ryan McGinley, Robert Mapplethorpe. Cl\u00e1sicos pero no s\u00f3lo en fotograf\u00eda. La pintura juega un papel muy importante dentro de mis referencias.\u00a0Esto lo dejamos para otro d\u00eda (y sonr\u00ede).<\/p>\n<figure id=\"attachment_1062\" aria-describedby=\"caption-attachment-1062\" style=\"width: 570px\" class=\"wp-caption alignnone\"><a href=\"https:\/\/i0.wp.com\/www.moda.es\/blog\/wp-content\/uploads\/2011\/03\/Asier_200.jpg\"><img data-attachment-id=\"1062\" data-permalink=\"http:\/\/www.moda.es\/blog\/asier_200\/\" data-orig-file=\"https:\/\/i0.wp.com\/www.moda.es\/blog\/wp-content\/uploads\/2011\/03\/Asier_200.jpg?fit=1031%2C705\" data-orig-size=\"1031,705\" data-comments-opened=\"1\" data-image-meta=\"{&quot;aperture&quot;:&quot;4&quot;,&quot;credit&quot;:&quot;&quot;,&quot;camera&quot;:&quot;Canon EOS 400D DIGITAL&quot;,&quot;caption&quot;:&quot;&quot;,&quot;created_timestamp&quot;:&quot;1272647917&quot;,&quot;copyright&quot;:&quot;&quot;,&quot;focal_length&quot;:&quot;20&quot;,&quot;iso&quot;:&quot;100&quot;,&quot;shutter_speed&quot;:&quot;0.025&quot;,&quot;title&quot;:&quot;&quot;}\" data-image-title=\"Asier_200\" data-image-description=\"\" data-image-caption=\"&lt;p&gt;Asier.&lt;\/p&gt;\n\" data-medium-file=\"https:\/\/i0.wp.com\/www.moda.es\/blog\/wp-content\/uploads\/2011\/03\/Asier_200.jpg?fit=300%2C205\" data-large-file=\"https:\/\/i0.wp.com\/www.moda.es\/blog\/wp-content\/uploads\/2011\/03\/Asier_200.jpg?fit=640%2C438\" loading=\"lazy\" class=\"size-full wp-image-1062\" src=\"https:\/\/i0.wp.com\/www.moda.es\/blog\/wp-content\/uploads\/2011\/03\/Asier_200.jpg?resize=570%2C440\" alt=\"\" width=\"570\" height=\"440\" data-recalc-dims=\"1\" \/><\/a><figcaption id=\"caption-attachment-1062\" class=\"wp-caption-text\">Asier.<\/figcaption><\/figure>\n<p>Antes de desperdirse, Arturo me comenta que tambi\u00e9n ha colaborado con la firma\u00a0Diesel,\u00a0con\u00a0varios dise\u00f1adores espa\u00f1oles y ha\u00a0impartido recientemente\u00a0un curso en el\u00a0IED\u00a0 de Madrid.<\/p>\n<p>A. Cardoza es inquieto, tremendamente curioso, un alma libre llena de energ\u00eda.\u00a0La misma energ\u00eda que desprenden\u00a0sus fotos, pod\u00e9is verlo con vuestros propios ojos.<\/p>\n<p><img loading=\"lazy\" class=\"alignnone\" src=\"https:\/\/i0.wp.com\/4.bp.blogspot.com\/_Sjp8IlLzH14\/TFwr51PGlvI\/AAAAAAAAAWM\/lanfvQdtnJw\/s1600\/Jazzaldia10_058.jpg?resize=640%2C403\" alt=\"\" width=\"640\" height=\"403\" data-recalc-dims=\"1\" \/><\/p>\n<p>\u00b7 Web:\u00a0 <a href=\"http:\/\/www.artcardozaphoto.carbonmade.com\">www.artcardozaphoto.carbonmade.com<\/a><\/p>\n<p>\u00b7 Blog:\u00a0 <a href=\"http:\/\/bangbangishotudown.blogspot.com\/\">http:\/\/bangbangishotudown.blogspot.com\/<\/a><\/p>\n","protected":false},"excerpt":{"rendered":"<p>Hoy inauguro nueva secci\u00f3n en este blog, la de entrevistas. La intenci\u00f3n es dedicar un espacio a aquellos creativos y profesionales cuyo trabajo est\u00e1 relacionado con el mundo de la moda. Empezamos con un joven fot\u00f3grafo que\u00a0comienza a despuntar en algunas de las m\u00e1s transgresoras revistas de tendencias como Vice [&hellip;]<\/p>\n","protected":false},"author":2,"featured_media":16413,"comment_status":"open","ping_status":"open","sticky":false,"template":"","format":"standard","meta":{"jetpack_publicize_message":"","jetpack_is_tweetstorm":false,"jetpack_publicize_feature_enabled":true},"categories":[15],"tags":[],"jetpack_publicize_connections":[],"jetpack_featured_media_url":"https:\/\/i0.wp.com\/www.moda.es\/blog\/wp-content\/uploads\/2011\/03\/Alexandre_7001.jpg?fit=2038%2C705","jetpack_sharing_enabled":true,"jetpack_shortlink":"https:\/\/wp.me\/p4tJCC-gI","jetpack-related-posts":[{"id":2198,"url":"http:\/\/www.moda.es\/blog\/el-padre-de-la-fotografia-de-moda\/","url_meta":{"origin":1036,"position":0},"title":"El padre de la fotograf\u00eda de moda","date":"junio 6, 2011","format":false,"excerpt":"Se le considera el primer fot\u00f3grafo de moda, su nombre: Adolph de Meyer (Par\u00eds, 1868- 1949, Los \u00c1ngeles). \u00c9l fue el primer fot\u00f3grafo en la plantilla de Vogue y Vanity Fair. Con la fortuna de haber nacido en la abundancia, de padre jud\u00edo alem\u00e1n y madre escocesa, pas\u00f3 su ni\u00f1ez\u2026","rel":"","context":"En \u00abFot\u00f3grafos\u00bb","img":{"alt_text":"","src":"https:\/\/i0.wp.com\/www.moda.es\/blog\/wp-content\/uploads\/2011\/06\/cdocuments-and-settingsmschneiedesktopstyle-file-photosweek-of-2-22-10natica-nast-adolph-de-meyer1.jpg?fit=480%2C382&resize=350%2C200","width":350,"height":200},"classes":[]},{"id":7229,"url":"http:\/\/www.moda.es\/blog\/viajes-fotograficos\/","url_meta":{"origin":1036,"position":1},"title":"Viajes fotogr\u00e1ficos","date":"junio 12, 2012","format":false,"excerpt":"La mirada del fot\u00f3grafo es lo que diferencia una imagen buena de una conmovedora, sorprendente. De este segundo tipo, son las im\u00e1genes que se pueden encontrar en 'Voyages', la exposici\u00f3n del fot\u00f3grafo de moda Jean Marc Manson en Exit Art Gallery de la Fundaci\u00f3n Adolfo Dom\u00ednguez inaugurada el 6 de\u2026","rel":"","context":"En \u00abExposiciones\u00bb","img":{"alt_text":"","src":"https:\/\/i0.wp.com\/www.moda.es\/blog\/wp-content\/uploads\/2012\/06\/fash_001-e1338156075367.jpg?fit=500%2C375&resize=350%2C200","width":350,"height":200},"classes":[]},{"id":1698,"url":"http:\/\/www.moda.es\/blog\/la-perspectiva-truncada\/","url_meta":{"origin":1036,"position":2},"title":"La perspectiva truncada","date":"abril 29, 2011","format":false,"excerpt":"Jeanloup Sieff es de esos fot\u00f3grafos que, cuando te topas con una imagen suya, crea adicci\u00f3n. Lo suyo es el blanco y negro con originales y personales perspectivas, muchas veces, de\u00a0un\u00a0marcado distanciamiento del objeto o la persona retratada. Tambi\u00e9n\u00a0son t\u00edpicas de Sieff las atm\u00f3sferas on\u00edricas, hasta cierto punto inquietantes. Su\u2026","rel":"","context":"En \u00abFot\u00f3grafos\u00bb","img":{"alt_text":"","src":"https:\/\/i0.wp.com\/www.independent.co.uk\/multimedia\/archive\/00403\/Lot_28_403565s.jpg?resize=350%2C200","width":350,"height":200},"classes":[]},{"id":2676,"url":"http:\/\/www.moda.es\/blog\/sorrenti-el-modelo-reconvertido-en-fotografo\/","url_meta":{"origin":1036,"position":3},"title":"Sorrenti: el modelo reconvertido en fot\u00f3grafo","date":"julio 15, 2011","format":false,"excerpt":"Entre todos\u00a0los novios de Kate Moss, uno de los menos conocidos por el p\u00fablico en general es el fot\u00f3grafo Mario Sorrenti. No me gusta nada hablar de \"el novio de\" o \"el hijo de\"\u00a0porque toda\u00a0persona deber\u00eda avalarse a\u00a0s\u00ed misma, m\u00e1s a\u00fan,\u00a0si\u00a0es un profesional v\u00e1lido por sus propios m\u00e9ritos, como es\u2026","rel":"","context":"En \u00abFot\u00f3grafos\u00bb","img":{"alt_text":"","src":"https:\/\/i0.wp.com\/www.moda.es\/blog\/wp-content\/uploads\/2011\/07\/mariosorrentibykatemoss.jpg?resize=350%2C200","width":350,"height":200},"classes":[]},{"id":2189,"url":"http:\/\/www.moda.es\/blog\/la-fotografia-espontanea\/","url_meta":{"origin":1036,"position":4},"title":"La fotograf\u00eda espont\u00e1nea","date":"junio 5, 2011","format":false,"excerpt":"Im\u00e1genes realistas y vitales, un ejemplo de instantaneidad. As\u00ed son las fotograf\u00edas de Toni Frissell, una mujer tan activa, como el propio reflejo de su trabajo. Antoinette Frissell, m\u00e1s conocida como Toni,\u00a0fue una fot\u00f3grafa americana que se hizo famosa gracias a sus fotograf\u00edas de moda en dos de las m\u00e1s\u2026","rel":"","context":"En \u00abFot\u00f3grafos\u00bb","img":{"alt_text":"","src":"http:\/\/ivealwaysbeenhere.files.wordpress.com\/2011\/05\/toni_frissell_02dog.jpg?w=350&h=200&crop=1","width":350,"height":200},"classes":[]},{"id":2968,"url":"http:\/\/www.moda.es\/blog\/coddington-inedita-en-una-expo-en-londres\/","url_meta":{"origin":1036,"position":5},"title":"Coddington in\u00e9dita en una expo en Londres","date":"agosto 18, 2011","format":false,"excerpt":"Coincidiendo con la pr\u00f3xima -y ya cercana- London Fashion Week, tendr\u00e1 lugar en Londres una exposici\u00f3n que revela fotograf\u00edas in\u00e9ditas de Grace Coddington, la directora creativa de Vogue USA. Una selecci\u00f3n de im\u00e1genes del fot\u00f3grafo Willie Christie, ex-marido de Coddignton, que se podr\u00e1 ver del 16 al 19 de septiembre\u2026","rel":"","context":"En \u00abExposiciones\u00bb","img":{"alt_text":"","src":"https:\/\/i0.wp.com\/www.moda.es\/blog\/wp-content\/uploads\/2011\/08\/el_allure_de_vogue_4273_643x447.jpg?resize=350%2C200","width":350,"height":200},"classes":[]}],"_links":{"self":[{"href":"http:\/\/www.moda.es\/blog\/wp-json\/wp\/v2\/posts\/1036"}],"collection":[{"href":"http:\/\/www.moda.es\/blog\/wp-json\/wp\/v2\/posts"}],"about":[{"href":"http:\/\/www.moda.es\/blog\/wp-json\/wp\/v2\/types\/post"}],"author":[{"embeddable":true,"href":"http:\/\/www.moda.es\/blog\/wp-json\/wp\/v2\/users\/2"}],"replies":[{"embeddable":true,"href":"http:\/\/www.moda.es\/blog\/wp-json\/wp\/v2\/comments?post=1036"}],"version-history":[{"count":0,"href":"http:\/\/www.moda.es\/blog\/wp-json\/wp\/v2\/posts\/1036\/revisions"}],"wp:featuredmedia":[{"embeddable":true,"href":"http:\/\/www.moda.es\/blog\/wp-json\/wp\/v2\/media\/16413"}],"wp:attachment":[{"href":"http:\/\/www.moda.es\/blog\/wp-json\/wp\/v2\/media?parent=1036"}],"wp:term":[{"taxonomy":"category","embeddable":true,"href":"http:\/\/www.moda.es\/blog\/wp-json\/wp\/v2\/categories?post=1036"},{"taxonomy":"post_tag","embeddable":true,"href":"http:\/\/www.moda.es\/blog\/wp-json\/wp\/v2\/tags?post=1036"}],"curies":[{"name":"wp","href":"https:\/\/api.w.org\/{rel}","templated":true}]}}