{"id":10354,"date":"2013-01-24T22:39:41","date_gmt":"2013-01-24T21:39:41","guid":{"rendered":"http:\/\/www.moda.es\/blog\/?p=10354"},"modified":"2020-04-27T18:26:15","modified_gmt":"2020-04-27T17:26:15","slug":"la-ultima-actuacion-de-kate-hudson","status":"publish","type":"post","link":"http:\/\/www.moda.es\/blog\/la-ultima-actuacion-de-kate-hudson\/","title":{"rendered":"La \u00faltima actuaci\u00f3n de Kate Hudson&#8230;"},"content":{"rendered":"<p><a href=\"http:\/\/www.moda.es\/blog\/index.php\/2013\/01\/24\/la-ultima-actuacion-de-kate-hudson\/kate-hudson-ann-taylor\/\" rel=\"attachment wp-att-10357\"><img data-attachment-id=\"10357\" data-permalink=\"http:\/\/www.moda.es\/blog\/la-ultima-actuacion-de-kate-hudson\/kate-hudson-ann-taylor\/\" data-orig-file=\"https:\/\/i0.wp.com\/www.moda.es\/blog\/wp-content\/uploads\/2013\/01\/Kate-Hudson-Ann-Taylor.jpg?fit=500%2C334\" data-orig-size=\"500,334\" data-comments-opened=\"1\" data-image-meta=\"{&quot;aperture&quot;:&quot;0&quot;,&quot;credit&quot;:&quot;&quot;,&quot;camera&quot;:&quot;&quot;,&quot;caption&quot;:&quot;&quot;,&quot;created_timestamp&quot;:&quot;0&quot;,&quot;copyright&quot;:&quot;&quot;,&quot;focal_length&quot;:&quot;0&quot;,&quot;iso&quot;:&quot;0&quot;,&quot;shutter_speed&quot;:&quot;0&quot;,&quot;title&quot;:&quot;&quot;}\" data-image-title=\"Kate Hudson &#8211; Ann Taylor\" data-image-description=\"\" data-image-caption=\"\" data-medium-file=\"https:\/\/i0.wp.com\/www.moda.es\/blog\/wp-content\/uploads\/2013\/01\/Kate-Hudson-Ann-Taylor.jpg?fit=300%2C200\" data-large-file=\"https:\/\/i0.wp.com\/www.moda.es\/blog\/wp-content\/uploads\/2013\/01\/Kate-Hudson-Ann-Taylor.jpg?fit=500%2C334\" loading=\"lazy\" class=\"aligncenter size-full wp-image-10357\" alt=\"Kate Hudson - Ann Taylor\" src=\"https:\/\/i0.wp.com\/www.moda.es\/blog\/wp-content\/uploads\/2013\/01\/Kate-Hudson-Ann-Taylor.jpg?resize=500%2C334\" width=\"500\" height=\"334\" srcset=\"https:\/\/i0.wp.com\/www.moda.es\/blog\/wp-content\/uploads\/2013\/01\/Kate-Hudson-Ann-Taylor.jpg?w=500 500w, https:\/\/i0.wp.com\/www.moda.es\/blog\/wp-content\/uploads\/2013\/01\/Kate-Hudson-Ann-Taylor.jpg?resize=300%2C200 300w\" sizes=\"(max-width: 500px) 100vw, 500px\" data-recalc-dims=\"1\" \/><\/a><\/p>\n<p>&nbsp;<\/p>\n<p>&#8230;no ser\u00e1 en la gran pantalla&#8230; Sino en una boutique.<\/p>\n<p>&nbsp;<\/p>\n<p><strong>Kate Hudson<\/strong> ha vuelto a firmar una temporada m\u00e1s como el rostro de <strong>Ann Taylor<\/strong>, ampliando su papel en esta ocasi\u00f3n como dise\u00f1adora invitada en una <strong>colecci\u00f3n c\u00e1psula<\/strong> para el pr\u00f3ximo verano. Esta l\u00ednea, creada en colaboraci\u00f3n con la directora creativa de la casa, <strong>Lisa Axelson<\/strong>, est\u00e1 inspirada en su estilo personal de alfombra roja y se reinterpreta para ser adaptada a cualquier momento del d\u00eda a d\u00eda.<\/p>\n<p>&nbsp;<\/p>\n<p>\u00abTrabajar con Ann Taylor ha sido una gran experiencia muy creativa, hay una conexi\u00f3n realmente maravillosa\u00bb, dijo Hudson, que apareci\u00f3 por primera vez como imagen de la marca en la campa\u00f1a de primavera 2012. \u00abAnn Taylor es muy buena en el dise\u00f1o de piezas b\u00e1sicas que actualiza temporada tras temporada. Me encanta Lisa Axelson porque crea ropa para <strong>mujeres reales<\/strong> \u00ab.<\/p>\n<p>&nbsp;<\/p>\n<p>La actriz tambi\u00e9n se convertir\u00e1 en un embajadora de caridad para la marca, uni\u00e9ndose a la iniciativa <strong>Ann Inc. &#8216;s ANNpower Vital Voices<\/strong>, una asociaci\u00f3n entre la compa\u00f1\u00eda matriz de Ann Taylor y un programa dirigido a desarrollar el potencial de liderazgo en j\u00f3venes de todo el mundo. Los miembros de este proyecto,\u00a0 como Hudson, act\u00faan como mentores de los j\u00f3venes y ayudan en la selecci\u00f3n de los beneficiarios de las subvenciones que se otorgan.<\/p>\n<p>&nbsp;<\/p>\n<p>La colecci\u00f3n estar\u00e1 disponible en las tiendas de Ann Taylor y online, a partir del pr\u00f3ximo mes de mayo.<\/p>\n<p>&nbsp;<\/p>\n<p>\u00a9Grazia<\/p>\n<p>&nbsp;                             <\/p>\n","protected":false},"excerpt":{"rendered":"<p>&nbsp; &#8230;no ser\u00e1 en la gran pantalla&#8230; Sino en una boutique. &nbsp; Kate Hudson ha vuelto a firmar una temporada m\u00e1s como el rostro de Ann Taylor, ampliando su papel en esta ocasi\u00f3n como dise\u00f1adora invitada en una colecci\u00f3n c\u00e1psula para el pr\u00f3ximo verano. Esta l\u00ednea, creada en colaboraci\u00f3n con [&hellip;]<\/p>\n","protected":false},"author":3,"featured_media":16941,"comment_status":"open","ping_status":"open","sticky":false,"template":"","format":"standard","meta":{"jetpack_publicize_message":"","jetpack_is_tweetstorm":false,"jetpack_publicize_feature_enabled":true},"categories":[9,10],"tags":[87,88,219,470,536],"jetpack_publicize_connections":[],"jetpack_featured_media_url":"https:\/\/i0.wp.com\/www.moda.es\/blog\/wp-content\/uploads\/2013\/01\/Kate-Hudson-Ann-Taylor1.jpg?fit=500%2C334","jetpack_sharing_enabled":true,"jetpack_shortlink":"https:\/\/wp.me\/p4tJCC-2H0","jetpack-related-posts":[{"id":20720,"url":"http:\/\/www.moda.es\/blog\/kate-moss-ahora-para-equipment\/","url_meta":{"origin":10354,"position":0},"title":"Kate Moss, ahora para Equipment","date":"mayo 31, 2016","format":false,"excerpt":"Dado que \u00a0Kate Moss es una marca en\u00a0s\u00ed misma, pr\u00e1cticamente queremos todo lo que la supermodelo est\u00e1 usando, ya se trate de\u00a0un simple bot\u00f3n o de unos pantalones vaqueros. Afortunadamente para todos nosotros, Equipment\u00a0contin\u00faa explorando\u00a0su ic\u00f3nica est\u00e9tica y ha contado con Moss para crear\u00a0una nueva colecci\u00f3n c\u00e1psula. Asumiendo el papel\u2026","rel":"","context":"En \u00abActualidad\u00bb","img":{"alt_text":"","src":"https:\/\/i0.wp.com\/www.moda.es\/blog\/wp-content\/uploads\/2016\/05\/Captura-de-pantalla-2016-05-31-a-las-23.15.46.png?fit=501%2C502&resize=350%2C200","width":350,"height":200},"classes":[]},{"id":20917,"url":"http:\/\/www.moda.es\/blog\/michael-kors-y-kate-hudson-se-unen-contra-el-hambre\/","url_meta":{"origin":10354,"position":1},"title":"Michael Kors y Kate Hudson se unen contra el hambre","date":"agosto 5, 2016","format":false,"excerpt":"Kate Hudson se ha unido\u00a0a Michael Kors\u00a0para apoyar a la iniciativa\u00a0Watch Hunger Stop. El pr\u00f3ximo\u00a0mes de octubre,\u00a0con motivo\u00a0del D\u00eda Mundial de la Alimentaci\u00f3n (16 de octubre de 2016), el dise\u00f1ador Michael Kors ha recurrido una vez m\u00e1s a la ayuda de la actriz, empresaria y fil\u00e1ntropa, Kate Hudson, para apoyar\u2026","rel":"","context":"En \u00abActualidad\u00bb","img":{"alt_text":"","src":"https:\/\/i0.wp.com\/www.moda.es\/blog\/wp-content\/uploads\/2016\/08\/Captura-de-pantalla-2016-08-05-a-las-21.58.51.png?fit=642%2C325&resize=350%2C200","width":350,"height":200},"classes":[]},{"id":20696,"url":"http:\/\/www.moda.es\/blog\/tenemos-nueva-colaboracion-en-hm\/","url_meta":{"origin":10354,"position":2},"title":"Tenemos nueva colaboraci\u00f3n en H&amp;M","date":"mayo 26, 2016","format":false,"excerpt":"H&M han anunciado que Carol Lim y Humberto Leon de Kenzo ser\u00e1n los \u00faltimos dise\u00f1adores que se asociar\u00e1n para una nueva colecci\u00f3n c\u00e1psula que volver\u00e1 a generar furor, expectaci\u00f3n y colas. En 2011 Lim y Leon, los fundadores de la concept store Opening Ceremony, tomaron el tim\u00f3n de\u00a0la firma\u00a0con sede\u2026","rel":"","context":"En \u00abActualidad\u00bb","img":{"alt_text":"","src":"https:\/\/i0.wp.com\/www.moda.es\/blog\/wp-content\/uploads\/2016\/05\/Captura-de-pantalla-2016-05-26-a-las-0.09.57.png?fit=617%2C614&resize=350%2C200","width":350,"height":200},"classes":[]},{"id":18108,"url":"http:\/\/www.moda.es\/blog\/kate-hudson-te-va-a-hacer-sudar\/","url_meta":{"origin":10354,"position":3},"title":"Kate Hudson te va a hacer sudar","date":"agosto 22, 2014","format":false,"excerpt":"Kate Hudson tiene la respuesta a lo que quieren las mujeres, y no se trata de una nueva comedia rom\u00e1ntica. En el \u00faltimo a\u00f1o la actriz se ha centrado en el deporte y se ha convertido en la co-fundadora de Fabletics, una l\u00ednea de ropa deportiva asequible, llena de estilo\u2026","rel":"","context":"En \u00abActualidad\u00bb","img":{"alt_text":"","src":"https:\/\/i0.wp.com\/www.moda.es\/blog\/wp-content\/uploads\/2014\/08\/khf3.jpg?fit=650%2C975&resize=350%2C200","width":350,"height":200},"classes":[]},{"id":19914,"url":"http:\/\/www.moda.es\/blog\/levis-y-jean-stories-crean-una-coleccion-capsula\/","url_meta":{"origin":10354,"position":4},"title":"Levi&#8217;s y Jean Stories crean una colecci\u00f3n c\u00e1psula","date":"octubre 21, 2015","format":false,"excerpt":"Los amantes del denim y fundadores de Jean Stories, van a presentar una colecci\u00f3n c\u00e1psula de cien unidades de su modelo favorito, los Levi's 700. Las fundadoras de la web de e-commerce Jean Stories, Jane Bishop y Florence Kane,\u00a0 lanzaron el site en 2013,\u00a0una web que ha servido como plataforma\u2026","rel":"","context":"En \u00abActualidad\u00bb","img":{"alt_text":"","src":"https:\/\/i0.wp.com\/www.moda.es\/blog\/wp-content\/uploads\/2015\/10\/Captura-de-pantalla-2015-10-21-a-las-22.52.52.png?fit=843%2C574&resize=350%2C200","width":350,"height":200},"classes":[]},{"id":8472,"url":"http:\/\/www.moda.es\/blog\/la-otra-mccartney\/","url_meta":{"origin":10354,"position":5},"title":"La otra McCartney","date":"agosto 25, 2012","format":false,"excerpt":"Vayamos en orden cronol\u00f3gico. Es hija de Paul, el superviviente m\u00e1s activo de los Beatles, y su mujer Linda, y hermana mayor de la dise\u00f1adora Stella. Dentro de una familia dedicada a las actividades art\u00edsticas, Mary, que ha heredado los dones de su madre, se dedica a la fotograf\u00eda. Nacida\u2026","rel":"","context":"En \u00abFot\u00f3grafos\u00bb","img":{"alt_text":"","src":"https:\/\/i0.wp.com\/www.moda.es\/blog\/wp-content\/uploads\/2012\/08\/Copyright-Mary-McCartney_Cover-Image1.jpg?fit=500%2C333&resize=350%2C200","width":350,"height":200},"classes":[]}],"_links":{"self":[{"href":"http:\/\/www.moda.es\/blog\/wp-json\/wp\/v2\/posts\/10354"}],"collection":[{"href":"http:\/\/www.moda.es\/blog\/wp-json\/wp\/v2\/posts"}],"about":[{"href":"http:\/\/www.moda.es\/blog\/wp-json\/wp\/v2\/types\/post"}],"author":[{"embeddable":true,"href":"http:\/\/www.moda.es\/blog\/wp-json\/wp\/v2\/users\/3"}],"replies":[{"embeddable":true,"href":"http:\/\/www.moda.es\/blog\/wp-json\/wp\/v2\/comments?post=10354"}],"version-history":[{"count":5,"href":"http:\/\/www.moda.es\/blog\/wp-json\/wp\/v2\/posts\/10354\/revisions"}],"predecessor-version":[{"id":36720,"href":"http:\/\/www.moda.es\/blog\/wp-json\/wp\/v2\/posts\/10354\/revisions\/36720"}],"wp:featuredmedia":[{"embeddable":true,"href":"http:\/\/www.moda.es\/blog\/wp-json\/wp\/v2\/media\/16941"}],"wp:attachment":[{"href":"http:\/\/www.moda.es\/blog\/wp-json\/wp\/v2\/media?parent=10354"}],"wp:term":[{"taxonomy":"category","embeddable":true,"href":"http:\/\/www.moda.es\/blog\/wp-json\/wp\/v2\/categories?post=10354"},{"taxonomy":"post_tag","embeddable":true,"href":"http:\/\/www.moda.es\/blog\/wp-json\/wp\/v2\/tags?post=10354"}],"curies":[{"name":"wp","href":"https:\/\/api.w.org\/{rel}","templated":true}]}}