{"id":10335,"date":"2013-01-24T00:59:22","date_gmt":"2013-01-23T23:59:22","guid":{"rendered":"http:\/\/www.moda.es\/blog\/?p=10335"},"modified":"2020-04-27T18:26:25","modified_gmt":"2020-04-27T17:26:25","slug":"paris-alta-costura-ii","status":"publish","type":"post","link":"http:\/\/www.moda.es\/blog\/paris-alta-costura-ii\/","title":{"rendered":"Par\u00eds Alta Costura II"},"content":{"rendered":"<p>Termina la <strong>Alta Costura<\/strong> con las \u00faltimas propuestas.<\/p>\n<p>&nbsp;<\/p>\n<p>En general las firmas nos han dejado satisfechos, m\u00e1s quiz\u00e1s que en otras ocasiones, y se van dej\u00e1ndonos ganas de m\u00e1s. M\u00e1s fantas\u00eda, m\u00e1s tejidos incre\u00edbles, m\u00e1s opulencia, m\u00e1s\u00a0 <em>savor fair<\/em> y conocimiento de la costura y la construcci\u00f3n de un buen traje. \u00bfHas visto c\u00f3mo ha terminado la jornada? Te lo resumimos a continuaci\u00f3n.<\/p>\n<p>&nbsp;<\/p>\n<p>&nbsp;<\/p>\n<p><strong>Alexis Mabille<\/strong> ha entrado recientemente en este selecto club de la Alta Costura (hasta ahora desfilaba como invitado), y ha demostrado que se merece su lugar. Inspir\u00e1ndose en la tradici\u00f3n y en el trabajo m\u00e1s artesanal,\u00a0 ha recurrido a los pantalones (cada vez m\u00e1s visto desde que se lanzara Raf Simons en la pasada edici\u00f3n de Oto\u00f1o), ha incluido chaquetas cruzadas y no se ha rendido al \u00abuniverso alfombra roja\u00bb presentando looks para cualquier momento del d\u00eda, aunque no obvia el glamour, las transparencias y alg\u00fan toque de brillo.<\/p>\n<p style=\"text-align: center\">\u00a0<a href=\"https:\/\/i0.wp.com\/www.moda.es\/blog\/wp-content\/uploads\/2013\/01\/Alexis-Mabille-2.jpg\" target=\"_blank\"><img data-attachment-id=\"10344\" data-permalink=\"http:\/\/www.moda.es\/blog\/paris-alta-costura-ii\/alexis-mabille-2\/\" data-orig-file=\"https:\/\/i0.wp.com\/www.moda.es\/blog\/wp-content\/uploads\/2013\/01\/Alexis-Mabille-2.jpg?fit=500%2C236\" data-orig-size=\"500,236\" data-comments-opened=\"1\" data-image-meta=\"{&quot;aperture&quot;:&quot;0&quot;,&quot;credit&quot;:&quot;&quot;,&quot;camera&quot;:&quot;&quot;,&quot;caption&quot;:&quot;&quot;,&quot;created_timestamp&quot;:&quot;0&quot;,&quot;copyright&quot;:&quot;&quot;,&quot;focal_length&quot;:&quot;0&quot;,&quot;iso&quot;:&quot;0&quot;,&quot;shutter_speed&quot;:&quot;0&quot;,&quot;title&quot;:&quot;&quot;}\" data-image-title=\"Alexis Mabille 2\" data-image-description=\"\" data-image-caption=\"\" data-medium-file=\"https:\/\/i0.wp.com\/www.moda.es\/blog\/wp-content\/uploads\/2013\/01\/Alexis-Mabille-2.jpg?fit=300%2C141\" data-large-file=\"https:\/\/i0.wp.com\/www.moda.es\/blog\/wp-content\/uploads\/2013\/01\/Alexis-Mabille-2.jpg?fit=500%2C236\" loading=\"lazy\" class=\"aligncenter size-full wp-image-10344\" alt=\"Alexis Mabille 2\" src=\"https:\/\/i0.wp.com\/www.moda.es\/blog\/wp-content\/uploads\/2013\/01\/Alexis-Mabille-2.jpg?resize=500%2C236\" width=\"500\" height=\"236\" srcset=\"https:\/\/i0.wp.com\/www.moda.es\/blog\/wp-content\/uploads\/2013\/01\/Alexis-Mabille-2.jpg?w=500 500w, https:\/\/i0.wp.com\/www.moda.es\/blog\/wp-content\/uploads\/2013\/01\/Alexis-Mabille-2.jpg?resize=300%2C141 300w\" sizes=\"(max-width: 500px) 100vw, 500px\" data-recalc-dims=\"1\" \/><\/a><\/p>\n<p style=\"text-align: center\"><a href=\"https:\/\/i0.wp.com\/www.moda.es\/blog\/wp-content\/uploads\/2013\/01\/Alexis-Mabille.jpg\"><img data-attachment-id=\"10345\" data-permalink=\"http:\/\/www.moda.es\/blog\/paris-alta-costura-ii\/alexis-mabille\/\" data-orig-file=\"https:\/\/i0.wp.com\/www.moda.es\/blog\/wp-content\/uploads\/2013\/01\/Alexis-Mabille.jpg?fit=500%2C236\" data-orig-size=\"500,236\" data-comments-opened=\"1\" data-image-meta=\"{&quot;aperture&quot;:&quot;0&quot;,&quot;credit&quot;:&quot;&quot;,&quot;camera&quot;:&quot;&quot;,&quot;caption&quot;:&quot;&quot;,&quot;created_timestamp&quot;:&quot;0&quot;,&quot;copyright&quot;:&quot;&quot;,&quot;focal_length&quot;:&quot;0&quot;,&quot;iso&quot;:&quot;0&quot;,&quot;shutter_speed&quot;:&quot;0&quot;,&quot;title&quot;:&quot;&quot;}\" data-image-title=\"Alexis Mabille\" data-image-description=\"\" data-image-caption=\"\" data-medium-file=\"https:\/\/i0.wp.com\/www.moda.es\/blog\/wp-content\/uploads\/2013\/01\/Alexis-Mabille.jpg?fit=300%2C141\" data-large-file=\"https:\/\/i0.wp.com\/www.moda.es\/blog\/wp-content\/uploads\/2013\/01\/Alexis-Mabille.jpg?fit=500%2C236\" loading=\"lazy\" class=\"aligncenter size-full wp-image-10345\" alt=\"Alexis Mabille\" src=\"https:\/\/i0.wp.com\/www.moda.es\/blog\/wp-content\/uploads\/2013\/01\/Alexis-Mabille.jpg?resize=500%2C236\" width=\"500\" height=\"236\" srcset=\"https:\/\/i0.wp.com\/www.moda.es\/blog\/wp-content\/uploads\/2013\/01\/Alexis-Mabille.jpg?w=500 500w, https:\/\/i0.wp.com\/www.moda.es\/blog\/wp-content\/uploads\/2013\/01\/Alexis-Mabille.jpg?resize=300%2C141 300w\" sizes=\"(max-width: 500px) 100vw, 500px\" data-recalc-dims=\"1\" \/><\/a><\/p>\n<p><strong>Jean Paul Gaultier<\/strong> ha cogido lo mejor del m\u00e1s tradicional estilo indio y lo ha fundido con referencias de diferentes partes del mundo (tambi\u00e9n de Espa\u00f1a), pero tambi\u00e9n es sexy, es gr\u00e1fico, est\u00e1 lleno de detalles, tiene volantes y transparencias y no olvida su m\u00edtico cors\u00e9, ni tampoco la magia&#8230; Su \u00faltimo vestido de novia escond\u00eda un secreto&#8230;<\/p>\n<p style=\"text-align: center\">\u00a0<a href=\"https:\/\/i0.wp.com\/www.moda.es\/blog\/wp-content\/uploads\/2013\/01\/Jean-Paul-Gaultier-1.jpg\" target=\"_blank\"><img data-attachment-id=\"10349\" data-permalink=\"http:\/\/www.moda.es\/blog\/paris-alta-costura-ii\/jean-paul-gaultier-1\/\" data-orig-file=\"https:\/\/i0.wp.com\/www.moda.es\/blog\/wp-content\/uploads\/2013\/01\/Jean-Paul-Gaultier-1.jpg?fit=500%2C236\" data-orig-size=\"500,236\" data-comments-opened=\"1\" data-image-meta=\"{&quot;aperture&quot;:&quot;0&quot;,&quot;credit&quot;:&quot;&quot;,&quot;camera&quot;:&quot;&quot;,&quot;caption&quot;:&quot;&quot;,&quot;created_timestamp&quot;:&quot;0&quot;,&quot;copyright&quot;:&quot;&quot;,&quot;focal_length&quot;:&quot;0&quot;,&quot;iso&quot;:&quot;0&quot;,&quot;shutter_speed&quot;:&quot;0&quot;,&quot;title&quot;:&quot;&quot;}\" data-image-title=\"Jean Paul Gaultier 1\" data-image-description=\"\" data-image-caption=\"\" data-medium-file=\"https:\/\/i0.wp.com\/www.moda.es\/blog\/wp-content\/uploads\/2013\/01\/Jean-Paul-Gaultier-1.jpg?fit=300%2C141\" data-large-file=\"https:\/\/i0.wp.com\/www.moda.es\/blog\/wp-content\/uploads\/2013\/01\/Jean-Paul-Gaultier-1.jpg?fit=500%2C236\" loading=\"lazy\" class=\"aligncenter size-full wp-image-10349\" alt=\"Jean Paul Gaultier 1\" src=\"https:\/\/i0.wp.com\/www.moda.es\/blog\/wp-content\/uploads\/2013\/01\/Jean-Paul-Gaultier-1.jpg?resize=500%2C236\" width=\"500\" height=\"236\" srcset=\"https:\/\/i0.wp.com\/www.moda.es\/blog\/wp-content\/uploads\/2013\/01\/Jean-Paul-Gaultier-1.jpg?w=500 500w, https:\/\/i0.wp.com\/www.moda.es\/blog\/wp-content\/uploads\/2013\/01\/Jean-Paul-Gaultier-1.jpg?resize=300%2C141 300w\" sizes=\"(max-width: 500px) 100vw, 500px\" data-recalc-dims=\"1\" \/><\/a><\/p>\n<p style=\"text-align: center\"><a href=\"https:\/\/i0.wp.com\/www.moda.es\/blog\/wp-content\/uploads\/2013\/01\/Jean-Paul-Gaultier-2.jpg\" target=\"_blank\"><img data-attachment-id=\"10350\" data-permalink=\"http:\/\/www.moda.es\/blog\/paris-alta-costura-ii\/jean-paul-gaultier-2\/\" data-orig-file=\"https:\/\/i0.wp.com\/www.moda.es\/blog\/wp-content\/uploads\/2013\/01\/Jean-Paul-Gaultier-2.jpg?fit=500%2C236\" data-orig-size=\"500,236\" data-comments-opened=\"1\" data-image-meta=\"{&quot;aperture&quot;:&quot;0&quot;,&quot;credit&quot;:&quot;&quot;,&quot;camera&quot;:&quot;&quot;,&quot;caption&quot;:&quot;&quot;,&quot;created_timestamp&quot;:&quot;0&quot;,&quot;copyright&quot;:&quot;&quot;,&quot;focal_length&quot;:&quot;0&quot;,&quot;iso&quot;:&quot;0&quot;,&quot;shutter_speed&quot;:&quot;0&quot;,&quot;title&quot;:&quot;&quot;}\" data-image-title=\"Jean Paul Gaultier 2\" data-image-description=\"\" data-image-caption=\"\" data-medium-file=\"https:\/\/i0.wp.com\/www.moda.es\/blog\/wp-content\/uploads\/2013\/01\/Jean-Paul-Gaultier-2.jpg?fit=300%2C141\" data-large-file=\"https:\/\/i0.wp.com\/www.moda.es\/blog\/wp-content\/uploads\/2013\/01\/Jean-Paul-Gaultier-2.jpg?fit=500%2C236\" loading=\"lazy\" class=\"aligncenter size-full wp-image-10350\" alt=\"Jean Paul Gaultier 2\" src=\"https:\/\/i0.wp.com\/www.moda.es\/blog\/wp-content\/uploads\/2013\/01\/Jean-Paul-Gaultier-2.jpg?resize=500%2C236\" width=\"500\" height=\"236\" srcset=\"https:\/\/i0.wp.com\/www.moda.es\/blog\/wp-content\/uploads\/2013\/01\/Jean-Paul-Gaultier-2.jpg?w=500 500w, https:\/\/i0.wp.com\/www.moda.es\/blog\/wp-content\/uploads\/2013\/01\/Jean-Paul-Gaultier-2.jpg?resize=300%2C141 300w\" sizes=\"(max-width: 500px) 100vw, 500px\" data-recalc-dims=\"1\" \/><\/a><\/p>\n<p>Para <strong>Elie Saab<\/strong> el tejido rey es el encaje, y lo emplea sin descanso tanto para jugar con su transparencia como para superponerlo sobre raso y seda o cubrirlo de lentejuelas. La colecci\u00f3n, salvo akgunas sakudas en negro y rojo, se viste en tonos empolvados: malva, celeste, blanco, gris perla, melocot\u00f3n&#8230; \u00bfQui\u00e9n la estrenar\u00e1 en la pr\u00f3xima alfombra roja de los Oscar?<\/p>\n<p style=\"text-align: center\">\u00a0<a href=\"https:\/\/i0.wp.com\/www.moda.es\/blog\/wp-content\/uploads\/2013\/01\/Elie-Saab-2.jpg\" target=\"_blank\"><img data-attachment-id=\"10346\" data-permalink=\"http:\/\/www.moda.es\/blog\/paris-alta-costura-ii\/elie-saab-2\/\" data-orig-file=\"https:\/\/i0.wp.com\/www.moda.es\/blog\/wp-content\/uploads\/2013\/01\/Elie-Saab-2.jpg?fit=500%2C236\" data-orig-size=\"500,236\" data-comments-opened=\"1\" data-image-meta=\"{&quot;aperture&quot;:&quot;0&quot;,&quot;credit&quot;:&quot;&quot;,&quot;camera&quot;:&quot;&quot;,&quot;caption&quot;:&quot;&quot;,&quot;created_timestamp&quot;:&quot;0&quot;,&quot;copyright&quot;:&quot;&quot;,&quot;focal_length&quot;:&quot;0&quot;,&quot;iso&quot;:&quot;0&quot;,&quot;shutter_speed&quot;:&quot;0&quot;,&quot;title&quot;:&quot;&quot;}\" data-image-title=\"Elie Saab 2\" data-image-description=\"\" data-image-caption=\"\" data-medium-file=\"https:\/\/i0.wp.com\/www.moda.es\/blog\/wp-content\/uploads\/2013\/01\/Elie-Saab-2.jpg?fit=300%2C141\" data-large-file=\"https:\/\/i0.wp.com\/www.moda.es\/blog\/wp-content\/uploads\/2013\/01\/Elie-Saab-2.jpg?fit=500%2C236\" loading=\"lazy\" class=\"aligncenter size-full wp-image-10346\" alt=\"Elie Saab 2\" src=\"https:\/\/i0.wp.com\/www.moda.es\/blog\/wp-content\/uploads\/2013\/01\/Elie-Saab-2.jpg?resize=500%2C236\" width=\"500\" height=\"236\" srcset=\"https:\/\/i0.wp.com\/www.moda.es\/blog\/wp-content\/uploads\/2013\/01\/Elie-Saab-2.jpg?w=500 500w, https:\/\/i0.wp.com\/www.moda.es\/blog\/wp-content\/uploads\/2013\/01\/Elie-Saab-2.jpg?resize=300%2C141 300w\" sizes=\"(max-width: 500px) 100vw, 500px\" data-recalc-dims=\"1\" \/><\/a><\/p>\n<p style=\"text-align: center\"><a href=\"https:\/\/i0.wp.com\/www.moda.es\/blog\/wp-content\/uploads\/2013\/01\/Elie-Saab.jpg\" target=\"_blank\"><img data-attachment-id=\"10347\" data-permalink=\"http:\/\/www.moda.es\/blog\/paris-alta-costura-ii\/elie-saab\/\" data-orig-file=\"https:\/\/i0.wp.com\/www.moda.es\/blog\/wp-content\/uploads\/2013\/01\/Elie-Saab.jpg?fit=500%2C236\" data-orig-size=\"500,236\" data-comments-opened=\"1\" data-image-meta=\"{&quot;aperture&quot;:&quot;0&quot;,&quot;credit&quot;:&quot;&quot;,&quot;camera&quot;:&quot;&quot;,&quot;caption&quot;:&quot;&quot;,&quot;created_timestamp&quot;:&quot;0&quot;,&quot;copyright&quot;:&quot;&quot;,&quot;focal_length&quot;:&quot;0&quot;,&quot;iso&quot;:&quot;0&quot;,&quot;shutter_speed&quot;:&quot;0&quot;,&quot;title&quot;:&quot;&quot;}\" data-image-title=\"Elie Saab\" data-image-description=\"\" data-image-caption=\"\" data-medium-file=\"https:\/\/i0.wp.com\/www.moda.es\/blog\/wp-content\/uploads\/2013\/01\/Elie-Saab.jpg?fit=300%2C141\" data-large-file=\"https:\/\/i0.wp.com\/www.moda.es\/blog\/wp-content\/uploads\/2013\/01\/Elie-Saab.jpg?fit=500%2C236\" loading=\"lazy\" class=\"aligncenter size-full wp-image-10347\" alt=\"Elie Saab\" src=\"https:\/\/i0.wp.com\/www.moda.es\/blog\/wp-content\/uploads\/2013\/01\/Elie-Saab.jpg?resize=500%2C236\" width=\"500\" height=\"236\" srcset=\"https:\/\/i0.wp.com\/www.moda.es\/blog\/wp-content\/uploads\/2013\/01\/Elie-Saab.jpg?w=500 500w, https:\/\/i0.wp.com\/www.moda.es\/blog\/wp-content\/uploads\/2013\/01\/Elie-Saab.jpg?resize=300%2C141 300w\" sizes=\"(max-width: 500px) 100vw, 500px\" data-recalc-dims=\"1\" \/><\/a><\/p>\n<p><strong>Valentino<\/strong> tambi\u00e9n se apunta al tr\u00edo crom\u00e1tico. Blanco, negro y rojo en una colecci\u00f3n inspirada en jardines encantados y rom\u00e1nticos bosques, evocadora, delicada y ultrafemenina basada en tejidos vaporosos que se visten en capas y se cubren de bordados y encaje o el sat\u00e9n m\u00e1s rotundo con la mejor ca\u00edda.<\/p>\n<p style=\"text-align: center\"><a href=\"https:\/\/i0.wp.com\/www.moda.es\/blog\/wp-content\/uploads\/2013\/01\/Valentino-2.jpg\" target=\"_blank\"><img data-attachment-id=\"10340\" data-permalink=\"http:\/\/www.moda.es\/blog\/paris-alta-costura-ii\/valentino-2\/\" data-orig-file=\"https:\/\/i0.wp.com\/www.moda.es\/blog\/wp-content\/uploads\/2013\/01\/Valentino-2.jpg?fit=500%2C236\" data-orig-size=\"500,236\" data-comments-opened=\"1\" data-image-meta=\"{&quot;aperture&quot;:&quot;0&quot;,&quot;credit&quot;:&quot;&quot;,&quot;camera&quot;:&quot;&quot;,&quot;caption&quot;:&quot;&quot;,&quot;created_timestamp&quot;:&quot;0&quot;,&quot;copyright&quot;:&quot;&quot;,&quot;focal_length&quot;:&quot;0&quot;,&quot;iso&quot;:&quot;0&quot;,&quot;shutter_speed&quot;:&quot;0&quot;,&quot;title&quot;:&quot;&quot;}\" data-image-title=\"Valentino 2\" data-image-description=\"\" data-image-caption=\"\" data-medium-file=\"https:\/\/i0.wp.com\/www.moda.es\/blog\/wp-content\/uploads\/2013\/01\/Valentino-2.jpg?fit=300%2C141\" data-large-file=\"https:\/\/i0.wp.com\/www.moda.es\/blog\/wp-content\/uploads\/2013\/01\/Valentino-2.jpg?fit=500%2C236\" loading=\"lazy\" class=\"aligncenter size-full wp-image-10340\" alt=\"Valentino 2\" src=\"https:\/\/i0.wp.com\/www.moda.es\/blog\/wp-content\/uploads\/2013\/01\/Valentino-2.jpg?resize=500%2C236\" width=\"500\" height=\"236\" srcset=\"https:\/\/i0.wp.com\/www.moda.es\/blog\/wp-content\/uploads\/2013\/01\/Valentino-2.jpg?w=500 500w, https:\/\/i0.wp.com\/www.moda.es\/blog\/wp-content\/uploads\/2013\/01\/Valentino-2.jpg?resize=300%2C141 300w\" sizes=\"(max-width: 500px) 100vw, 500px\" data-recalc-dims=\"1\" \/><\/a><\/p>\n<p style=\"text-align: center\"><a href=\"https:\/\/i0.wp.com\/www.moda.es\/blog\/wp-content\/uploads\/2013\/01\/Valentino.jpg\" target=\"_blank\"><img data-attachment-id=\"10341\" data-permalink=\"http:\/\/www.moda.es\/blog\/paris-alta-costura-ii\/valentino\/\" data-orig-file=\"https:\/\/i0.wp.com\/www.moda.es\/blog\/wp-content\/uploads\/2013\/01\/Valentino.jpg?fit=500%2C236\" data-orig-size=\"500,236\" data-comments-opened=\"1\" data-image-meta=\"{&quot;aperture&quot;:&quot;0&quot;,&quot;credit&quot;:&quot;&quot;,&quot;camera&quot;:&quot;&quot;,&quot;caption&quot;:&quot;&quot;,&quot;created_timestamp&quot;:&quot;0&quot;,&quot;copyright&quot;:&quot;&quot;,&quot;focal_length&quot;:&quot;0&quot;,&quot;iso&quot;:&quot;0&quot;,&quot;shutter_speed&quot;:&quot;0&quot;,&quot;title&quot;:&quot;&quot;}\" data-image-title=\"Valentino\" data-image-description=\"\" data-image-caption=\"\" data-medium-file=\"https:\/\/i0.wp.com\/www.moda.es\/blog\/wp-content\/uploads\/2013\/01\/Valentino.jpg?fit=300%2C141\" data-large-file=\"https:\/\/i0.wp.com\/www.moda.es\/blog\/wp-content\/uploads\/2013\/01\/Valentino.jpg?fit=500%2C236\" loading=\"lazy\" class=\"aligncenter size-full wp-image-10341\" alt=\"Valentino\" src=\"https:\/\/i0.wp.com\/www.moda.es\/blog\/wp-content\/uploads\/2013\/01\/Valentino.jpg?resize=500%2C236\" width=\"500\" height=\"236\" srcset=\"https:\/\/i0.wp.com\/www.moda.es\/blog\/wp-content\/uploads\/2013\/01\/Valentino.jpg?w=500 500w, https:\/\/i0.wp.com\/www.moda.es\/blog\/wp-content\/uploads\/2013\/01\/Valentino.jpg?resize=300%2C141 300w\" sizes=\"(max-width: 500px) 100vw, 500px\" data-recalc-dims=\"1\" \/><\/a><\/p>\n<p>&nbsp;<\/p>\n<p>\u00bfQu\u00e9 te ha parecido? \u00bfCu\u00e1l ha sido en tu opini\u00f3n el mejor desfile?<\/p>\n<p>&nbsp;<\/p>\n<p>\u00a9Style<\/p>\n<p>&nbsp;<\/p>\n<p>&nbsp;<\/p>\n","protected":false},"excerpt":{"rendered":"<p>Termina la Alta Costura con las \u00faltimas propuestas. &nbsp; En general las firmas nos han dejado satisfechos, m\u00e1s quiz\u00e1s que en otras ocasiones, y se van dej\u00e1ndonos ganas de m\u00e1s. M\u00e1s fantas\u00eda, m\u00e1s tejidos incre\u00edbles, m\u00e1s opulencia, m\u00e1s\u00a0 savor fair y conocimiento de la costura y la construcci\u00f3n de un [&hellip;]<\/p>\n","protected":false},"author":3,"featured_media":16939,"comment_status":"open","ping_status":"open","sticky":false,"template":"","format":"standard","meta":{"jetpack_publicize_message":"","jetpack_is_tweetstorm":false,"jetpack_publicize_feature_enabled":true},"categories":[23],"tags":[67,294,423,914],"jetpack_publicize_connections":[],"jetpack_featured_media_url":"https:\/\/i0.wp.com\/www.moda.es\/blog\/wp-content\/uploads\/2013\/01\/Alexis-Mabille-21.jpg?fit=500%2C236","jetpack_sharing_enabled":true,"jetpack_shortlink":"https:\/\/wp.me\/p4tJCC-2GH","jetpack-related-posts":[{"id":19651,"url":"http:\/\/www.moda.es\/blog\/yves-saint-laurent-volvera-a-hacer-alta-costura\/","url_meta":{"origin":10335,"position":0},"title":"Yves Saint Laurent volver\u00e1 a hacer Alta Costura","date":"agosto 1, 2015","format":false,"excerpt":"Yves Saint Laurent ha anunciado que\u00a0tiene previsto regresar a la Alta Costura\u00a0por primera vez despu\u00e9s de m\u00e1s de una d\u00e9cada. La casa francesa, que en el pasado mostr\u00f3 una colecci\u00f3n de Alta Costura creada por el fundador en 2002, justo antes de su retiro, a\u00fan no ha confirmado si va\u2026","rel":"","context":"En \u00abColecciones\u00bb","img":{"alt_text":"","src":"https:\/\/i0.wp.com\/www.moda.es\/blog\/wp-content\/uploads\/2015\/08\/Captura-de-pantalla-2015-08-01-a-las-16.13.31.png?fit=277%2C378&resize=350%2C200","width":350,"height":200},"classes":[]},{"id":13235,"url":"http:\/\/www.moda.es\/blog\/lo-mejor-de-la-semana-de-la-alta-costura-ii\/","url_meta":{"origin":10335,"position":1},"title":"Lo mejor de la Semana de la Alta Costura (II)","date":"julio 6, 2013","format":false,"excerpt":"Ayer te mostr\u00e9 algunas pinceladas de lo que se ha visto en la Semana de la Costura para la temporada Oto\u00f1o - Invierno 2013 pero seguro que te has quedado con ganas de saber m\u00e1s, \u00bfverdad? El detalle m\u00e1s llamativo de la colecci\u00f3n de alta costura de Giorgio Armani fueron\u2026","rel":"","context":"En \u00abColecciones\u00bb","img":{"alt_text":"","src":"https:\/\/i0.wp.com\/www.moda.es\/blog\/wp-content\/uploads\/2013\/07\/Armani-Prive.jpg?fit=400%2C267&resize=350%2C200","width":350,"height":200},"classes":[]},{"id":21693,"url":"http:\/\/www.moda.es\/blog\/versace-anuncia-su-retirada-de-la-pasarela-de-costura\/","url_meta":{"origin":10335,"position":2},"title":"Versace anuncia su retirada de la pasarela de Costura","date":"enero 18, 2017","format":false,"excerpt":"La fr\u00e1gil industria de la Alta Costura\u00a0va a perder a una de sus marcas habituales\u00a0en sus pr\u00f3ximas temporadas: Versace ha decidido quedarse fuera de la semana de Couture, seg\u00fan un comunicado de la firma italiana. El Atelier Versace, que no est\u00e1 radicado en Francia, es un miembro corresponsal de la\u2026","rel":"","context":"En \u00abActualidad\u00bb","img":{"alt_text":"","src":"https:\/\/i0.wp.com\/www.moda.es\/blog\/wp-content\/uploads\/2017\/01\/Captura-de-pantalla-2017-01-17-a-las-23.52.38.png?fit=526%2C350&resize=350%2C200","width":350,"height":200},"classes":[]},{"id":20678,"url":"http:\/\/www.moda.es\/blog\/vetements-desfilara-en-la-semana-de-la-alta-costura-de-paris\/","url_meta":{"origin":10335,"position":3},"title":"Vetements desfilar\u00e1 en la Semana de la Alta Costura de Par\u00eds","date":"mayo 19, 2016","format":false,"excerpt":"La marca francesa de moda urbana Vetements\u00a0ha recibido\u00a0una invitaci\u00f3n especial para\u00a0desfilar en la semana de la Costura de Par\u00eds\u00a0de julio, de\u00a0la C\u00e1mara Sindical de la Alta Costura, el \u00f3rgano de gobierno de Francia para la industria de la moda. \u00a0 Demna Gvasalia\u00a0director creativo y portavoz de la marca, que funciona\u2026","rel":"","context":"En \u00abActualidad\u00bb","img":{"alt_text":"","src":"https:\/\/i0.wp.com\/www.moda.es\/blog\/wp-content\/uploads\/2016\/05\/Captura-de-pantalla-2016-05-19-a-las-21.57.21.png?fit=286%2C439&resize=350%2C200","width":350,"height":200},"classes":[]},{"id":13294,"url":"http:\/\/www.moda.es\/blog\/dolce-gabbana-alta-moda-aun-queda-alta-costura\/","url_meta":{"origin":10335,"position":4},"title":"Dolce &amp; Gabbana Alta Moda, Alta Costura italiana","date":"julio 11, 2013","format":false,"excerpt":"La tercera colecci\u00f3n de Alta Costura de Dolce\u00a0 & Gabbana fue presentada bajo los\u00a0 ornamentos de un par de palacios venecianos del siglo XV adyacentes con vistas al Gran Canal y ante una selecta audiencia. La colecci\u00f3n, ultra femenina y cl\u00e1sica aunque totalmente contempor\u00e1nea en su construcci\u00f3n y en la\u2026","rel":"","context":"En \u00abColecciones\u00bb","img":{"alt_text":"","src":"https:\/\/i0.wp.com\/www.moda.es\/blog\/wp-content\/uploads\/2013\/07\/Dolce-and-Gabbana-Alta-Moda-1.jpg?fit=400%2C654&resize=350%2C200","width":350,"height":200},"classes":[]},{"id":19090,"url":"http:\/\/www.moda.es\/blog\/nuevos-vientos-en-la-alta-costura\/","url_meta":{"origin":10335,"position":5},"title":"Nuevos vientos en la Alta Costura","date":"febrero 28, 2015","format":false,"excerpt":"Si a pesar de que siempre nos deja sin habla necesitabas un poquito m\u00e1s de Lagerfeld en la Alta Costura, est\u00e1s de suerte. Fendi har\u00e1 su debut en el calendario de Alta Costura de Par\u00eds en julio. La casa de moda italiana dar\u00e1 a conocer la primera\u00a0colecci\u00f3n Haute Fourrure, rindiendo\u2026","rel":"","context":"En \u00abActualidad\u00bb","img":{"alt_text":"","src":"https:\/\/i0.wp.com\/www.moda.es\/blog\/wp-content\/uploads\/2015\/02\/fendi.jpg?fit=650%2C650&resize=350%2C200","width":350,"height":200},"classes":[]}],"_links":{"self":[{"href":"http:\/\/www.moda.es\/blog\/wp-json\/wp\/v2\/posts\/10335"}],"collection":[{"href":"http:\/\/www.moda.es\/blog\/wp-json\/wp\/v2\/posts"}],"about":[{"href":"http:\/\/www.moda.es\/blog\/wp-json\/wp\/v2\/types\/post"}],"author":[{"embeddable":true,"href":"http:\/\/www.moda.es\/blog\/wp-json\/wp\/v2\/users\/3"}],"replies":[{"embeddable":true,"href":"http:\/\/www.moda.es\/blog\/wp-json\/wp\/v2\/comments?post=10335"}],"version-history":[{"count":5,"href":"http:\/\/www.moda.es\/blog\/wp-json\/wp\/v2\/posts\/10335\/revisions"}],"predecessor-version":[{"id":36721,"href":"http:\/\/www.moda.es\/blog\/wp-json\/wp\/v2\/posts\/10335\/revisions\/36721"}],"wp:featuredmedia":[{"embeddable":true,"href":"http:\/\/www.moda.es\/blog\/wp-json\/wp\/v2\/media\/16939"}],"wp:attachment":[{"href":"http:\/\/www.moda.es\/blog\/wp-json\/wp\/v2\/media?parent=10335"}],"wp:term":[{"taxonomy":"category","embeddable":true,"href":"http:\/\/www.moda.es\/blog\/wp-json\/wp\/v2\/categories?post=10335"},{"taxonomy":"post_tag","embeddable":true,"href":"http:\/\/www.moda.es\/blog\/wp-json\/wp\/v2\/tags?post=10335"}],"curies":[{"name":"wp","href":"https:\/\/api.w.org\/{rel}","templated":true}]}}