{"id":10246,"date":"2013-01-17T21:37:34","date_gmt":"2013-01-17T20:37:34","guid":{"rendered":"http:\/\/www.moda.es\/blog\/?p=10246"},"modified":"2020-04-27T18:27:12","modified_gmt":"2020-04-27T17:27:12","slug":"vaqueros-anticeluliticos","status":"publish","type":"post","link":"http:\/\/www.moda.es\/blog\/vaqueros-anticeluliticos\/","title":{"rendered":"\u00bfVaqueros anticelul\u00edticos?"},"content":{"rendered":"<p style=\"text-align: center\"><a href=\"https:\/\/i0.wp.com\/www.moda.es\/blog\/wp-content\/uploads\/2013\/01\/Wrangler-Moisturizing-Jeans-2.jpg\" target=\"_blank\"><img data-attachment-id=\"10250\" data-permalink=\"http:\/\/www.moda.es\/blog\/vaqueros-anticeluliticos\/wrangler-moisturizing-jeans-2\/\" data-orig-file=\"https:\/\/i0.wp.com\/www.moda.es\/blog\/wp-content\/uploads\/2013\/01\/Wrangler-Moisturizing-Jeans-2.jpg?fit=500%2C276\" data-orig-size=\"500,276\" data-comments-opened=\"1\" data-image-meta=\"{&quot;aperture&quot;:&quot;0&quot;,&quot;credit&quot;:&quot;&quot;,&quot;camera&quot;:&quot;&quot;,&quot;caption&quot;:&quot;&quot;,&quot;created_timestamp&quot;:&quot;0&quot;,&quot;copyright&quot;:&quot;&quot;,&quot;focal_length&quot;:&quot;0&quot;,&quot;iso&quot;:&quot;0&quot;,&quot;shutter_speed&quot;:&quot;0&quot;,&quot;title&quot;:&quot;&quot;}\" data-image-title=\"Wrangler-Moisturizing-Jeans-2\" data-image-description=\"\" data-image-caption=\"\" data-medium-file=\"https:\/\/i0.wp.com\/www.moda.es\/blog\/wp-content\/uploads\/2013\/01\/Wrangler-Moisturizing-Jeans-2.jpg?fit=300%2C165\" data-large-file=\"https:\/\/i0.wp.com\/www.moda.es\/blog\/wp-content\/uploads\/2013\/01\/Wrangler-Moisturizing-Jeans-2.jpg?fit=500%2C276\" loading=\"lazy\" class=\"aligncenter size-full wp-image-10250\" alt=\"Wrangler-Moisturizing-Jeans-2\" src=\"https:\/\/i0.wp.com\/www.moda.es\/blog\/wp-content\/uploads\/2013\/01\/Wrangler-Moisturizing-Jeans-2.jpg?resize=500%2C276\" width=\"500\" height=\"276\" srcset=\"https:\/\/i0.wp.com\/www.moda.es\/blog\/wp-content\/uploads\/2013\/01\/Wrangler-Moisturizing-Jeans-2.jpg?w=500 500w, https:\/\/i0.wp.com\/www.moda.es\/blog\/wp-content\/uploads\/2013\/01\/Wrangler-Moisturizing-Jeans-2.jpg?resize=300%2C165 300w\" sizes=\"(max-width: 500px) 100vw, 500px\" data-recalc-dims=\"1\" \/><\/a><\/p>\n<p>&nbsp;<\/p>\n<p>Ni cremas, ni pastillas, ni fajas reductoras. Se acabo el andar estrangulada con la lencer\u00eda moldeadora y el vivir esclava de los productos milagro, el secreto para lucir una silueta y una piel perfectas est\u00e1 en los nuevos pantalones <strong>Denim Spa<\/strong> de <strong>Wrangler<\/strong>.<\/p>\n<p>&nbsp;<\/p>\n<p>El objetivo de estos jeans es reducir hidratar, prevenir la sensaci\u00f3n de sequedad y las rozaduras y suavizar la piel sensible, pero lo que volver\u00e1 locas a todas las mujeres es su acci\u00f3n contra la <strong>celulitis<\/strong>.<\/p>\n<p>Los efectos hidratantes son posibles gracias a sus versiones <strong>Aloe Vera<\/strong> y <strong>Olive Extract, <\/strong>realizados a base de aceite de hueso de albaricoque, aceite de fruta de la pasi\u00f3n, l aceite de rosa mosqueta, manteca de karit\u00e9 y Mono\u00ef de Tahiti, extra\u00eddo de las yemas de las flores de Tiare empapadas en aceite de coco refinado.<\/p>\n<p style=\"text-align: center\">\u00a0<a href=\"https:\/\/i0.wp.com\/www.moda.es\/blog\/wp-content\/uploads\/2013\/01\/Wrangler-Lizzy-Jagger.jpg\" target=\"_blank\"><img data-attachment-id=\"10249\" data-permalink=\"http:\/\/www.moda.es\/blog\/vaqueros-anticeluliticos\/wrangler-lizzy-jagger\/\" data-orig-file=\"https:\/\/i0.wp.com\/www.moda.es\/blog\/wp-content\/uploads\/2013\/01\/Wrangler-Lizzy-Jagger.jpg?fit=500%2C750\" data-orig-size=\"500,750\" data-comments-opened=\"1\" data-image-meta=\"{&quot;aperture&quot;:&quot;0&quot;,&quot;credit&quot;:&quot;&quot;,&quot;camera&quot;:&quot;&quot;,&quot;caption&quot;:&quot;&quot;,&quot;created_timestamp&quot;:&quot;0&quot;,&quot;copyright&quot;:&quot;&quot;,&quot;focal_length&quot;:&quot;0&quot;,&quot;iso&quot;:&quot;0&quot;,&quot;shutter_speed&quot;:&quot;0&quot;,&quot;title&quot;:&quot;&quot;}\" data-image-title=\"Wrangler &#8211; Lizzy Jagger\" data-image-description=\"\" data-image-caption=\"\" data-medium-file=\"https:\/\/i0.wp.com\/www.moda.es\/blog\/wp-content\/uploads\/2013\/01\/Wrangler-Lizzy-Jagger.jpg?fit=200%2C300\" data-large-file=\"https:\/\/i0.wp.com\/www.moda.es\/blog\/wp-content\/uploads\/2013\/01\/Wrangler-Lizzy-Jagger.jpg?fit=500%2C750\" loading=\"lazy\" class=\"aligncenter  wp-image-10249\" alt=\"Wrangler - Lizzy Jagger\" src=\"https:\/\/i0.wp.com\/www.moda.es\/blog\/wp-content\/uploads\/2013\/01\/Wrangler-Lizzy-Jagger.jpg?resize=300%2C450\" width=\"300\" height=\"450\" srcset=\"https:\/\/i0.wp.com\/www.moda.es\/blog\/wp-content\/uploads\/2013\/01\/Wrangler-Lizzy-Jagger.jpg?w=500 500w, https:\/\/i0.wp.com\/www.moda.es\/blog\/wp-content\/uploads\/2013\/01\/Wrangler-Lizzy-Jagger.jpg?resize=200%2C300 200w\" sizes=\"(max-width: 300px) 100vw, 300px\" data-recalc-dims=\"1\" \/><\/a><\/p>\n<p>&nbsp;<\/p>\n<p><strong>Smooth Legs<\/strong>, el rey de este lanzamiento, ayuda a reducir la temida piel de naranja gracias a una infusi\u00f3n de extractos de algas, retinol y cafe\u00edna. Los resultados fueron probados cl\u00ednicamente por el <strong>Institut Adriant<\/strong> de <strong>Francia<\/strong>, donde tras cuatro semanas de usar los pantalones durante ocho horas al d\u00eda, cinco d\u00edas a la semana durante seis semanas, el 69% de las usuarias afirm\u00f3 que la apariencia de sus muslos hab\u00eda mejorado.<\/p>\n<p>&nbsp;<\/p>\n<p>Para presentar estos revolucionarios vaqueros Wrangler ha escogido a Lizzie Jagger. Hac\u00eda bastante que no sab\u00edamos nada de la hija de <strong>Mick Jagger<\/strong> y su vuelta al mundo de la moda ha sido como imagen de esta nueva colecci\u00f3n.<\/p>\n<p>\u00abDefinitivamente la sensaci\u00f3n es mucho m\u00e1s fresca que con los pantalones vaqueros normales\u00bb, afirma Lizzie Jagger. \u00abDespu\u00e9s de un d\u00eda llev\u00e1ndolos, siento mis piernas genial, mucho m\u00e1s suaves que de costumbre.\u00bb<\/p>\n<p style=\"text-align: center\">\u00a0<a href=\"https:\/\/i0.wp.com\/www.moda.es\/blog\/wp-content\/uploads\/2013\/01\/lizzie-jagger-wrangler.jpg\" target=\"_blank\"><img data-attachment-id=\"10248\" data-permalink=\"http:\/\/www.moda.es\/blog\/vaqueros-anticeluliticos\/lizzie-jagger-wrangler\/\" data-orig-file=\"https:\/\/i0.wp.com\/www.moda.es\/blog\/wp-content\/uploads\/2013\/01\/lizzie-jagger-wrangler.jpg?fit=500%2C750\" data-orig-size=\"500,750\" data-comments-opened=\"1\" data-image-meta=\"{&quot;aperture&quot;:&quot;0&quot;,&quot;credit&quot;:&quot;&quot;,&quot;camera&quot;:&quot;&quot;,&quot;caption&quot;:&quot;&quot;,&quot;created_timestamp&quot;:&quot;0&quot;,&quot;copyright&quot;:&quot;&quot;,&quot;focal_length&quot;:&quot;0&quot;,&quot;iso&quot;:&quot;0&quot;,&quot;shutter_speed&quot;:&quot;0&quot;,&quot;title&quot;:&quot;&quot;}\" data-image-title=\"lizzie-jagger-wrangler\" data-image-description=\"\" data-image-caption=\"\" data-medium-file=\"https:\/\/i0.wp.com\/www.moda.es\/blog\/wp-content\/uploads\/2013\/01\/lizzie-jagger-wrangler.jpg?fit=200%2C300\" data-large-file=\"https:\/\/i0.wp.com\/www.moda.es\/blog\/wp-content\/uploads\/2013\/01\/lizzie-jagger-wrangler.jpg?fit=500%2C750\" loading=\"lazy\" class=\"aligncenter  wp-image-10248\" alt=\"lizzie-jagger-wrangler\" src=\"https:\/\/i0.wp.com\/www.moda.es\/blog\/wp-content\/uploads\/2013\/01\/lizzie-jagger-wrangler.jpg?resize=300%2C430\" width=\"300\" height=\"430\" data-recalc-dims=\"1\" \/><\/a><\/p>\n<p>&nbsp;<\/p>\n<p>Esta prenda cosm\u00e9tica saldr\u00e1 a la venta el pr\u00f3ximo <strong>28 de enero<\/strong> en Asos.com con un precio de \u00a385. Tambi\u00e9n podr\u00e1s adquirir un spray para renovar sus efectos tras el uso, una f\u00f3rmula que permanece en los pantalones <strong>entre 67 y 95 puestas<\/strong>.<\/p>\n<p>&nbsp;<\/p>\n<p>\u00bfQu\u00e9 opinas? \u00bfConfiar\u00edas en sus efectos?<\/p>\n<p>&nbsp;<\/p>\n<p>\u00a9Wrangler<\/p>\n<p>&nbsp;<\/p>\n<p>&nbsp;<\/p>\n","protected":false},"excerpt":{"rendered":"<p>&nbsp; Ni cremas, ni pastillas, ni fajas reductoras. Se acabo el andar estrangulada con la lencer\u00eda moldeadora y el vivir esclava de los productos milagro, el secreto para lucir una silueta y una piel perfectas est\u00e1 en los nuevos pantalones Denim Spa de Wrangler. &nbsp; El objetivo de estos jeans [&hellip;]<\/p>\n","protected":false},"author":3,"featured_media":10250,"comment_status":"open","ping_status":"open","sticky":false,"template":"","format":"standard","meta":{"jetpack_publicize_message":"","jetpack_is_tweetstorm":false,"jetpack_publicize_feature_enabled":true},"categories":[6,14],"tags":[950],"jetpack_publicize_connections":[],"jetpack_featured_media_url":"https:\/\/i0.wp.com\/www.moda.es\/blog\/wp-content\/uploads\/2013\/01\/Wrangler-Moisturizing-Jeans-2.jpg?fit=500%2C276","jetpack_sharing_enabled":true,"jetpack_shortlink":"https:\/\/wp.me\/p4tJCC-2Fg","jetpack-related-posts":[{"id":2768,"url":"http:\/\/www.moda.es\/blog\/la-marca-del-vaquero\/","url_meta":{"origin":10246,"position":0},"title":"La marca del vaquero","date":"agosto 2, 2011","format":false,"excerpt":"En el post de ayer sobre Steve McQueen como icono de la masculinidad elegante, citaba la marca de camisas Wrangler. Pero esta etiqueta de\u00a0camisas con nacionalidad de los Estados Unidos, tambi\u00e9n es el nombre de unos pantalones vaqueros. Y es que la firma empez\u00f3 a ser conocida por sus pantalones\u2026","rel":"","context":"En \u00abFirmas\u00bb","img":{"alt_text":"","src":"https:\/\/i0.wp.com\/www.lavidadeserendipity.com\/alamode\/wp-content\/uploads\/2011\/01\/Wrangler-SS2011-2.jpg?resize=350%2C200","width":350,"height":200},"classes":[]},{"id":3504,"url":"http:\/\/www.moda.es\/blog\/el-invierno-preppy-de-bimba-lola\/","url_meta":{"origin":10246,"position":1},"title":"El invierno &#8216;preppy&#8217; de Bimba &#038; Lola","date":"septiembre 27, 2011","format":false,"excerpt":"Como salidas de uno de esos college de la costa Este de los Estados Unidos (pongamos Boston). As\u00ed son las chicas de Bimba & Lola para este oto\u00f1o\/ invierno 2011\/ 2012, seg\u00fan su look-book. El estilo preppy de camisas abotonadas hasta el cuello, pantalones capri con raya, faldas por la\u2026","rel":"","context":"En \u00abFirmas\u00bb","img":{"alt_text":"","src":"https:\/\/i0.wp.com\/www.moda.es\/blog\/wp-content\/uploads\/2011\/09\/bolsos_bimbaylola_111.jpg?fit=500%2C394&resize=350%2C200","width":350,"height":200},"classes":[]},{"id":14738,"url":"http:\/\/www.moda.es\/blog\/fendibug\/","url_meta":{"origin":10246,"position":2},"title":"Descubre a Bug, el \u00faltimo capricho de Fendi","date":"noviembre 5, 2013","format":false,"excerpt":"\u00bfHas comprado recientemente un bolso de Fendi? Entonces ya estar\u00e1s acostumbrada a que tu compa\u00f1ero de fatigas diarias te mire fijamente... La marca italiana ha a\u00f1adido a su \u00faltima colecci\u00f3n una mirada desafiante, descarada, curiosa o t\u00edmida... Tanto en bolsos como en bailarinas, monederos y carteras, los accesorios de esta\u2026","rel":"","context":"En \u00abAccesorios\u00bb","img":{"alt_text":"","src":"https:\/\/i0.wp.com\/www.moda.es\/blog\/wp-content\/uploads\/2013\/11\/Fendi-14.jpg?fit=400%2C292&resize=350%2C200","width":350,"height":200},"classes":[]},{"id":19949,"url":"http:\/\/www.moda.es\/blog\/oscar-de-la-renta-niega-las-acusaciones-de-peta\/","url_meta":{"origin":10246,"position":3},"title":"Oscar de la Renta niega las acusaciones de PETA","date":"noviembre 7, 2015","format":false,"excerpt":"Oscar de la Renta ha refutado en\u00e9rgicamente las afirmaciones de PETA\u00a0de que utiliza piel de elefante en sus productos. La organizaci\u00f3n de protecci\u00f3n animal aleg\u00f3 que la web de descuentos de prendas de dise\u00f1ador Gilt, estaba vendiendo un modelo de zapatos de Oscar de la Renta confeccionados con la piel\u2026","rel":"","context":"En \u00abActualidad\u00bb","img":{"alt_text":"","src":"https:\/\/i0.wp.com\/www.moda.es\/blog\/wp-content\/uploads\/2015\/11\/Captura-de-pantalla-2015-11-07-a-las-0.42.06.png?fit=323%2C483&resize=350%2C200","width":350,"height":200},"classes":[]},{"id":19090,"url":"http:\/\/www.moda.es\/blog\/nuevos-vientos-en-la-alta-costura\/","url_meta":{"origin":10246,"position":4},"title":"Nuevos vientos en la Alta Costura","date":"febrero 28, 2015","format":false,"excerpt":"Si a pesar de que siempre nos deja sin habla necesitabas un poquito m\u00e1s de Lagerfeld en la Alta Costura, est\u00e1s de suerte. Fendi har\u00e1 su debut en el calendario de Alta Costura de Par\u00eds en julio. La casa de moda italiana dar\u00e1 a conocer la primera\u00a0colecci\u00f3n Haute Fourrure, rindiendo\u2026","rel":"","context":"En \u00abActualidad\u00bb","img":{"alt_text":"","src":"https:\/\/i0.wp.com\/www.moda.es\/blog\/wp-content\/uploads\/2015\/02\/fendi.jpg?fit=650%2C650&resize=350%2C200","width":350,"height":200},"classes":[]},{"id":18326,"url":"http:\/\/www.moda.es\/blog\/las-curvas-de-blanca-suarez\/","url_meta":{"origin":10246,"position":5},"title":"Las curvas de Blanca Su\u00e1rez&#8230;","date":"septiembre 26, 2014","format":false,"excerpt":"...se las debe a Manuela, el \u00faltimo gran invento de Intimissimi. La marca mostrar\u00e1 pronto el v\u00eddeo de la campa\u00f1a en televisi\u00f3n en los principales pa\u00edses donde dispone de punto de venta pero ya hemos tenido acceso al v\u00eddeo, a las im\u00e1genes de making of y a los secretos de\u2026","rel":"","context":"En \u00abCampa\u00f1as\u00bb","img":{"alt_text":"","src":"https:\/\/i0.wp.com\/www.moda.es\/blog\/wp-content\/uploads\/2014\/09\/AC6R3067.jpg?fit=650%2C434&resize=350%2C200","width":350,"height":200},"classes":[]}],"_links":{"self":[{"href":"http:\/\/www.moda.es\/blog\/wp-json\/wp\/v2\/posts\/10246"}],"collection":[{"href":"http:\/\/www.moda.es\/blog\/wp-json\/wp\/v2\/posts"}],"about":[{"href":"http:\/\/www.moda.es\/blog\/wp-json\/wp\/v2\/types\/post"}],"author":[{"embeddable":true,"href":"http:\/\/www.moda.es\/blog\/wp-json\/wp\/v2\/users\/3"}],"replies":[{"embeddable":true,"href":"http:\/\/www.moda.es\/blog\/wp-json\/wp\/v2\/comments?post=10246"}],"version-history":[{"count":5,"href":"http:\/\/www.moda.es\/blog\/wp-json\/wp\/v2\/posts\/10246\/revisions"}],"predecessor-version":[{"id":36726,"href":"http:\/\/www.moda.es\/blog\/wp-json\/wp\/v2\/posts\/10246\/revisions\/36726"}],"wp:featuredmedia":[{"embeddable":true,"href":"http:\/\/www.moda.es\/blog\/wp-json\/wp\/v2\/media\/10250"}],"wp:attachment":[{"href":"http:\/\/www.moda.es\/blog\/wp-json\/wp\/v2\/media?parent=10246"}],"wp:term":[{"taxonomy":"category","embeddable":true,"href":"http:\/\/www.moda.es\/blog\/wp-json\/wp\/v2\/categories?post=10246"},{"taxonomy":"post_tag","embeddable":true,"href":"http:\/\/www.moda.es\/blog\/wp-json\/wp\/v2\/tags?post=10246"}],"curies":[{"name":"wp","href":"https:\/\/api.w.org\/{rel}","templated":true}]}}