{"id":10205,"date":"2013-01-15T22:50:29","date_gmt":"2013-01-15T21:50:29","guid":{"rendered":"http:\/\/www.moda.es\/blog\/?p=10205"},"modified":"2020-04-27T18:27:34","modified_gmt":"2020-04-27T17:27:34","slug":"grandes-alianzas","status":"publish","type":"post","link":"http:\/\/www.moda.es\/blog\/grandes-alianzas\/","title":{"rendered":"Grandes alianzas"},"content":{"rendered":"<p style=\"text-align: center\">\u00a0<a href=\"https:\/\/i0.wp.com\/www.moda.es\/blog\/wp-content\/uploads\/2013\/01\/Alber-Elbaz.jpg\" target=\"_blank\"><img data-attachment-id=\"10210\" data-permalink=\"http:\/\/www.moda.es\/blog\/grandes-alianzas\/alber-elbaz\/\" data-orig-file=\"https:\/\/i0.wp.com\/www.moda.es\/blog\/wp-content\/uploads\/2013\/01\/Alber-Elbaz.jpg?fit=500%2C334\" data-orig-size=\"500,334\" data-comments-opened=\"1\" data-image-meta=\"{&quot;aperture&quot;:&quot;0&quot;,&quot;credit&quot;:&quot;&quot;,&quot;camera&quot;:&quot;&quot;,&quot;caption&quot;:&quot;&quot;,&quot;created_timestamp&quot;:&quot;0&quot;,&quot;copyright&quot;:&quot;&quot;,&quot;focal_length&quot;:&quot;0&quot;,&quot;iso&quot;:&quot;0&quot;,&quot;shutter_speed&quot;:&quot;0&quot;,&quot;title&quot;:&quot;&quot;}\" data-image-title=\"Alber Elbaz\" data-image-description=\"\" data-image-caption=\"\" data-medium-file=\"https:\/\/i0.wp.com\/www.moda.es\/blog\/wp-content\/uploads\/2013\/01\/Alber-Elbaz.jpg?fit=300%2C200\" data-large-file=\"https:\/\/i0.wp.com\/www.moda.es\/blog\/wp-content\/uploads\/2013\/01\/Alber-Elbaz.jpg?fit=500%2C334\" loading=\"lazy\" class=\"aligncenter size-full wp-image-10210\" alt=\"Alber Elbaz\" src=\"https:\/\/i0.wp.com\/www.moda.es\/blog\/wp-content\/uploads\/2013\/01\/Alber-Elbaz.jpg?resize=500%2C334\" width=\"500\" height=\"334\" srcset=\"https:\/\/i0.wp.com\/www.moda.es\/blog\/wp-content\/uploads\/2013\/01\/Alber-Elbaz.jpg?w=500 500w, https:\/\/i0.wp.com\/www.moda.es\/blog\/wp-content\/uploads\/2013\/01\/Alber-Elbaz.jpg?resize=300%2C200 300w\" sizes=\"(max-width: 500px) 100vw, 500px\" data-recalc-dims=\"1\" \/><\/a><\/p>\n<p>&nbsp;<\/p>\n<p>Por su talento, por su carisma, por su estilo o por su gran simpat\u00eda. Son muchos los motivos por los que <strong>Alber Elbaz<\/strong>, Director Creativo de <strong>Lanvin<\/strong>, es uno de los dise\u00f1adores m\u00e1s admirados y queridos por el mundo de la moda. Hoy, este amor se ha trasladado tambi\u00e9n al mundo de la belleza femenina cuando se ha hecho p\u00fablico su pr\u00f3ximo proyecto.<\/p>\n<p>&nbsp;<\/p>\n<p>Quiz\u00e1s tu econom\u00eda no alcance para costearte sus volantes, sus drapeados, sus aplicaciones de perlas y su mundo de fantas\u00eda en la pasarela pero s\u00ed podr\u00e1s hacerte con sus <strong>colores<\/strong>. Elbaz se ha estrenado en el mundo del make up asoci\u00e1ndose con <strong>Lanc\u00f6me<\/strong> para crear una edici\u00f3n limitada de sombras, barras de labios y esmalte de u\u00f1as.<\/p>\n<p>&nbsp;<\/p>\n<p>\u00bfLa fecha de este estreno? El pr\u00f3ximo <strong>15 de junio<\/strong> en todo el mundo. Ap\u00fantalo en la agenda porque de momento lo \u00fanico que veremos ser\u00e1 el v\u00eddeo teaser que ha creado el dise\u00f1ador con sus habituales bocetos y en el que se adivinan rojos para los labios, eyeliner bien marcado y misteriosos malvas y brillantes turquesas para los ojos. Con un poco de suerte veremos un adelanto en el look Lanvin presentado en la pr\u00f3xima pasarela parisina de Oto\u00f1o.<\/p>\n<p style=\"text-align: center\">\u00a0<a href=\"https:\/\/i0.wp.com\/www.moda.es\/blog\/wp-content\/uploads\/2013\/01\/Alber-Elbaz-Lancome.jpg\" target=\"_blank\"><img data-attachment-id=\"10209\" data-permalink=\"http:\/\/www.moda.es\/blog\/grandes-alianzas\/alber-elbaz-lancome\/\" data-orig-file=\"https:\/\/i0.wp.com\/www.moda.es\/blog\/wp-content\/uploads\/2013\/01\/Alber-Elbaz-Lancome.jpg?fit=500%2C750\" data-orig-size=\"500,750\" data-comments-opened=\"1\" data-image-meta=\"{&quot;aperture&quot;:&quot;0&quot;,&quot;credit&quot;:&quot;&quot;,&quot;camera&quot;:&quot;&quot;,&quot;caption&quot;:&quot;&quot;,&quot;created_timestamp&quot;:&quot;0&quot;,&quot;copyright&quot;:&quot;&quot;,&quot;focal_length&quot;:&quot;0&quot;,&quot;iso&quot;:&quot;0&quot;,&quot;shutter_speed&quot;:&quot;0&quot;,&quot;title&quot;:&quot;&quot;}\" data-image-title=\"Alber Elbaz &#8211; Lancome\" data-image-description=\"\" data-image-caption=\"\" data-medium-file=\"https:\/\/i0.wp.com\/www.moda.es\/blog\/wp-content\/uploads\/2013\/01\/Alber-Elbaz-Lancome.jpg?fit=200%2C300\" data-large-file=\"https:\/\/i0.wp.com\/www.moda.es\/blog\/wp-content\/uploads\/2013\/01\/Alber-Elbaz-Lancome.jpg?fit=500%2C750\" loading=\"lazy\" class=\"aligncenter  wp-image-10209\" alt=\"Alber Elbaz - Lancome\" src=\"https:\/\/i0.wp.com\/www.moda.es\/blog\/wp-content\/uploads\/2013\/01\/Alber-Elbaz-Lancome.jpg?resize=300%2C450\" width=\"300\" height=\"450\" srcset=\"https:\/\/i0.wp.com\/www.moda.es\/blog\/wp-content\/uploads\/2013\/01\/Alber-Elbaz-Lancome.jpg?w=500 500w, https:\/\/i0.wp.com\/www.moda.es\/blog\/wp-content\/uploads\/2013\/01\/Alber-Elbaz-Lancome.jpg?resize=200%2C300 200w\" sizes=\"(max-width: 300px) 100vw, 300px\" data-recalc-dims=\"1\" \/><\/a><\/p>\n<p>As\u00ed habla el presidente de Lancome Internacional,<strong> Youcef Nabi<\/strong>, sobre esta colaboraci\u00f3n: \u00abAlber Elbaz es, sin lugar a dudas, uno de los dise\u00f1adores de moda m\u00e1s influyentes. Su sentido del lujo, su visi\u00f3n de la feminidad y su toque de audacia concuerdan perfectamente con los nuevos valores de la Maison Lancome. Nos sentimos muy orgullosos y felices de que traslade con nosotros, por primera vez, su universo al mundo del <strong>maquillaje<\/strong>\u00ab.<\/p>\n<p>&nbsp;<\/p>\n<p>&nbsp;<\/p>\n<p><div class=\"jetpack-video-wrapper\"><span class=\"embed-youtube\" style=\"text-align:center; display: block;\"><iframe class=\"youtube-player\" width=\"520\" height=\"293\" src=\"https:\/\/www.youtube.com\/embed\/jHWw0tgmZoc?version=3&#038;rel=1&#038;showsearch=0&#038;showinfo=1&#038;iv_load_policy=1&#038;fs=1&#038;hl=es-ES&#038;autohide=2&#038;wmode=transparent\" allowfullscreen=\"true\" style=\"border:0;\" sandbox=\"allow-scripts allow-same-origin allow-popups allow-presentation\"><\/iframe><\/span><\/div><br \/>\n\u00a9Fashionologie<\/p>\n<p>&nbsp;<\/p>\n<p>&nbsp;<\/p>\n","protected":false},"excerpt":{"rendered":"<p>\u00a0 &nbsp; Por su talento, por su carisma, por su estilo o por su gran simpat\u00eda. Son muchos los motivos por los que Alber Elbaz, Director Creativo de Lanvin, es uno de los dise\u00f1adores m\u00e1s admirados y queridos por el mundo de la moda. Hoy, este amor se ha trasladado [&hellip;]<\/p>\n","protected":false},"author":3,"featured_media":16940,"comment_status":"open","ping_status":"open","sticky":false,"template":"","format":"standard","meta":{"jetpack_publicize_message":"","jetpack_is_tweetstorm":false,"jetpack_publicize_feature_enabled":true},"categories":[6,12],"tags":[56,507,508,573],"jetpack_publicize_connections":[],"jetpack_featured_media_url":"https:\/\/i0.wp.com\/www.moda.es\/blog\/wp-content\/uploads\/2013\/01\/Alber-Elbaz1.jpg?fit=500%2C334","jetpack_sharing_enabled":true,"jetpack_shortlink":"https:\/\/wp.me\/p4tJCC-2EB","jetpack-related-posts":[{"id":12314,"url":"http:\/\/www.moda.es\/blog\/alber-elbaz-lancome-y-el-maquillaje\/","url_meta":{"origin":10205,"position":0},"title":"Alber Elbaz, Lanc\u00f4me y el maquillaje","date":"mayo 3, 2013","format":false,"excerpt":"En enero se anunci\u00f3 esta colaboraci\u00f3n y hoy ya es una realidad. Empieza a hacer sitio en tu neceser porque en junio se lanzar\u00e1n tus nuevos productos preferidos: el adorado Director Creativo de Lanvin, Alber Elbaz, presentar\u00e1 su edici\u00f3n limitada para Lanc\u00f4me. La colecci\u00f3n, por decisi\u00f3n del propio dise\u00f1ador, se\u2026","rel":"","context":"En \u00abBelleza\u00bb","img":{"alt_text":"","src":"https:\/\/i0.wp.com\/www.moda.es\/blog\/wp-content\/uploads\/2013\/05\/Alber-Elbaz-Lancome-81.jpg?fit=500%2C412&resize=350%2C200","width":350,"height":200},"classes":[]},{"id":19929,"url":"http:\/\/www.moda.es\/blog\/alber-elbaz-abandona-lanvin\/","url_meta":{"origin":10205,"position":1},"title":"Alber Elbaz abandona Lanvin","date":"octubre 28, 2015","format":false,"excerpt":"Alber Elbaz y Lanvin y \"han terminado su colaboraci\u00f3n\", seg\u00fan ha confirmado un portavoz de la marca esta tarde, poniendo fin a la relaci\u00f3n de 14 a\u00f1os de Elbaz como director creativo de la casa de moda francesa.\u00a0Se espera un anuncio oficial muy pronto. La partida de Elbaz se dice\u2026","rel":"","context":"En \u00abActualidad\u00bb","img":{"alt_text":"","src":"https:\/\/i0.wp.com\/www.moda.es\/blog\/wp-content\/uploads\/2015\/10\/Captura-de-pantalla-2015-10-28-a-las-23.02.19.png?fit=319%2C482&resize=350%2C200","width":350,"height":200},"classes":[]},{"id":10870,"url":"http:\/\/www.moda.es\/blog\/lanvin-celebra-con-minnie-el-20-aniversario-de-disneyland-paris\/","url_meta":{"origin":10205,"position":2},"title":"Lanvin celebra con Minnie el 20 aniversario de Disneyland Par\u00eds","date":"febrero 14, 2013","format":false,"excerpt":"S\u00ed, ya sabemos que el 20 aniversario de Disneyland Par\u00eds fue en 2012, pero tambi\u00e9n sabemos que mientras haya tir\u00f3n hay que aprovecharlo, y eso es lo que est\u00e1n haciendo en el parque. Ante el \u00e9xito obtenido el a\u00f1o pasado y el gran n\u00famero de visitas recibidas para celebrar tan\u2026","rel":"","context":"En \u00abActualidad\u00bb","img":{"alt_text":"","src":"https:\/\/i0.wp.com\/www.moda.es\/blog\/wp-content\/uploads\/2013\/02\/Minnie-Mouse-by-Alber-Elbaz-2.jpg?fit=1200%2C900&resize=350%2C200","width":350,"height":200},"classes":[]},{"id":20422,"url":"http:\/\/www.moda.es\/blog\/bouchra-jarrar-nueva-directora-artistica-de-lanvin\/","url_meta":{"origin":10205,"position":3},"title":"Bouchra Jarrar, nueva directora art\u00edstica de Lanvin","date":"marzo 12, 2016","format":false,"excerpt":"Bouchra Jarrar ha sido nombrada nueva directora art\u00edstica de las colecciones de mujer\u00a0de\u00a0Lanvin. \"Es un gran honor continuar promoviendo el estilo Lanvin, con dise\u00f1os creados en talleres de la compa\u00f1\u00eda por equipos que tienen una pericia extraordinaria. Unirme a Lanvin cumple el deseo de llevar mi creaci\u00f3n a campos m\u00e1s\u2026","rel":"","context":"En \u00abActualidad\u00bb","img":{"alt_text":"","src":"https:\/\/i0.wp.com\/www.moda.es\/blog\/wp-content\/uploads\/2016\/03\/Captura-de-pantalla-2016-03-11-a-las-19.33.33.png?fit=634%2C355&resize=350%2C200","width":350,"height":200},"classes":[]},{"id":22298,"url":"http:\/\/www.moda.es\/blog\/bouchra-jarrar-abandona-lanvin\/","url_meta":{"origin":10205,"position":4},"title":"Bouchra Jarrar abandona Lanvin","date":"julio 6, 2017","format":false,"excerpt":"La directora creativa de Lanvin, Bouchra Jarrar, renunci\u00f3 a su puesto en la casa de moda francesa despu\u00e9s de mostrar s\u00f3lo dos colecciones. El dise\u00f1ador y la casa \"han decidido mutuamente poner fin a su colaboraci\u00f3n\", seg\u00fan una declaraci\u00f3n oficial de la marca esta noche. La noticia se suma a\u2026","rel":"","context":"En \u00abDestacados\u00bb","img":{"alt_text":"","src":"https:\/\/i0.wp.com\/www.moda.es\/blog\/wp-content\/uploads\/2017\/07\/Captura-de-pantalla-2017-07-06-a-las-22.59.27.png?fit=362%2C545&resize=350%2C200","width":350,"height":200},"classes":[]},{"id":19533,"url":"http:\/\/www.moda.es\/blog\/donatella-versace-en-la-campana-de-givenchy\/","url_meta":{"origin":10205,"position":5},"title":"Donatella Versace en la campa\u00f1a de Givenchy","date":"junio 26, 2015","format":false,"excerpt":"Hemos visto varias veces c\u00f3mo un dise\u00f1ador acud\u00eda al desfile de otro para apoyarle pero nunca hemos visto que ese apoyo llegara a poar para una campa\u00f1a de publicidad. Pero ese d\u00eda ha llegado. Donatella Versace es imagen de la campa\u00f1a de la temporada oto\u00f1o - invierno 2015 de Givenchy.\u2026","rel":"","context":"En \u00abActualidad\u00bb","img":{"alt_text":"","src":"https:\/\/i0.wp.com\/www.moda.es\/blog\/wp-content\/uploads\/2015\/06\/VER.jpg?fit=650%2C878&resize=350%2C200","width":350,"height":200},"classes":[]}],"_links":{"self":[{"href":"http:\/\/www.moda.es\/blog\/wp-json\/wp\/v2\/posts\/10205"}],"collection":[{"href":"http:\/\/www.moda.es\/blog\/wp-json\/wp\/v2\/posts"}],"about":[{"href":"http:\/\/www.moda.es\/blog\/wp-json\/wp\/v2\/types\/post"}],"author":[{"embeddable":true,"href":"http:\/\/www.moda.es\/blog\/wp-json\/wp\/v2\/users\/3"}],"replies":[{"embeddable":true,"href":"http:\/\/www.moda.es\/blog\/wp-json\/wp\/v2\/comments?post=10205"}],"version-history":[{"count":5,"href":"http:\/\/www.moda.es\/blog\/wp-json\/wp\/v2\/posts\/10205\/revisions"}],"predecessor-version":[{"id":36728,"href":"http:\/\/www.moda.es\/blog\/wp-json\/wp\/v2\/posts\/10205\/revisions\/36728"}],"wp:featuredmedia":[{"embeddable":true,"href":"http:\/\/www.moda.es\/blog\/wp-json\/wp\/v2\/media\/16940"}],"wp:attachment":[{"href":"http:\/\/www.moda.es\/blog\/wp-json\/wp\/v2\/media?parent=10205"}],"wp:term":[{"taxonomy":"category","embeddable":true,"href":"http:\/\/www.moda.es\/blog\/wp-json\/wp\/v2\/categories?post=10205"},{"taxonomy":"post_tag","embeddable":true,"href":"http:\/\/www.moda.es\/blog\/wp-json\/wp\/v2\/tags?post=10205"}],"curies":[{"name":"wp","href":"https:\/\/api.w.org\/{rel}","templated":true}]}}