{"id":10140,"date":"2013-01-14T22:35:41","date_gmt":"2013-01-14T21:35:41","guid":{"rendered":"http:\/\/www.moda.es\/blog\/?p=10140"},"modified":"2020-04-27T18:27:45","modified_gmt":"2020-04-27T17:27:45","slug":"golden-globes-descubre-toda-la-alfombra-roja","status":"publish","type":"post","link":"http:\/\/www.moda.es\/blog\/golden-globes-descubre-toda-la-alfombra-roja\/","title":{"rendered":"Golden Globes, descubre toda la alfombra roja"},"content":{"rendered":"<p>Anoche, mientras todas est\u00e1bamos calentitas en nuestra cama,\u00a0 el <strong>Beverly Hilton International Ballroom<\/strong> de <strong>Los \u00c1ngeles<\/strong> estaba viviendo una de las grandes noches del cine.<\/p>\n<p>&nbsp;<\/p>\n<p>La<strong> edici\u00f3n n\u00famero 70<\/strong> de los<strong> Globos de Oro<\/strong> reconoc\u00eda la labor de la industria entregando los premios a los mejores en una gala que se conoce como los \u00abPre-Oscar\u00bb.<\/p>\n<p>&nbsp;<\/p>\n<p>Entre los afortunados, alguna sorpresa y otros que ya se daban por premiados. La pel\u00edcula <em>Argo<\/em> recibi\u00f3 el Premio a la Mejor Pel\u00edcula Dram\u00e1tica y Los Miserables, el de la Mejor Comedia o Musical. <strong>Jessica Chastain<\/strong> y <strong>Daniel Day-Lewis<\/strong> recibieron el galard\u00f3n a la mejor interpretaci\u00f3n dram\u00e1tica por <em>Zero Dark Thirty<\/em> y <em>Lincoln<\/em> respectivamente. <strong>Hugh Jackman<\/strong> fue premiado como Mejor Actor de Comedia o Musical y <strong>Anne Hathaway<\/strong> como Mejor Actriz Secundaria, ambos por su trabajo en <em>Los Miserables<\/em>. La mejor canci\u00f3n fue el <em>Skyfall<\/em> de <strong>Adele.<\/strong><\/p>\n<p>&nbsp;<\/p>\n<p>Sin embargo, aunque no pretendo quitarle importancia ni a premios ni a premiados, sin duda la parte que m\u00e1s me gusta de estas ceremonias es la alfombra roja. \u00bfQu\u00e9 tendencia predominar\u00e1 sobre las dem\u00e1s? \u00bfQu\u00e9 tipo de vestidos lucir\u00e1n las invitadas\u00bf \u00bfC\u00f3mo ser\u00e1n los peinados y el maquillaje? Estas son nuestras conclusiones.<\/p>\n<p>&nbsp;<\/p>\n<p>Menos es m\u00e1s y eso se traslada a todo. Maquillajes sencillos, peinados limpios y ausencia de color: <strong>nude, blanco, beige y tonos empolvados<\/strong> han reinado sobre los dem\u00e1s, los otros ganadores han sido la gama de los rojos y el eterno negro.<\/p>\n<p style=\"text-align: center\">\u00a0<a href=\"https:\/\/i0.wp.com\/www.moda.es\/blog\/wp-content\/uploads\/2013\/01\/Tonos-empolvados.jpg\" target=\"_blank\"><img data-attachment-id=\"10146\" data-permalink=\"http:\/\/www.moda.es\/blog\/golden-globes-descubre-toda-la-alfombra-roja\/tonos-empolvados\/\" data-orig-file=\"https:\/\/i0.wp.com\/www.moda.es\/blog\/wp-content\/uploads\/2013\/01\/Tonos-empolvados.jpg?fit=500%2C300\" data-orig-size=\"500,300\" data-comments-opened=\"1\" data-image-meta=\"{&quot;aperture&quot;:&quot;0&quot;,&quot;credit&quot;:&quot;&quot;,&quot;camera&quot;:&quot;&quot;,&quot;caption&quot;:&quot;&quot;,&quot;created_timestamp&quot;:&quot;0&quot;,&quot;copyright&quot;:&quot;&quot;,&quot;focal_length&quot;:&quot;0&quot;,&quot;iso&quot;:&quot;0&quot;,&quot;shutter_speed&quot;:&quot;0&quot;,&quot;title&quot;:&quot;&quot;}\" data-image-title=\"Tonos empolvados\" data-image-description=\"\" data-image-caption=\"\" data-medium-file=\"https:\/\/i0.wp.com\/www.moda.es\/blog\/wp-content\/uploads\/2013\/01\/Tonos-empolvados.jpg?fit=300%2C180\" data-large-file=\"https:\/\/i0.wp.com\/www.moda.es\/blog\/wp-content\/uploads\/2013\/01\/Tonos-empolvados.jpg?fit=500%2C300\" loading=\"lazy\" class=\"aligncenter size-full wp-image-10146\" alt=\"Tonos empolvados\" src=\"https:\/\/i0.wp.com\/www.moda.es\/blog\/wp-content\/uploads\/2013\/01\/Tonos-empolvados.jpg?resize=500%2C300\" width=\"500\" height=\"300\" srcset=\"https:\/\/i0.wp.com\/www.moda.es\/blog\/wp-content\/uploads\/2013\/01\/Tonos-empolvados.jpg?w=500 500w, https:\/\/i0.wp.com\/www.moda.es\/blog\/wp-content\/uploads\/2013\/01\/Tonos-empolvados.jpg?resize=300%2C180 300w\" sizes=\"(max-width: 500px) 100vw, 500px\" data-recalc-dims=\"1\" \/><\/a><\/p>\n<p>La silueta de sirena es la reina junto con el<strong> escote palabra de honor<\/strong> aunque tampoco se le ha hecho ascos a las <strong>aberturas<\/strong> vertiginosas que dejan poco a la imaginaci\u00f3n. Princesas versus vampiresas.<\/p>\n<p style=\"text-align: center\"><a href=\"https:\/\/i0.wp.com\/www.moda.es\/blog\/wp-content\/uploads\/2013\/01\/Escote-palabra-de-honor-silueta-sirena-y-grandes-aberturas.jpg\" target=\"_blank\"><img data-attachment-id=\"10147\" data-permalink=\"http:\/\/www.moda.es\/blog\/golden-globes-descubre-toda-la-alfombra-roja\/escote-palabra-de-honor-silueta-sirena-y-grandes-aberturas\/\" data-orig-file=\"https:\/\/i0.wp.com\/www.moda.es\/blog\/wp-content\/uploads\/2013\/01\/Escote-palabra-de-honor-silueta-sirena-y-grandes-aberturas.jpg?fit=500%2C300\" data-orig-size=\"500,300\" data-comments-opened=\"1\" data-image-meta=\"{&quot;aperture&quot;:&quot;0&quot;,&quot;credit&quot;:&quot;&quot;,&quot;camera&quot;:&quot;&quot;,&quot;caption&quot;:&quot;&quot;,&quot;created_timestamp&quot;:&quot;0&quot;,&quot;copyright&quot;:&quot;&quot;,&quot;focal_length&quot;:&quot;0&quot;,&quot;iso&quot;:&quot;0&quot;,&quot;shutter_speed&quot;:&quot;0&quot;,&quot;title&quot;:&quot;&quot;}\" data-image-title=\"Escote palabra de honor, silueta sirena y grandes aberturas\" data-image-description=\"\" data-image-caption=\"\" data-medium-file=\"https:\/\/i0.wp.com\/www.moda.es\/blog\/wp-content\/uploads\/2013\/01\/Escote-palabra-de-honor-silueta-sirena-y-grandes-aberturas.jpg?fit=300%2C180\" data-large-file=\"https:\/\/i0.wp.com\/www.moda.es\/blog\/wp-content\/uploads\/2013\/01\/Escote-palabra-de-honor-silueta-sirena-y-grandes-aberturas.jpg?fit=500%2C300\" loading=\"lazy\" class=\"aligncenter size-full wp-image-10147\" alt=\"Escote palabra de honor, silueta sirena y grandes aberturas\" src=\"https:\/\/i0.wp.com\/www.moda.es\/blog\/wp-content\/uploads\/2013\/01\/Escote-palabra-de-honor-silueta-sirena-y-grandes-aberturas.jpg?resize=500%2C300\" width=\"500\" height=\"300\" srcset=\"https:\/\/i0.wp.com\/www.moda.es\/blog\/wp-content\/uploads\/2013\/01\/Escote-palabra-de-honor-silueta-sirena-y-grandes-aberturas.jpg?w=500 500w, https:\/\/i0.wp.com\/www.moda.es\/blog\/wp-content\/uploads\/2013\/01\/Escote-palabra-de-honor-silueta-sirena-y-grandes-aberturas.jpg?resize=300%2C180 300w\" sizes=\"(max-width: 500px) 100vw, 500px\" data-recalc-dims=\"1\" \/><\/a><\/p>\n<p>Los tejidos que reinaron sobre la alfombra roja fueron sin duda el <strong>encaje<\/strong> y todo aquel susceptible de <strong>brillar<\/strong>, por s\u00ed mismo o gracias a las lentejuelas y los cristales.<\/p>\n<p style=\"text-align: center\"><a href=\"https:\/\/i0.wp.com\/www.moda.es\/blog\/wp-content\/uploads\/2013\/01\/Brillos-y-mucho-encaje.jpg\" target=\"_blank\"><img data-attachment-id=\"10148\" data-permalink=\"http:\/\/www.moda.es\/blog\/golden-globes-descubre-toda-la-alfombra-roja\/brillos-y-mucho-encaje\/\" data-orig-file=\"https:\/\/i0.wp.com\/www.moda.es\/blog\/wp-content\/uploads\/2013\/01\/Brillos-y-mucho-encaje.jpg?fit=500%2C300\" data-orig-size=\"500,300\" data-comments-opened=\"1\" data-image-meta=\"{&quot;aperture&quot;:&quot;0&quot;,&quot;credit&quot;:&quot;&quot;,&quot;camera&quot;:&quot;&quot;,&quot;caption&quot;:&quot;&quot;,&quot;created_timestamp&quot;:&quot;0&quot;,&quot;copyright&quot;:&quot;&quot;,&quot;focal_length&quot;:&quot;0&quot;,&quot;iso&quot;:&quot;0&quot;,&quot;shutter_speed&quot;:&quot;0&quot;,&quot;title&quot;:&quot;&quot;}\" data-image-title=\"Brillos y mucho encaje\" data-image-description=\"\" data-image-caption=\"\" data-medium-file=\"https:\/\/i0.wp.com\/www.moda.es\/blog\/wp-content\/uploads\/2013\/01\/Brillos-y-mucho-encaje.jpg?fit=300%2C180\" data-large-file=\"https:\/\/i0.wp.com\/www.moda.es\/blog\/wp-content\/uploads\/2013\/01\/Brillos-y-mucho-encaje.jpg?fit=500%2C300\" loading=\"lazy\" class=\"aligncenter size-full wp-image-10148\" alt=\"Brillos y mucho encaje\" src=\"https:\/\/i0.wp.com\/www.moda.es\/blog\/wp-content\/uploads\/2013\/01\/Brillos-y-mucho-encaje.jpg?resize=500%2C300\" width=\"500\" height=\"300\" srcset=\"https:\/\/i0.wp.com\/www.moda.es\/blog\/wp-content\/uploads\/2013\/01\/Brillos-y-mucho-encaje.jpg?w=500 500w, https:\/\/i0.wp.com\/www.moda.es\/blog\/wp-content\/uploads\/2013\/01\/Brillos-y-mucho-encaje.jpg?resize=300%2C180 300w\" sizes=\"(max-width: 500px) 100vw, 500px\" data-recalc-dims=\"1\" \/><\/a><\/p>\n<p>Y por \u00faltimo&#8230; parece que la pose de <strong>Angelina Jolie<\/strong> que tantos r\u00edos de tinta hizo correr ha dado un poquito de envidia&#8230;<\/p>\n<p style=\"text-align: center\"><a href=\"https:\/\/i0.wp.com\/www.moda.es\/blog\/wp-content\/uploads\/2013\/01\/Aberturas-al-mas-puro-estilo-Angelina-Jolie.jpg\" target=\"_blank\"><img data-attachment-id=\"10145\" data-permalink=\"http:\/\/www.moda.es\/blog\/golden-globes-descubre-toda-la-alfombra-roja\/aberturas-al-mas-puro-estilo-angelina-jolie-2\/\" data-orig-file=\"https:\/\/i0.wp.com\/www.moda.es\/blog\/wp-content\/uploads\/2013\/01\/Aberturas-al-mas-puro-estilo-Angelina-Jolie.jpg?fit=500%2C300\" data-orig-size=\"500,300\" data-comments-opened=\"1\" data-image-meta=\"{&quot;aperture&quot;:&quot;0&quot;,&quot;credit&quot;:&quot;&quot;,&quot;camera&quot;:&quot;&quot;,&quot;caption&quot;:&quot;&quot;,&quot;created_timestamp&quot;:&quot;0&quot;,&quot;copyright&quot;:&quot;&quot;,&quot;focal_length&quot;:&quot;0&quot;,&quot;iso&quot;:&quot;0&quot;,&quot;shutter_speed&quot;:&quot;0&quot;,&quot;title&quot;:&quot;&quot;}\" data-image-title=\"Aberturas al mas puro estilo Angelina Jolie\" data-image-description=\"\" data-image-caption=\"\" data-medium-file=\"https:\/\/i0.wp.com\/www.moda.es\/blog\/wp-content\/uploads\/2013\/01\/Aberturas-al-mas-puro-estilo-Angelina-Jolie.jpg?fit=300%2C180\" data-large-file=\"https:\/\/i0.wp.com\/www.moda.es\/blog\/wp-content\/uploads\/2013\/01\/Aberturas-al-mas-puro-estilo-Angelina-Jolie.jpg?fit=500%2C300\" loading=\"lazy\" class=\"aligncenter size-full wp-image-10145\" alt=\"Aberturas al mas puro estilo Angelina Jolie\" src=\"https:\/\/i0.wp.com\/www.moda.es\/blog\/wp-content\/uploads\/2013\/01\/Aberturas-al-mas-puro-estilo-Angelina-Jolie.jpg?resize=500%2C300\" width=\"500\" height=\"300\" srcset=\"https:\/\/i0.wp.com\/www.moda.es\/blog\/wp-content\/uploads\/2013\/01\/Aberturas-al-mas-puro-estilo-Angelina-Jolie.jpg?w=500 500w, https:\/\/i0.wp.com\/www.moda.es\/blog\/wp-content\/uploads\/2013\/01\/Aberturas-al-mas-puro-estilo-Angelina-Jolie.jpg?resize=300%2C180 300w\" sizes=\"(max-width: 500px) 100vw, 500px\" data-recalc-dims=\"1\" \/><\/a><\/p>\n<p>Ahora, a esperar a los Oscar, pero mientras, no te pierdas nuestra galer\u00eda&#8230;<\/p>\n<div data-carousel-extra='{\"blog_id\":1,\"permalink\":\"http:\\\/\\\/www.moda.es\\\/blog\\\/golden-globes-descubre-toda-la-alfombra-roja\\\/\"}' id='gallery-1' class='gallery galleryid-10140 gallery-columns-3 gallery-size-thumbnail'><figure class='gallery-item'>\n\t\t\t<div class='gallery-icon portrait'>\n\t\t\t\t<a href='http:\/\/www.moda.es\/blog\/jessica-chastain-de-calvin-klein-collection-con-joyas-deharry-winston\/'><img width=\"150\" height=\"150\" src=\"https:\/\/i0.wp.com\/www.moda.es\/blog\/wp-content\/uploads\/2013\/01\/Jessica-Chastain-de-Calvin-Klein-Collection-con-joyas-deHarry-Winston.jpg?resize=150%2C150\" class=\"attachment-thumbnail size-thumbnail\" alt=\"\" loading=\"lazy\" aria-describedby=\"gallery-1-10166\" srcset=\"https:\/\/i0.wp.com\/www.moda.es\/blog\/wp-content\/uploads\/2013\/01\/Jessica-Chastain-de-Calvin-Klein-Collection-con-joyas-deHarry-Winston.jpg?resize=150%2C150 150w, https:\/\/i0.wp.com\/www.moda.es\/blog\/wp-content\/uploads\/2013\/01\/Jessica-Chastain-de-Calvin-Klein-Collection-con-joyas-deHarry-Winston.jpg?zoom=2&amp;resize=150%2C150 300w\" sizes=\"(max-width: 150px) 100vw, 150px\" data-attachment-id=\"10166\" data-permalink=\"http:\/\/www.moda.es\/blog\/jessica-chastain-de-calvin-klein-collection-con-joyas-deharry-winston\/\" data-orig-file=\"https:\/\/i0.wp.com\/www.moda.es\/blog\/wp-content\/uploads\/2013\/01\/Jessica-Chastain-de-Calvin-Klein-Collection-con-joyas-deHarry-Winston.jpg?fit=320%2C480\" data-orig-size=\"320,480\" data-comments-opened=\"1\" data-image-meta=\"{&quot;aperture&quot;:&quot;0&quot;,&quot;credit&quot;:&quot;&quot;,&quot;camera&quot;:&quot;&quot;,&quot;caption&quot;:&quot;&quot;,&quot;created_timestamp&quot;:&quot;0&quot;,&quot;copyright&quot;:&quot;2013 Steve Granitz&quot;,&quot;focal_length&quot;:&quot;0&quot;,&quot;iso&quot;:&quot;0&quot;,&quot;shutter_speed&quot;:&quot;0&quot;,&quot;title&quot;:&quot;&quot;}\" data-image-title=\"Jessica Chastain, de Calvin Klein Collection, con joyas deHarry Winston\" data-image-description=\"\" data-image-caption=\"&lt;p&gt;Jessica Chastain, de Calvin Klein Collection, con joyas deHarry Winston&lt;\/p&gt;\n\" data-medium-file=\"https:\/\/i0.wp.com\/www.moda.es\/blog\/wp-content\/uploads\/2013\/01\/Jessica-Chastain-de-Calvin-Klein-Collection-con-joyas-deHarry-Winston.jpg?fit=200%2C300\" data-large-file=\"https:\/\/i0.wp.com\/www.moda.es\/blog\/wp-content\/uploads\/2013\/01\/Jessica-Chastain-de-Calvin-Klein-Collection-con-joyas-deHarry-Winston.jpg?fit=320%2C480\" \/><\/a>\n\t\t\t<\/div>\n\t\t\t\t<figcaption class='wp-caption-text gallery-caption' id='gallery-1-10166'>\n\t\t\t\tJessica Chastain, de Calvin Klein Collection, con joyas deHarry Winston\n\t\t\t\t<\/figcaption><\/figure><figure class='gallery-item'>\n\t\t\t<div class='gallery-icon portrait'>\n\t\t\t\t<a href='http:\/\/www.moda.es\/blog\/nicole-richie-de-naeem-khan-con-joyas-y-clutch-de-house-of-harlow\/'><img width=\"150\" height=\"150\" src=\"https:\/\/i0.wp.com\/www.moda.es\/blog\/wp-content\/uploads\/2013\/01\/Nicole-Richie-de-Naeem-Khan-con-joyas-y-clutch-de-House-of-Harlow.jpg?resize=150%2C150\" class=\"attachment-thumbnail size-thumbnail\" alt=\"\" loading=\"lazy\" aria-describedby=\"gallery-1-10180\" srcset=\"https:\/\/i0.wp.com\/www.moda.es\/blog\/wp-content\/uploads\/2013\/01\/Nicole-Richie-de-Naeem-Khan-con-joyas-y-clutch-de-House-of-Harlow.jpg?resize=150%2C150 150w, https:\/\/i0.wp.com\/www.moda.es\/blog\/wp-content\/uploads\/2013\/01\/Nicole-Richie-de-Naeem-Khan-con-joyas-y-clutch-de-House-of-Harlow.jpg?zoom=2&amp;resize=150%2C150 300w\" sizes=\"(max-width: 150px) 100vw, 150px\" data-attachment-id=\"10180\" data-permalink=\"http:\/\/www.moda.es\/blog\/nicole-richie-de-naeem-khan-con-joyas-y-clutch-de-house-of-harlow\/\" data-orig-file=\"https:\/\/i0.wp.com\/www.moda.es\/blog\/wp-content\/uploads\/2013\/01\/Nicole-Richie-de-Naeem-Khan-con-joyas-y-clutch-de-House-of-Harlow.jpg?fit=320%2C480\" data-orig-size=\"320,480\" data-comments-opened=\"1\" data-image-meta=\"{&quot;aperture&quot;:&quot;0&quot;,&quot;credit&quot;:&quot;&quot;,&quot;camera&quot;:&quot;&quot;,&quot;caption&quot;:&quot;&quot;,&quot;created_timestamp&quot;:&quot;0&quot;,&quot;copyright&quot;:&quot;2013 Steve Granitz&quot;,&quot;focal_length&quot;:&quot;0&quot;,&quot;iso&quot;:&quot;0&quot;,&quot;shutter_speed&quot;:&quot;0&quot;,&quot;title&quot;:&quot;&quot;}\" data-image-title=\"Nicole Richie de Naeem Khan con joyas y clutch de House of Harlow\" data-image-description=\"\" data-image-caption=\"&lt;p&gt;Nicole Richie de Naeem Khan con joyas y clutch de House of Harlow&lt;\/p&gt;\n\" data-medium-file=\"https:\/\/i0.wp.com\/www.moda.es\/blog\/wp-content\/uploads\/2013\/01\/Nicole-Richie-de-Naeem-Khan-con-joyas-y-clutch-de-House-of-Harlow.jpg?fit=200%2C300\" data-large-file=\"https:\/\/i0.wp.com\/www.moda.es\/blog\/wp-content\/uploads\/2013\/01\/Nicole-Richie-de-Naeem-Khan-con-joyas-y-clutch-de-House-of-Harlow.jpg?fit=320%2C480\" \/><\/a>\n\t\t\t<\/div>\n\t\t\t\t<figcaption class='wp-caption-text gallery-caption' id='gallery-1-10180'>\n\t\t\t\tNicole Richie de Naeem Khan con joyas y clutch de House of Harlow\n\t\t\t\t<\/figcaption><\/figure><figure class='gallery-item'>\n\t\t\t<div class='gallery-icon portrait'>\n\t\t\t\t<a href='http:\/\/www.moda.es\/blog\/helen-hunt-de-dolce-and-gabbana-con-joyas-de-martin-katz\/'><img width=\"150\" height=\"150\" src=\"https:\/\/i0.wp.com\/www.moda.es\/blog\/wp-content\/uploads\/2013\/01\/Helen-Hunt-de-Dolce-and-Gabbana-con-joyas-de-Martin-Katz.jpg?resize=150%2C150\" class=\"attachment-thumbnail size-thumbnail\" alt=\"\" loading=\"lazy\" aria-describedby=\"gallery-1-10161\" srcset=\"https:\/\/i0.wp.com\/www.moda.es\/blog\/wp-content\/uploads\/2013\/01\/Helen-Hunt-de-Dolce-and-Gabbana-con-joyas-de-Martin-Katz.jpg?resize=150%2C150 150w, https:\/\/i0.wp.com\/www.moda.es\/blog\/wp-content\/uploads\/2013\/01\/Helen-Hunt-de-Dolce-and-Gabbana-con-joyas-de-Martin-Katz.jpg?zoom=2&amp;resize=150%2C150 300w\" sizes=\"(max-width: 150px) 100vw, 150px\" data-attachment-id=\"10161\" data-permalink=\"http:\/\/www.moda.es\/blog\/helen-hunt-de-dolce-and-gabbana-con-joyas-de-martin-katz\/\" data-orig-file=\"https:\/\/i0.wp.com\/www.moda.es\/blog\/wp-content\/uploads\/2013\/01\/Helen-Hunt-de-Dolce-and-Gabbana-con-joyas-de-Martin-Katz.jpg?fit=320%2C480\" data-orig-size=\"320,480\" data-comments-opened=\"1\" data-image-meta=\"{&quot;aperture&quot;:&quot;0&quot;,&quot;credit&quot;:&quot;&quot;,&quot;camera&quot;:&quot;&quot;,&quot;caption&quot;:&quot;&quot;,&quot;created_timestamp&quot;:&quot;0&quot;,&quot;copyright&quot;:&quot;2013 Steve Granitz&quot;,&quot;focal_length&quot;:&quot;0&quot;,&quot;iso&quot;:&quot;0&quot;,&quot;shutter_speed&quot;:&quot;0&quot;,&quot;title&quot;:&quot;&quot;}\" data-image-title=\"Helen Hunt, de  Dolce and Gabbana con joyas de Martin Katz\" data-image-description=\"\" data-image-caption=\"&lt;p&gt;Helen Hunt, de  Dolce and Gabbana con joyas de Martin Katz&lt;\/p&gt;\n\" data-medium-file=\"https:\/\/i0.wp.com\/www.moda.es\/blog\/wp-content\/uploads\/2013\/01\/Helen-Hunt-de-Dolce-and-Gabbana-con-joyas-de-Martin-Katz.jpg?fit=200%2C300\" data-large-file=\"https:\/\/i0.wp.com\/www.moda.es\/blog\/wp-content\/uploads\/2013\/01\/Helen-Hunt-de-Dolce-and-Gabbana-con-joyas-de-Martin-Katz.jpg?fit=320%2C480\" \/><\/a>\n\t\t\t<\/div>\n\t\t\t\t<figcaption class='wp-caption-text gallery-caption' id='gallery-1-10161'>\n\t\t\t\tHelen Hunt, de  Dolce and Gabbana con joyas de Martin Katz\n\t\t\t\t<\/figcaption><\/figure><figure class='gallery-item'>\n\t\t\t<div class='gallery-icon portrait'>\n\t\t\t\t<a href='http:\/\/www.moda.es\/blog\/julianna-margulies-de-emilio-pucci-con-joyas-defred-leighton\/'><img width=\"150\" height=\"150\" src=\"https:\/\/i0.wp.com\/www.moda.es\/blog\/wp-content\/uploads\/2013\/01\/Julianna-Margulies-de-Emilio-Pucci-con-joyas-deFred-Leighton.jpg?resize=150%2C150\" class=\"attachment-thumbnail size-thumbnail\" alt=\"\" loading=\"lazy\" aria-describedby=\"gallery-1-10168\" srcset=\"https:\/\/i0.wp.com\/www.moda.es\/blog\/wp-content\/uploads\/2013\/01\/Julianna-Margulies-de-Emilio-Pucci-con-joyas-deFred-Leighton.jpg?resize=150%2C150 150w, https:\/\/i0.wp.com\/www.moda.es\/blog\/wp-content\/uploads\/2013\/01\/Julianna-Margulies-de-Emilio-Pucci-con-joyas-deFred-Leighton.jpg?zoom=2&amp;resize=150%2C150 300w\" sizes=\"(max-width: 150px) 100vw, 150px\" data-attachment-id=\"10168\" data-permalink=\"http:\/\/www.moda.es\/blog\/julianna-margulies-de-emilio-pucci-con-joyas-defred-leighton\/\" data-orig-file=\"https:\/\/i0.wp.com\/www.moda.es\/blog\/wp-content\/uploads\/2013\/01\/Julianna-Margulies-de-Emilio-Pucci-con-joyas-deFred-Leighton.jpg?fit=320%2C480\" data-orig-size=\"320,480\" data-comments-opened=\"1\" data-image-meta=\"{&quot;aperture&quot;:&quot;0&quot;,&quot;credit&quot;:&quot;&quot;,&quot;camera&quot;:&quot;&quot;,&quot;caption&quot;:&quot;&quot;,&quot;created_timestamp&quot;:&quot;0&quot;,&quot;copyright&quot;:&quot;2013 Steve Granitz&quot;,&quot;focal_length&quot;:&quot;0&quot;,&quot;iso&quot;:&quot;0&quot;,&quot;shutter_speed&quot;:&quot;0&quot;,&quot;title&quot;:&quot;&quot;}\" data-image-title=\"Julianna Margulies, de Emilio Pucci, con joyas deFred Leighton\" data-image-description=\"\" data-image-caption=\"&lt;p&gt;Julianna Margulies, de Emilio Pucci, con joyas deFred Leighton&lt;\/p&gt;\n\" data-medium-file=\"https:\/\/i0.wp.com\/www.moda.es\/blog\/wp-content\/uploads\/2013\/01\/Julianna-Margulies-de-Emilio-Pucci-con-joyas-deFred-Leighton.jpg?fit=200%2C300\" data-large-file=\"https:\/\/i0.wp.com\/www.moda.es\/blog\/wp-content\/uploads\/2013\/01\/Julianna-Margulies-de-Emilio-Pucci-con-joyas-deFred-Leighton.jpg?fit=320%2C480\" \/><\/a>\n\t\t\t<\/div>\n\t\t\t\t<figcaption class='wp-caption-text gallery-caption' id='gallery-1-10168'>\n\t\t\t\tJulianna Margulies, de Emilio Pucci, con joyas deFred Leighton\n\t\t\t\t<\/figcaption><\/figure><figure class='gallery-item'>\n\t\t\t<div class='gallery-icon portrait'>\n\t\t\t\t<a href='http:\/\/www.moda.es\/blog\/kristen-bell-de-jenny-packham-con-clutch-de-roger-vivier\/'><img width=\"150\" height=\"150\" src=\"https:\/\/i0.wp.com\/www.moda.es\/blog\/wp-content\/uploads\/2013\/01\/Kristen-Bell-de-Jenny-Packham-con-clutch-de-Roger-Vivier.jpg?resize=150%2C150\" class=\"attachment-thumbnail size-thumbnail\" alt=\"\" loading=\"lazy\" aria-describedby=\"gallery-1-10172\" srcset=\"https:\/\/i0.wp.com\/www.moda.es\/blog\/wp-content\/uploads\/2013\/01\/Kristen-Bell-de-Jenny-Packham-con-clutch-de-Roger-Vivier.jpg?resize=150%2C150 150w, https:\/\/i0.wp.com\/www.moda.es\/blog\/wp-content\/uploads\/2013\/01\/Kristen-Bell-de-Jenny-Packham-con-clutch-de-Roger-Vivier.jpg?zoom=2&amp;resize=150%2C150 300w\" sizes=\"(max-width: 150px) 100vw, 150px\" data-attachment-id=\"10172\" data-permalink=\"http:\/\/www.moda.es\/blog\/kristen-bell-de-jenny-packham-con-clutch-de-roger-vivier\/\" data-orig-file=\"https:\/\/i0.wp.com\/www.moda.es\/blog\/wp-content\/uploads\/2013\/01\/Kristen-Bell-de-Jenny-Packham-con-clutch-de-Roger-Vivier.jpg?fit=320%2C480\" data-orig-size=\"320,480\" data-comments-opened=\"1\" data-image-meta=\"{&quot;aperture&quot;:&quot;0&quot;,&quot;credit&quot;:&quot;&quot;,&quot;camera&quot;:&quot;&quot;,&quot;caption&quot;:&quot;&quot;,&quot;created_timestamp&quot;:&quot;0&quot;,&quot;copyright&quot;:&quot;2013 Steve Granitz&quot;,&quot;focal_length&quot;:&quot;0&quot;,&quot;iso&quot;:&quot;0&quot;,&quot;shutter_speed&quot;:&quot;0&quot;,&quot;title&quot;:&quot;&quot;}\" data-image-title=\"Kristen Bell de Jenny Packham con clutch de Roger Vivier\" data-image-description=\"\" data-image-caption=\"&lt;p&gt;Kristen Bell de Jenny Packham con clutch de Roger Vivier&lt;\/p&gt;\n\" data-medium-file=\"https:\/\/i0.wp.com\/www.moda.es\/blog\/wp-content\/uploads\/2013\/01\/Kristen-Bell-de-Jenny-Packham-con-clutch-de-Roger-Vivier.jpg?fit=200%2C300\" data-large-file=\"https:\/\/i0.wp.com\/www.moda.es\/blog\/wp-content\/uploads\/2013\/01\/Kristen-Bell-de-Jenny-Packham-con-clutch-de-Roger-Vivier.jpg?fit=320%2C480\" \/><\/a>\n\t\t\t<\/div>\n\t\t\t\t<figcaption class='wp-caption-text gallery-caption' id='gallery-1-10172'>\n\t\t\t\tKristen Bell de Jenny Packham con clutch de Roger Vivier\n\t\t\t\t<\/figcaption><\/figure><figure class='gallery-item'>\n\t\t\t<div class='gallery-icon portrait'>\n\t\t\t\t<a href='http:\/\/www.moda.es\/blog\/rachel-weisz-con-transparencias-de-louis-vuitton-joyas-de-bulgari-y-accesorios-de-jimmy-choo\/'><img width=\"150\" height=\"150\" src=\"https:\/\/i0.wp.com\/www.moda.es\/blog\/wp-content\/uploads\/2013\/01\/Rachel-Weisz-con-transparencias-de-Louis-Vuitton-joyas-de-Bulgari-y-accesorios-de-Jimmy-Choo.jpg?resize=150%2C150\" class=\"attachment-thumbnail size-thumbnail\" alt=\"\" loading=\"lazy\" aria-describedby=\"gallery-1-10181\" srcset=\"https:\/\/i0.wp.com\/www.moda.es\/blog\/wp-content\/uploads\/2013\/01\/Rachel-Weisz-con-transparencias-de-Louis-Vuitton-joyas-de-Bulgari-y-accesorios-de-Jimmy-Choo.jpg?resize=150%2C150 150w, https:\/\/i0.wp.com\/www.moda.es\/blog\/wp-content\/uploads\/2013\/01\/Rachel-Weisz-con-transparencias-de-Louis-Vuitton-joyas-de-Bulgari-y-accesorios-de-Jimmy-Choo.jpg?zoom=2&amp;resize=150%2C150 300w\" sizes=\"(max-width: 150px) 100vw, 150px\" data-attachment-id=\"10181\" data-permalink=\"http:\/\/www.moda.es\/blog\/rachel-weisz-con-transparencias-de-louis-vuitton-joyas-de-bulgari-y-accesorios-de-jimmy-choo\/\" data-orig-file=\"https:\/\/i0.wp.com\/www.moda.es\/blog\/wp-content\/uploads\/2013\/01\/Rachel-Weisz-con-transparencias-de-Louis-Vuitton-joyas-de-Bulgari-y-accesorios-de-Jimmy-Choo.jpg?fit=320%2C480\" data-orig-size=\"320,480\" data-comments-opened=\"1\" data-image-meta=\"{&quot;aperture&quot;:&quot;0&quot;,&quot;credit&quot;:&quot;&quot;,&quot;camera&quot;:&quot;&quot;,&quot;caption&quot;:&quot;&quot;,&quot;created_timestamp&quot;:&quot;0&quot;,&quot;copyright&quot;:&quot;2013 Steve Granitz&quot;,&quot;focal_length&quot;:&quot;0&quot;,&quot;iso&quot;:&quot;0&quot;,&quot;shutter_speed&quot;:&quot;0&quot;,&quot;title&quot;:&quot;&quot;}\" data-image-title=\"Rachel Weisz, con transparencias de Louis Vuitton, joyas de Bulgari y accesorios de Jimmy Choo\" data-image-description=\"\" data-image-caption=\"&lt;p&gt;Rachel Weisz, con transparencias de Louis Vuitton, joyas de Bulgari y accesorios de Jimmy Choo&lt;\/p&gt;\n\" data-medium-file=\"https:\/\/i0.wp.com\/www.moda.es\/blog\/wp-content\/uploads\/2013\/01\/Rachel-Weisz-con-transparencias-de-Louis-Vuitton-joyas-de-Bulgari-y-accesorios-de-Jimmy-Choo.jpg?fit=200%2C300\" data-large-file=\"https:\/\/i0.wp.com\/www.moda.es\/blog\/wp-content\/uploads\/2013\/01\/Rachel-Weisz-con-transparencias-de-Louis-Vuitton-joyas-de-Bulgari-y-accesorios-de-Jimmy-Choo.jpg?fit=320%2C480\" \/><\/a>\n\t\t\t<\/div>\n\t\t\t\t<figcaption class='wp-caption-text gallery-caption' id='gallery-1-10181'>\n\t\t\t\tRachel Weisz, con transparencias de Louis Vuitton, joyas de Bulgari y accesorios de Jimmy Choo\n\t\t\t\t<\/figcaption><\/figure><figure class='gallery-item'>\n\t\t\t<div class='gallery-icon portrait'>\n\t\t\t\t<a href='http:\/\/www.moda.es\/blog\/halle-berry-de-atelier-versace-con-zapatos-de-christian-louboutin\/'><img width=\"150\" height=\"150\" src=\"https:\/\/i0.wp.com\/www.moda.es\/blog\/wp-content\/uploads\/2013\/01\/Halle-Berry-de-Atelier-Versace-con-zapatos-de-Christian-Louboutin.jpg?resize=150%2C150\" class=\"attachment-thumbnail size-thumbnail\" alt=\"\" loading=\"lazy\" aria-describedby=\"gallery-1-10159\" srcset=\"https:\/\/i0.wp.com\/www.moda.es\/blog\/wp-content\/uploads\/2013\/01\/Halle-Berry-de-Atelier-Versace-con-zapatos-de-Christian-Louboutin.jpg?resize=150%2C150 150w, https:\/\/i0.wp.com\/www.moda.es\/blog\/wp-content\/uploads\/2013\/01\/Halle-Berry-de-Atelier-Versace-con-zapatos-de-Christian-Louboutin.jpg?zoom=2&amp;resize=150%2C150 300w\" sizes=\"(max-width: 150px) 100vw, 150px\" data-attachment-id=\"10159\" data-permalink=\"http:\/\/www.moda.es\/blog\/halle-berry-de-atelier-versace-con-zapatos-de-christian-louboutin\/\" data-orig-file=\"https:\/\/i0.wp.com\/www.moda.es\/blog\/wp-content\/uploads\/2013\/01\/Halle-Berry-de-Atelier-Versace-con-zapatos-de-Christian-Louboutin.jpg?fit=320%2C480\" data-orig-size=\"320,480\" data-comments-opened=\"1\" data-image-meta=\"{&quot;aperture&quot;:&quot;0&quot;,&quot;credit&quot;:&quot;&quot;,&quot;camera&quot;:&quot;&quot;,&quot;caption&quot;:&quot;&quot;,&quot;created_timestamp&quot;:&quot;0&quot;,&quot;copyright&quot;:&quot;2013 Steve Granitz&quot;,&quot;focal_length&quot;:&quot;0&quot;,&quot;iso&quot;:&quot;0&quot;,&quot;shutter_speed&quot;:&quot;0&quot;,&quot;title&quot;:&quot;&quot;}\" data-image-title=\"Halle Berry, de Atelier Versace, con zapatos de Christian Louboutin\" data-image-description=\"\" data-image-caption=\"&lt;p&gt;Halle Berry, de Atelier Versace, con zapatos de Christian Louboutin&lt;\/p&gt;\n\" data-medium-file=\"https:\/\/i0.wp.com\/www.moda.es\/blog\/wp-content\/uploads\/2013\/01\/Halle-Berry-de-Atelier-Versace-con-zapatos-de-Christian-Louboutin.jpg?fit=200%2C300\" data-large-file=\"https:\/\/i0.wp.com\/www.moda.es\/blog\/wp-content\/uploads\/2013\/01\/Halle-Berry-de-Atelier-Versace-con-zapatos-de-Christian-Louboutin.jpg?fit=320%2C480\" \/><\/a>\n\t\t\t<\/div>\n\t\t\t\t<figcaption class='wp-caption-text gallery-caption' id='gallery-1-10159'>\n\t\t\t\tHalle Berry, de Atelier Versace, con zapatos de Christian Louboutin\n\t\t\t\t<\/figcaption><\/figure><figure class='gallery-item'>\n\t\t\t<div class='gallery-icon portrait'>\n\t\t\t\t<a href='http:\/\/www.moda.es\/blog\/jessica-alba-de-oscar-de-la-renta-con-joyas-de-harry-winston-y-clutch-de-roger-vivier\/'><img width=\"150\" height=\"150\" src=\"https:\/\/i0.wp.com\/www.moda.es\/blog\/wp-content\/uploads\/2013\/01\/Jessica-Alba-de-Oscar-de-la-Renta-con-joyas-de-Harry-Winston-y-clutch-de-Roger-Vivier.jpg?resize=150%2C150\" class=\"attachment-thumbnail size-thumbnail\" alt=\"\" loading=\"lazy\" aria-describedby=\"gallery-1-10165\" srcset=\"https:\/\/i0.wp.com\/www.moda.es\/blog\/wp-content\/uploads\/2013\/01\/Jessica-Alba-de-Oscar-de-la-Renta-con-joyas-de-Harry-Winston-y-clutch-de-Roger-Vivier.jpg?resize=150%2C150 150w, https:\/\/i0.wp.com\/www.moda.es\/blog\/wp-content\/uploads\/2013\/01\/Jessica-Alba-de-Oscar-de-la-Renta-con-joyas-de-Harry-Winston-y-clutch-de-Roger-Vivier.jpg?zoom=2&amp;resize=150%2C150 300w\" sizes=\"(max-width: 150px) 100vw, 150px\" data-attachment-id=\"10165\" data-permalink=\"http:\/\/www.moda.es\/blog\/jessica-alba-de-oscar-de-la-renta-con-joyas-de-harry-winston-y-clutch-de-roger-vivier\/\" data-orig-file=\"https:\/\/i0.wp.com\/www.moda.es\/blog\/wp-content\/uploads\/2013\/01\/Jessica-Alba-de-Oscar-de-la-Renta-con-joyas-de-Harry-Winston-y-clutch-de-Roger-Vivier.jpg?fit=320%2C480\" data-orig-size=\"320,480\" data-comments-opened=\"1\" data-image-meta=\"{&quot;aperture&quot;:&quot;0&quot;,&quot;credit&quot;:&quot;&quot;,&quot;camera&quot;:&quot;&quot;,&quot;caption&quot;:&quot;&quot;,&quot;created_timestamp&quot;:&quot;0&quot;,&quot;copyright&quot;:&quot;2013 Jeff Vespa&quot;,&quot;focal_length&quot;:&quot;0&quot;,&quot;iso&quot;:&quot;0&quot;,&quot;shutter_speed&quot;:&quot;0&quot;,&quot;title&quot;:&quot;&quot;}\" data-image-title=\"Jessica Alba, de Oscar de la Renta con joyas de Harry Winston y clutch de Roger Vivier\" data-image-description=\"\" data-image-caption=\"&lt;p&gt;Jessica Alba, de Oscar de la Renta con joyas de Harry Winston y clutch de Roger Vivier&lt;\/p&gt;\n\" data-medium-file=\"https:\/\/i0.wp.com\/www.moda.es\/blog\/wp-content\/uploads\/2013\/01\/Jessica-Alba-de-Oscar-de-la-Renta-con-joyas-de-Harry-Winston-y-clutch-de-Roger-Vivier.jpg?fit=200%2C300\" data-large-file=\"https:\/\/i0.wp.com\/www.moda.es\/blog\/wp-content\/uploads\/2013\/01\/Jessica-Alba-de-Oscar-de-la-Renta-con-joyas-de-Harry-Winston-y-clutch-de-Roger-Vivier.jpg?fit=320%2C480\" \/><\/a>\n\t\t\t<\/div>\n\t\t\t\t<figcaption class='wp-caption-text gallery-caption' id='gallery-1-10165'>\n\t\t\t\tJessica Alba, de Oscar de la Renta con joyas de Harry Winston y clutch de Roger Vivier\n\t\t\t\t<\/figcaption><\/figure><figure class='gallery-item'>\n\t\t\t<div class='gallery-icon portrait'>\n\t\t\t\t<a href='http:\/\/www.moda.es\/blog\/jennifer-garner-de-vivienne-westwood\/'><img width=\"150\" height=\"150\" src=\"https:\/\/i0.wp.com\/www.moda.es\/blog\/wp-content\/uploads\/2013\/01\/Jennifer-Garner-de-Vivienne-Westwood.jpg?resize=150%2C150\" class=\"attachment-thumbnail size-thumbnail\" alt=\"\" loading=\"lazy\" aria-describedby=\"gallery-1-10162\" srcset=\"https:\/\/i0.wp.com\/www.moda.es\/blog\/wp-content\/uploads\/2013\/01\/Jennifer-Garner-de-Vivienne-Westwood.jpg?resize=150%2C150 150w, https:\/\/i0.wp.com\/www.moda.es\/blog\/wp-content\/uploads\/2013\/01\/Jennifer-Garner-de-Vivienne-Westwood.jpg?zoom=2&amp;resize=150%2C150 300w\" sizes=\"(max-width: 150px) 100vw, 150px\" data-attachment-id=\"10162\" data-permalink=\"http:\/\/www.moda.es\/blog\/jennifer-garner-de-vivienne-westwood\/\" data-orig-file=\"https:\/\/i0.wp.com\/www.moda.es\/blog\/wp-content\/uploads\/2013\/01\/Jennifer-Garner-de-Vivienne-Westwood.jpg?fit=320%2C480\" data-orig-size=\"320,480\" data-comments-opened=\"1\" data-image-meta=\"{&quot;aperture&quot;:&quot;0&quot;,&quot;credit&quot;:&quot;&quot;,&quot;camera&quot;:&quot;&quot;,&quot;caption&quot;:&quot;&quot;,&quot;created_timestamp&quot;:&quot;0&quot;,&quot;copyright&quot;:&quot;2013 Getty Images&quot;,&quot;focal_length&quot;:&quot;0&quot;,&quot;iso&quot;:&quot;0&quot;,&quot;shutter_speed&quot;:&quot;0&quot;,&quot;title&quot;:&quot;&quot;}\" data-image-title=\"Jennifer Garner de Vivienne Westwood\" data-image-description=\"\" data-image-caption=\"&lt;p&gt;Jennifer Garner de Vivienne Westwood&lt;\/p&gt;\n\" data-medium-file=\"https:\/\/i0.wp.com\/www.moda.es\/blog\/wp-content\/uploads\/2013\/01\/Jennifer-Garner-de-Vivienne-Westwood.jpg?fit=200%2C300\" data-large-file=\"https:\/\/i0.wp.com\/www.moda.es\/blog\/wp-content\/uploads\/2013\/01\/Jennifer-Garner-de-Vivienne-Westwood.jpg?fit=320%2C480\" \/><\/a>\n\t\t\t<\/div>\n\t\t\t\t<figcaption class='wp-caption-text gallery-caption' id='gallery-1-10162'>\n\t\t\t\tJennifer Garner de Vivienne Westwood\n\t\t\t\t<\/figcaption><\/figure><figure class='gallery-item'>\n\t\t\t<div class='gallery-icon portrait'>\n\t\t\t\t<a href='http:\/\/www.moda.es\/blog\/amy-adams-con-vestido-de-corte-sirena-de-marchesa-y-joyas-de-tiffany\/'><img width=\"150\" height=\"150\" src=\"https:\/\/i0.wp.com\/www.moda.es\/blog\/wp-content\/uploads\/2013\/01\/Amy-Adams-con-vestido-de-corte-sirena-de-Marchesa-y-joyas-de-Tiffany.jpg?resize=150%2C150\" class=\"attachment-thumbnail size-thumbnail\" alt=\"\" loading=\"lazy\" aria-describedby=\"gallery-1-10152\" srcset=\"https:\/\/i0.wp.com\/www.moda.es\/blog\/wp-content\/uploads\/2013\/01\/Amy-Adams-con-vestido-de-corte-sirena-de-Marchesa-y-joyas-de-Tiffany.jpg?resize=150%2C150 150w, https:\/\/i0.wp.com\/www.moda.es\/blog\/wp-content\/uploads\/2013\/01\/Amy-Adams-con-vestido-de-corte-sirena-de-Marchesa-y-joyas-de-Tiffany.jpg?zoom=2&amp;resize=150%2C150 300w\" sizes=\"(max-width: 150px) 100vw, 150px\" data-attachment-id=\"10152\" data-permalink=\"http:\/\/www.moda.es\/blog\/amy-adams-con-vestido-de-corte-sirena-de-marchesa-y-joyas-de-tiffany\/\" data-orig-file=\"https:\/\/i0.wp.com\/www.moda.es\/blog\/wp-content\/uploads\/2013\/01\/Amy-Adams-con-vestido-de-corte-sirena-de-Marchesa-y-joyas-de-Tiffany.jpg?fit=320%2C480\" data-orig-size=\"320,480\" data-comments-opened=\"1\" data-image-meta=\"{&quot;aperture&quot;:&quot;0&quot;,&quot;credit&quot;:&quot;&quot;,&quot;camera&quot;:&quot;&quot;,&quot;caption&quot;:&quot;&quot;,&quot;created_timestamp&quot;:&quot;0&quot;,&quot;copyright&quot;:&quot;2013 Jeff Vespa&quot;,&quot;focal_length&quot;:&quot;0&quot;,&quot;iso&quot;:&quot;0&quot;,&quot;shutter_speed&quot;:&quot;0&quot;,&quot;title&quot;:&quot;&quot;}\" data-image-title=\"Amy Adams, con vestido de corte sirena de Marchesa y joyas de Tiffany\" data-image-description=\"\" data-image-caption=\"&lt;p&gt;Amy Adams, con vestido de corte sirena de Marchesa y joyas de Tiffany&lt;\/p&gt;\n\" data-medium-file=\"https:\/\/i0.wp.com\/www.moda.es\/blog\/wp-content\/uploads\/2013\/01\/Amy-Adams-con-vestido-de-corte-sirena-de-Marchesa-y-joyas-de-Tiffany.jpg?fit=200%2C300\" data-large-file=\"https:\/\/i0.wp.com\/www.moda.es\/blog\/wp-content\/uploads\/2013\/01\/Amy-Adams-con-vestido-de-corte-sirena-de-Marchesa-y-joyas-de-Tiffany.jpg?fit=320%2C480\" \/><\/a>\n\t\t\t<\/div>\n\t\t\t\t<figcaption class='wp-caption-text gallery-caption' id='gallery-1-10152'>\n\t\t\t\tAmy Adams, con vestido de corte sirena de Marchesa y joyas de Tiffany\n\t\t\t\t<\/figcaption><\/figure><figure class='gallery-item'>\n\t\t\t<div class='gallery-icon portrait'>\n\t\t\t\t<a href='http:\/\/www.moda.es\/blog\/lucy-liu-de-carolina-herrera-con-joyas-de-lorraine-schwartz\/'><img width=\"150\" height=\"150\" src=\"https:\/\/i0.wp.com\/www.moda.es\/blog\/wp-content\/uploads\/2013\/01\/Lucy-Liu-de-Carolina-Herrera-con-joyas-de-Lorraine-Schwartz.jpg?resize=150%2C150\" class=\"attachment-thumbnail size-thumbnail\" alt=\"\" loading=\"lazy\" aria-describedby=\"gallery-1-10175\" srcset=\"https:\/\/i0.wp.com\/www.moda.es\/blog\/wp-content\/uploads\/2013\/01\/Lucy-Liu-de-Carolina-Herrera-con-joyas-de-Lorraine-Schwartz.jpg?resize=150%2C150 150w, https:\/\/i0.wp.com\/www.moda.es\/blog\/wp-content\/uploads\/2013\/01\/Lucy-Liu-de-Carolina-Herrera-con-joyas-de-Lorraine-Schwartz.jpg?zoom=2&amp;resize=150%2C150 300w\" sizes=\"(max-width: 150px) 100vw, 150px\" data-attachment-id=\"10175\" data-permalink=\"http:\/\/www.moda.es\/blog\/lucy-liu-de-carolina-herrera-con-joyas-de-lorraine-schwartz\/\" data-orig-file=\"https:\/\/i0.wp.com\/www.moda.es\/blog\/wp-content\/uploads\/2013\/01\/Lucy-Liu-de-Carolina-Herrera-con-joyas-de-Lorraine-Schwartz.jpg?fit=320%2C480\" data-orig-size=\"320,480\" data-comments-opened=\"1\" data-image-meta=\"{&quot;aperture&quot;:&quot;0&quot;,&quot;credit&quot;:&quot;&quot;,&quot;camera&quot;:&quot;&quot;,&quot;caption&quot;:&quot;&quot;,&quot;created_timestamp&quot;:&quot;0&quot;,&quot;copyright&quot;:&quot;2013 Steve Granitz&quot;,&quot;focal_length&quot;:&quot;0&quot;,&quot;iso&quot;:&quot;0&quot;,&quot;shutter_speed&quot;:&quot;0&quot;,&quot;title&quot;:&quot;&quot;}\" data-image-title=\"Lucy Liu, de Carolina Herrera, con joyas de Lorraine Schwartz\" data-image-description=\"\" data-image-caption=\"&lt;p&gt;Lucy Liu, de Carolina Herrera, con joyas de Lorraine Schwartz&lt;\/p&gt;\n\" data-medium-file=\"https:\/\/i0.wp.com\/www.moda.es\/blog\/wp-content\/uploads\/2013\/01\/Lucy-Liu-de-Carolina-Herrera-con-joyas-de-Lorraine-Schwartz.jpg?fit=200%2C300\" data-large-file=\"https:\/\/i0.wp.com\/www.moda.es\/blog\/wp-content\/uploads\/2013\/01\/Lucy-Liu-de-Carolina-Herrera-con-joyas-de-Lorraine-Schwartz.jpg?fit=320%2C480\" \/><\/a>\n\t\t\t<\/div>\n\t\t\t\t<figcaption class='wp-caption-text gallery-caption' id='gallery-1-10175'>\n\t\t\t\tLucy Liu, de Carolina Herrera, con joyas de Lorraine Schwartz\n\t\t\t\t<\/figcaption><\/figure><figure class='gallery-item'>\n\t\t\t<div class='gallery-icon portrait'>\n\t\t\t\t<a href='http:\/\/www.moda.es\/blog\/emily-blunt-de-michael-kors-con-joyas-de-lorraine-schwartz-y-clutch-de-salvatore-ferragamo\/'><img width=\"150\" height=\"150\" src=\"https:\/\/i0.wp.com\/www.moda.es\/blog\/wp-content\/uploads\/2013\/01\/Emily-Blunt-de-Michael-Kors-con-joyas-de-Lorraine-Schwartz-y-clutch-de-Salvatore-Ferragamo.jpg?resize=150%2C150\" class=\"attachment-thumbnail size-thumbnail\" alt=\"\" loading=\"lazy\" aria-describedby=\"gallery-1-10156\" srcset=\"https:\/\/i0.wp.com\/www.moda.es\/blog\/wp-content\/uploads\/2013\/01\/Emily-Blunt-de-Michael-Kors-con-joyas-de-Lorraine-Schwartz-y-clutch-de-Salvatore-Ferragamo.jpg?resize=150%2C150 150w, https:\/\/i0.wp.com\/www.moda.es\/blog\/wp-content\/uploads\/2013\/01\/Emily-Blunt-de-Michael-Kors-con-joyas-de-Lorraine-Schwartz-y-clutch-de-Salvatore-Ferragamo.jpg?zoom=2&amp;resize=150%2C150 300w\" sizes=\"(max-width: 150px) 100vw, 150px\" data-attachment-id=\"10156\" data-permalink=\"http:\/\/www.moda.es\/blog\/emily-blunt-de-michael-kors-con-joyas-de-lorraine-schwartz-y-clutch-de-salvatore-ferragamo\/\" data-orig-file=\"https:\/\/i0.wp.com\/www.moda.es\/blog\/wp-content\/uploads\/2013\/01\/Emily-Blunt-de-Michael-Kors-con-joyas-de-Lorraine-Schwartz-y-clutch-de-Salvatore-Ferragamo.jpg?fit=320%2C480\" data-orig-size=\"320,480\" data-comments-opened=\"1\" data-image-meta=\"{&quot;aperture&quot;:&quot;0&quot;,&quot;credit&quot;:&quot;&quot;,&quot;camera&quot;:&quot;&quot;,&quot;caption&quot;:&quot;&quot;,&quot;created_timestamp&quot;:&quot;0&quot;,&quot;copyright&quot;:&quot;2013 Kevork Djansezian\\\/NBC&quot;,&quot;focal_length&quot;:&quot;0&quot;,&quot;iso&quot;:&quot;0&quot;,&quot;shutter_speed&quot;:&quot;0&quot;,&quot;title&quot;:&quot;&quot;}\" data-image-title=\"Emily Blunt, de Michael Kors con joyas de Lorraine Schwartz y clutch de Salvatore Ferragamo\" data-image-description=\"\" data-image-caption=\"&lt;p&gt;Emily Blunt, de Michael Kors con joyas de Lorraine Schwartz y clutch de Salvatore Ferragamo&lt;\/p&gt;\n\" data-medium-file=\"https:\/\/i0.wp.com\/www.moda.es\/blog\/wp-content\/uploads\/2013\/01\/Emily-Blunt-de-Michael-Kors-con-joyas-de-Lorraine-Schwartz-y-clutch-de-Salvatore-Ferragamo.jpg?fit=200%2C300\" data-large-file=\"https:\/\/i0.wp.com\/www.moda.es\/blog\/wp-content\/uploads\/2013\/01\/Emily-Blunt-de-Michael-Kors-con-joyas-de-Lorraine-Schwartz-y-clutch-de-Salvatore-Ferragamo.jpg?fit=320%2C480\" \/><\/a>\n\t\t\t<\/div>\n\t\t\t\t<figcaption class='wp-caption-text gallery-caption' id='gallery-1-10156'>\n\t\t\t\tEmily Blunt, de Michael Kors con joyas de Lorraine Schwartz y clutch de Salvatore Ferragamo\n\t\t\t\t<\/figcaption><\/figure><figure class='gallery-item'>\n\t\t\t<div class='gallery-icon portrait'>\n\t\t\t\t<a href='http:\/\/www.moda.es\/blog\/lena-dunham-de-zac-posen\/'><img width=\"150\" height=\"150\" src=\"https:\/\/i0.wp.com\/www.moda.es\/blog\/wp-content\/uploads\/2013\/01\/Lena-Dunham-de-Zac-Posen.jpg?resize=150%2C150\" class=\"attachment-thumbnail size-thumbnail\" alt=\"\" loading=\"lazy\" aria-describedby=\"gallery-1-10174\" srcset=\"https:\/\/i0.wp.com\/www.moda.es\/blog\/wp-content\/uploads\/2013\/01\/Lena-Dunham-de-Zac-Posen.jpg?resize=150%2C150 150w, https:\/\/i0.wp.com\/www.moda.es\/blog\/wp-content\/uploads\/2013\/01\/Lena-Dunham-de-Zac-Posen.jpg?zoom=2&amp;resize=150%2C150 300w\" sizes=\"(max-width: 150px) 100vw, 150px\" data-attachment-id=\"10174\" data-permalink=\"http:\/\/www.moda.es\/blog\/lena-dunham-de-zac-posen\/\" data-orig-file=\"https:\/\/i0.wp.com\/www.moda.es\/blog\/wp-content\/uploads\/2013\/01\/Lena-Dunham-de-Zac-Posen.jpg?fit=320%2C480\" data-orig-size=\"320,480\" data-comments-opened=\"1\" data-image-meta=\"{&quot;aperture&quot;:&quot;0&quot;,&quot;credit&quot;:&quot;&quot;,&quot;camera&quot;:&quot;&quot;,&quot;caption&quot;:&quot;&quot;,&quot;created_timestamp&quot;:&quot;0&quot;,&quot;copyright&quot;:&quot;2013 Steve Granitz&quot;,&quot;focal_length&quot;:&quot;0&quot;,&quot;iso&quot;:&quot;0&quot;,&quot;shutter_speed&quot;:&quot;0&quot;,&quot;title&quot;:&quot;&quot;}\" data-image-title=\"Lena Dunham, de Zac Posen\" data-image-description=\"\" data-image-caption=\"&lt;p&gt;Lena Dunham, de Zac Posen&lt;\/p&gt;\n\" data-medium-file=\"https:\/\/i0.wp.com\/www.moda.es\/blog\/wp-content\/uploads\/2013\/01\/Lena-Dunham-de-Zac-Posen.jpg?fit=200%2C300\" data-large-file=\"https:\/\/i0.wp.com\/www.moda.es\/blog\/wp-content\/uploads\/2013\/01\/Lena-Dunham-de-Zac-Posen.jpg?fit=320%2C480\" \/><\/a>\n\t\t\t<\/div>\n\t\t\t\t<figcaption class='wp-caption-text gallery-caption' id='gallery-1-10174'>\n\t\t\t\tLena Dunham, de Zac Posen\n\t\t\t\t<\/figcaption><\/figure><figure class='gallery-item'>\n\t\t\t<div class='gallery-icon portrait'>\n\t\t\t\t<a href='http:\/\/www.moda.es\/blog\/jennifer-lopez-de-zuhair-murad-haute-couture-con-clutch-de-jimmy-choo\/'><img width=\"150\" height=\"150\" src=\"https:\/\/i0.wp.com\/www.moda.es\/blog\/wp-content\/uploads\/2013\/01\/Jennifer-Lopez-de-Zuhair-Murad-Haute-Couture-con-clutch-de-Jimmy-Choo.jpg?resize=150%2C150\" class=\"attachment-thumbnail size-thumbnail\" alt=\"\" loading=\"lazy\" aria-describedby=\"gallery-1-10164\" srcset=\"https:\/\/i0.wp.com\/www.moda.es\/blog\/wp-content\/uploads\/2013\/01\/Jennifer-Lopez-de-Zuhair-Murad-Haute-Couture-con-clutch-de-Jimmy-Choo.jpg?resize=150%2C150 150w, https:\/\/i0.wp.com\/www.moda.es\/blog\/wp-content\/uploads\/2013\/01\/Jennifer-Lopez-de-Zuhair-Murad-Haute-Couture-con-clutch-de-Jimmy-Choo.jpg?zoom=2&amp;resize=150%2C150 300w\" sizes=\"(max-width: 150px) 100vw, 150px\" data-attachment-id=\"10164\" data-permalink=\"http:\/\/www.moda.es\/blog\/jennifer-lopez-de-zuhair-murad-haute-couture-con-clutch-de-jimmy-choo\/\" data-orig-file=\"https:\/\/i0.wp.com\/www.moda.es\/blog\/wp-content\/uploads\/2013\/01\/Jennifer-Lopez-de-Zuhair-Murad-Haute-Couture-con-clutch-de-Jimmy-Choo.jpg?fit=320%2C480\" data-orig-size=\"320,480\" data-comments-opened=\"1\" data-image-meta=\"{&quot;aperture&quot;:&quot;0&quot;,&quot;credit&quot;:&quot;&quot;,&quot;camera&quot;:&quot;&quot;,&quot;caption&quot;:&quot;&quot;,&quot;created_timestamp&quot;:&quot;0&quot;,&quot;copyright&quot;:&quot;2013 Jeff Vespa&quot;,&quot;focal_length&quot;:&quot;0&quot;,&quot;iso&quot;:&quot;0&quot;,&quot;shutter_speed&quot;:&quot;0&quot;,&quot;title&quot;:&quot;&quot;}\" data-image-title=\"Jennifer Lopez, de Zuhair Murad Haute Couture, con clutch de  Jimmy Choo\" data-image-description=\"\" data-image-caption=\"&lt;p&gt;Jennifer Lopez, de Zuhair Murad Haute Couture, con clutch de  Jimmy Choo&lt;\/p&gt;\n\" data-medium-file=\"https:\/\/i0.wp.com\/www.moda.es\/blog\/wp-content\/uploads\/2013\/01\/Jennifer-Lopez-de-Zuhair-Murad-Haute-Couture-con-clutch-de-Jimmy-Choo.jpg?fit=200%2C300\" data-large-file=\"https:\/\/i0.wp.com\/www.moda.es\/blog\/wp-content\/uploads\/2013\/01\/Jennifer-Lopez-de-Zuhair-Murad-Haute-Couture-con-clutch-de-Jimmy-Choo.jpg?fit=320%2C480\" \/><\/a>\n\t\t\t<\/div>\n\t\t\t\t<figcaption class='wp-caption-text gallery-caption' id='gallery-1-10164'>\n\t\t\t\tJennifer Lopez, de Zuhair Murad Haute Couture, con clutch de  Jimmy Choo\n\t\t\t\t<\/figcaption><\/figure><figure class='gallery-item'>\n\t\t\t<div class='gallery-icon portrait'>\n\t\t\t\t<a href='http:\/\/www.moda.es\/blog\/adele-con-vestido-de-georgette-y-pedreria-de-burberry-prorsum-y-joyas-van-cleef-2\/'><img width=\"150\" height=\"150\" src=\"https:\/\/i0.wp.com\/www.moda.es\/blog\/wp-content\/uploads\/2013\/01\/Adele-con-vestido-de-georgette-y-pedreria-de-Burberry-Prorsum-y-joyas-Van-Cleef.jpg?resize=150%2C150\" class=\"attachment-thumbnail size-thumbnail\" alt=\"\" loading=\"lazy\" aria-describedby=\"gallery-1-10189\" srcset=\"https:\/\/i0.wp.com\/www.moda.es\/blog\/wp-content\/uploads\/2013\/01\/Adele-con-vestido-de-georgette-y-pedreria-de-Burberry-Prorsum-y-joyas-Van-Cleef.jpg?resize=150%2C150 150w, https:\/\/i0.wp.com\/www.moda.es\/blog\/wp-content\/uploads\/2013\/01\/Adele-con-vestido-de-georgette-y-pedreria-de-Burberry-Prorsum-y-joyas-Van-Cleef.jpg?zoom=2&amp;resize=150%2C150 300w\" sizes=\"(max-width: 150px) 100vw, 150px\" data-attachment-id=\"10189\" data-permalink=\"http:\/\/www.moda.es\/blog\/adele-con-vestido-de-georgette-y-pedreria-de-burberry-prorsum-y-joyas-van-cleef-2\/\" data-orig-file=\"https:\/\/i0.wp.com\/www.moda.es\/blog\/wp-content\/uploads\/2013\/01\/Adele-con-vestido-de-georgette-y-pedreria-de-Burberry-Prorsum-y-joyas-Van-Cleef.jpg?fit=320%2C480\" data-orig-size=\"320,480\" data-comments-opened=\"1\" data-image-meta=\"{&quot;aperture&quot;:&quot;0&quot;,&quot;credit&quot;:&quot;&quot;,&quot;camera&quot;:&quot;&quot;,&quot;caption&quot;:&quot;&quot;,&quot;created_timestamp&quot;:&quot;0&quot;,&quot;copyright&quot;:&quot;2013 Steve Granitz&quot;,&quot;focal_length&quot;:&quot;0&quot;,&quot;iso&quot;:&quot;0&quot;,&quot;shutter_speed&quot;:&quot;0&quot;,&quot;title&quot;:&quot;&quot;}\" data-image-title=\"Adele, con vestido de georgette y pedreria de Burberry Prorsum, y joyas Van Cleef\" data-image-description=\"\" data-image-caption=\"&lt;p&gt;Adele, con vestido de georgette y pedreria de Burberry Prorsum, y joyas Van Cleef&lt;\/p&gt;\n\" data-medium-file=\"https:\/\/i0.wp.com\/www.moda.es\/blog\/wp-content\/uploads\/2013\/01\/Adele-con-vestido-de-georgette-y-pedreria-de-Burberry-Prorsum-y-joyas-Van-Cleef.jpg?fit=200%2C300\" data-large-file=\"https:\/\/i0.wp.com\/www.moda.es\/blog\/wp-content\/uploads\/2013\/01\/Adele-con-vestido-de-georgette-y-pedreria-de-Burberry-Prorsum-y-joyas-Van-Cleef.jpg?fit=320%2C480\" \/><\/a>\n\t\t\t<\/div>\n\t\t\t\t<figcaption class='wp-caption-text gallery-caption' id='gallery-1-10189'>\n\t\t\t\tAdele, con vestido de georgette y pedreria de Burberry Prorsum, y joyas Van Cleef\n\t\t\t\t<\/figcaption><\/figure><figure class='gallery-item'>\n\t\t\t<div class='gallery-icon portrait'>\n\t\t\t\t<a href='http:\/\/www.moda.es\/blog\/sienna-miller-de-erdem-con-joyas-de-van-cleef\/'><img width=\"150\" height=\"150\" src=\"https:\/\/i0.wp.com\/www.moda.es\/blog\/wp-content\/uploads\/2013\/01\/Sienna-Miller-de-Erdem-con-joyas-de-Van-Cleef.jpg?resize=150%2C150\" class=\"attachment-thumbnail size-thumbnail\" alt=\"\" loading=\"lazy\" aria-describedby=\"gallery-1-10184\" srcset=\"https:\/\/i0.wp.com\/www.moda.es\/blog\/wp-content\/uploads\/2013\/01\/Sienna-Miller-de-Erdem-con-joyas-de-Van-Cleef.jpg?resize=150%2C150 150w, https:\/\/i0.wp.com\/www.moda.es\/blog\/wp-content\/uploads\/2013\/01\/Sienna-Miller-de-Erdem-con-joyas-de-Van-Cleef.jpg?zoom=2&amp;resize=150%2C150 300w\" sizes=\"(max-width: 150px) 100vw, 150px\" data-attachment-id=\"10184\" data-permalink=\"http:\/\/www.moda.es\/blog\/sienna-miller-de-erdem-con-joyas-de-van-cleef\/\" data-orig-file=\"https:\/\/i0.wp.com\/www.moda.es\/blog\/wp-content\/uploads\/2013\/01\/Sienna-Miller-de-Erdem-con-joyas-de-Van-Cleef.jpg?fit=320%2C480\" data-orig-size=\"320,480\" data-comments-opened=\"1\" data-image-meta=\"{&quot;aperture&quot;:&quot;0&quot;,&quot;credit&quot;:&quot;&quot;,&quot;camera&quot;:&quot;&quot;,&quot;caption&quot;:&quot;&quot;,&quot;created_timestamp&quot;:&quot;0&quot;,&quot;copyright&quot;:&quot;2013 Steve Granitz&quot;,&quot;focal_length&quot;:&quot;0&quot;,&quot;iso&quot;:&quot;0&quot;,&quot;shutter_speed&quot;:&quot;0&quot;,&quot;title&quot;:&quot;&quot;}\" data-image-title=\"Sienna Miller, de Erdem, con joyas de Van Cleef\" data-image-description=\"\" data-image-caption=\"&lt;p&gt;Sienna Miller, de Erdem, con joyas de Van Cleef&lt;\/p&gt;\n\" data-medium-file=\"https:\/\/i0.wp.com\/www.moda.es\/blog\/wp-content\/uploads\/2013\/01\/Sienna-Miller-de-Erdem-con-joyas-de-Van-Cleef.jpg?fit=200%2C300\" data-large-file=\"https:\/\/i0.wp.com\/www.moda.es\/blog\/wp-content\/uploads\/2013\/01\/Sienna-Miller-de-Erdem-con-joyas-de-Van-Cleef.jpg?fit=320%2C480\" \/><\/a>\n\t\t\t<\/div>\n\t\t\t\t<figcaption class='wp-caption-text gallery-caption' id='gallery-1-10184'>\n\t\t\t\tSienna Miller, de Erdem, con joyas de Van Cleef\n\t\t\t\t<\/figcaption><\/figure><figure class='gallery-item'>\n\t\t\t<div class='gallery-icon portrait'>\n\t\t\t\t<a href='http:\/\/www.moda.es\/blog\/nicole-kidman-de-alexander-mcqueen\/'><img width=\"150\" height=\"150\" src=\"https:\/\/i0.wp.com\/www.moda.es\/blog\/wp-content\/uploads\/2013\/01\/Nicole-Kidman-de-Alexander-McQueen.jpg?resize=150%2C150\" class=\"attachment-thumbnail size-thumbnail\" alt=\"\" loading=\"lazy\" aria-describedby=\"gallery-1-10179\" srcset=\"https:\/\/i0.wp.com\/www.moda.es\/blog\/wp-content\/uploads\/2013\/01\/Nicole-Kidman-de-Alexander-McQueen.jpg?resize=150%2C150 150w, https:\/\/i0.wp.com\/www.moda.es\/blog\/wp-content\/uploads\/2013\/01\/Nicole-Kidman-de-Alexander-McQueen.jpg?zoom=2&amp;resize=150%2C150 300w\" sizes=\"(max-width: 150px) 100vw, 150px\" data-attachment-id=\"10179\" data-permalink=\"http:\/\/www.moda.es\/blog\/nicole-kidman-de-alexander-mcqueen\/\" data-orig-file=\"https:\/\/i0.wp.com\/www.moda.es\/blog\/wp-content\/uploads\/2013\/01\/Nicole-Kidman-de-Alexander-McQueen.jpg?fit=320%2C480\" data-orig-size=\"320,480\" data-comments-opened=\"1\" data-image-meta=\"{&quot;aperture&quot;:&quot;0&quot;,&quot;credit&quot;:&quot;&quot;,&quot;camera&quot;:&quot;&quot;,&quot;caption&quot;:&quot;&quot;,&quot;created_timestamp&quot;:&quot;0&quot;,&quot;copyright&quot;:&quot;2013 Steve Granitz&quot;,&quot;focal_length&quot;:&quot;0&quot;,&quot;iso&quot;:&quot;0&quot;,&quot;shutter_speed&quot;:&quot;0&quot;,&quot;title&quot;:&quot;&quot;}\" data-image-title=\"Nicole Kidman, de Alexander McQueen\" data-image-description=\"\" data-image-caption=\"&lt;p&gt;Nicole Kidman, de Alexander McQueen&lt;\/p&gt;\n\" data-medium-file=\"https:\/\/i0.wp.com\/www.moda.es\/blog\/wp-content\/uploads\/2013\/01\/Nicole-Kidman-de-Alexander-McQueen.jpg?fit=200%2C300\" data-large-file=\"https:\/\/i0.wp.com\/www.moda.es\/blog\/wp-content\/uploads\/2013\/01\/Nicole-Kidman-de-Alexander-McQueen.jpg?fit=320%2C480\" \/><\/a>\n\t\t\t<\/div>\n\t\t\t\t<figcaption class='wp-caption-text gallery-caption' id='gallery-1-10179'>\n\t\t\t\tNicole Kidman, de Alexander McQueen\n\t\t\t\t<\/figcaption><\/figure><figure class='gallery-item'>\n\t\t\t<div class='gallery-icon portrait'>\n\t\t\t\t<a href='http:\/\/www.moda.es\/blog\/anne-hathaway-de-chanel-alta-costura\/'><img width=\"150\" height=\"150\" src=\"https:\/\/i0.wp.com\/www.moda.es\/blog\/wp-content\/uploads\/2013\/01\/Anne-Hathaway-de-Chanel-Alta-Costura.jpg?resize=150%2C150\" class=\"attachment-thumbnail size-thumbnail\" alt=\"\" loading=\"lazy\" aria-describedby=\"gallery-1-10153\" srcset=\"https:\/\/i0.wp.com\/www.moda.es\/blog\/wp-content\/uploads\/2013\/01\/Anne-Hathaway-de-Chanel-Alta-Costura.jpg?resize=150%2C150 150w, https:\/\/i0.wp.com\/www.moda.es\/blog\/wp-content\/uploads\/2013\/01\/Anne-Hathaway-de-Chanel-Alta-Costura.jpg?zoom=2&amp;resize=150%2C150 300w\" sizes=\"(max-width: 150px) 100vw, 150px\" data-attachment-id=\"10153\" data-permalink=\"http:\/\/www.moda.es\/blog\/anne-hathaway-de-chanel-alta-costura\/\" data-orig-file=\"https:\/\/i0.wp.com\/www.moda.es\/blog\/wp-content\/uploads\/2013\/01\/Anne-Hathaway-de-Chanel-Alta-Costura.jpg?fit=320%2C480\" data-orig-size=\"320,480\" data-comments-opened=\"1\" data-image-meta=\"{&quot;aperture&quot;:&quot;0&quot;,&quot;credit&quot;:&quot;&quot;,&quot;camera&quot;:&quot;&quot;,&quot;caption&quot;:&quot;&quot;,&quot;created_timestamp&quot;:&quot;0&quot;,&quot;copyright&quot;:&quot;2013 Jeff Vespa&quot;,&quot;focal_length&quot;:&quot;0&quot;,&quot;iso&quot;:&quot;0&quot;,&quot;shutter_speed&quot;:&quot;0&quot;,&quot;title&quot;:&quot;&quot;}\" data-image-title=\"Anne Hathaway de Chanel Alta Costura\" data-image-description=\"\" data-image-caption=\"&lt;p&gt;Anne Hathaway de Chanel Alta Costura&lt;\/p&gt;\n\" data-medium-file=\"https:\/\/i0.wp.com\/www.moda.es\/blog\/wp-content\/uploads\/2013\/01\/Anne-Hathaway-de-Chanel-Alta-Costura.jpg?fit=200%2C300\" data-large-file=\"https:\/\/i0.wp.com\/www.moda.es\/blog\/wp-content\/uploads\/2013\/01\/Anne-Hathaway-de-Chanel-Alta-Costura.jpg?fit=320%2C480\" \/><\/a>\n\t\t\t<\/div>\n\t\t\t\t<figcaption class='wp-caption-text gallery-caption' id='gallery-1-10153'>\n\t\t\t\tAnne Hathaway de Chanel Alta Costura\n\t\t\t\t<\/figcaption><\/figure><figure class='gallery-item'>\n\t\t\t<div class='gallery-icon portrait'>\n\t\t\t\t<a href='http:\/\/www.moda.es\/blog\/marion-cotillard-de-dior-haute-couture\/'><img width=\"150\" height=\"150\" src=\"https:\/\/i0.wp.com\/www.moda.es\/blog\/wp-content\/uploads\/2013\/01\/Marion-Cotillard-de-Dior-Haute-Couture.jpg?resize=150%2C150\" class=\"attachment-thumbnail size-thumbnail\" alt=\"\" loading=\"lazy\" aria-describedby=\"gallery-1-10176\" srcset=\"https:\/\/i0.wp.com\/www.moda.es\/blog\/wp-content\/uploads\/2013\/01\/Marion-Cotillard-de-Dior-Haute-Couture.jpg?resize=150%2C150 150w, https:\/\/i0.wp.com\/www.moda.es\/blog\/wp-content\/uploads\/2013\/01\/Marion-Cotillard-de-Dior-Haute-Couture.jpg?zoom=2&amp;resize=150%2C150 300w\" sizes=\"(max-width: 150px) 100vw, 150px\" data-attachment-id=\"10176\" data-permalink=\"http:\/\/www.moda.es\/blog\/marion-cotillard-de-dior-haute-couture\/\" data-orig-file=\"https:\/\/i0.wp.com\/www.moda.es\/blog\/wp-content\/uploads\/2013\/01\/Marion-Cotillard-de-Dior-Haute-Couture.jpg?fit=320%2C480\" data-orig-size=\"320,480\" data-comments-opened=\"1\" data-image-meta=\"{&quot;aperture&quot;:&quot;0&quot;,&quot;credit&quot;:&quot;&quot;,&quot;camera&quot;:&quot;&quot;,&quot;caption&quot;:&quot;&quot;,&quot;created_timestamp&quot;:&quot;0&quot;,&quot;copyright&quot;:&quot;2013 Steve Granitz&quot;,&quot;focal_length&quot;:&quot;0&quot;,&quot;iso&quot;:&quot;0&quot;,&quot;shutter_speed&quot;:&quot;0&quot;,&quot;title&quot;:&quot;&quot;}\" data-image-title=\"Marion Cotillard, de Dior Haute Couture\" data-image-description=\"\" data-image-caption=\"&lt;p&gt;Marion Cotillard, de Dior Haute Couture&lt;\/p&gt;\n\" data-medium-file=\"https:\/\/i0.wp.com\/www.moda.es\/blog\/wp-content\/uploads\/2013\/01\/Marion-Cotillard-de-Dior-Haute-Couture.jpg?fit=200%2C300\" data-large-file=\"https:\/\/i0.wp.com\/www.moda.es\/blog\/wp-content\/uploads\/2013\/01\/Marion-Cotillard-de-Dior-Haute-Couture.jpg?fit=320%2C480\" \/><\/a>\n\t\t\t<\/div>\n\t\t\t\t<figcaption class='wp-caption-text gallery-caption' id='gallery-1-10176'>\n\t\t\t\tMarion Cotillard, de Dior Haute Couture\n\t\t\t\t<\/figcaption><\/figure><figure class='gallery-item'>\n\t\t\t<div class='gallery-icon portrait'>\n\t\t\t\t<a href='http:\/\/www.moda.es\/blog\/megan-fox-de-dolce-and-gabbana-con-joyas-lorraine-schwartz-y-clutch-de-salvatore-ferragamo\/'><img width=\"150\" height=\"150\" src=\"https:\/\/i0.wp.com\/www.moda.es\/blog\/wp-content\/uploads\/2013\/01\/Megan-Fox-de-Dolce-and-Gabbana-con-joyas-Lorraine-Schwartz-y-clutch-de-Salvatore-Ferragamo.jpg?resize=150%2C150\" class=\"attachment-thumbnail size-thumbnail\" alt=\"\" loading=\"lazy\" aria-describedby=\"gallery-1-10177\" srcset=\"https:\/\/i0.wp.com\/www.moda.es\/blog\/wp-content\/uploads\/2013\/01\/Megan-Fox-de-Dolce-and-Gabbana-con-joyas-Lorraine-Schwartz-y-clutch-de-Salvatore-Ferragamo.jpg?resize=150%2C150 150w, https:\/\/i0.wp.com\/www.moda.es\/blog\/wp-content\/uploads\/2013\/01\/Megan-Fox-de-Dolce-and-Gabbana-con-joyas-Lorraine-Schwartz-y-clutch-de-Salvatore-Ferragamo.jpg?zoom=2&amp;resize=150%2C150 300w, https:\/\/i0.wp.com\/www.moda.es\/blog\/wp-content\/uploads\/2013\/01\/Megan-Fox-de-Dolce-and-Gabbana-con-joyas-Lorraine-Schwartz-y-clutch-de-Salvatore-Ferragamo.jpg?zoom=3&amp;resize=150%2C150 450w\" sizes=\"(max-width: 150px) 100vw, 150px\" data-attachment-id=\"10177\" data-permalink=\"http:\/\/www.moda.es\/blog\/megan-fox-de-dolce-and-gabbana-con-joyas-lorraine-schwartz-y-clutch-de-salvatore-ferragamo\/\" data-orig-file=\"https:\/\/i0.wp.com\/www.moda.es\/blog\/wp-content\/uploads\/2013\/01\/Megan-Fox-de-Dolce-and-Gabbana-con-joyas-Lorraine-Schwartz-y-clutch-de-Salvatore-Ferragamo.jpg?fit=800%2C1200\" data-orig-size=\"800,1200\" data-comments-opened=\"1\" data-image-meta=\"{&quot;aperture&quot;:&quot;0&quot;,&quot;credit&quot;:&quot;&quot;,&quot;camera&quot;:&quot;&quot;,&quot;caption&quot;:&quot;&quot;,&quot;created_timestamp&quot;:&quot;0&quot;,&quot;copyright&quot;:&quot;&quot;,&quot;focal_length&quot;:&quot;0&quot;,&quot;iso&quot;:&quot;0&quot;,&quot;shutter_speed&quot;:&quot;0&quot;,&quot;title&quot;:&quot;&quot;}\" data-image-title=\"Megan Fox de Dolce and Gabbana con joyas Lorraine Schwartz  y clutch de Salvatore Ferragamo\" data-image-description=\"\" data-image-caption=\"&lt;p&gt;Megan Fox de Dolce and Gabbana con joyas Lorraine Schwartz  y clutch de Salvatore Ferragamo&lt;\/p&gt;\n\" data-medium-file=\"https:\/\/i0.wp.com\/www.moda.es\/blog\/wp-content\/uploads\/2013\/01\/Megan-Fox-de-Dolce-and-Gabbana-con-joyas-Lorraine-Schwartz-y-clutch-de-Salvatore-Ferragamo.jpg?fit=200%2C300\" data-large-file=\"https:\/\/i0.wp.com\/www.moda.es\/blog\/wp-content\/uploads\/2013\/01\/Megan-Fox-de-Dolce-and-Gabbana-con-joyas-Lorraine-Schwartz-y-clutch-de-Salvatore-Ferragamo.jpg?fit=640%2C961\" \/><\/a>\n\t\t\t<\/div>\n\t\t\t\t<figcaption class='wp-caption-text gallery-caption' id='gallery-1-10177'>\n\t\t\t\tMegan Fox de Dolce and Gabbana con joyas Lorraine Schwartz  y clutch de Salvatore Ferragamo\n\t\t\t\t<\/figcaption><\/figure><figure class='gallery-item'>\n\t\t\t<div class='gallery-icon portrait'>\n\t\t\t\t<a href='http:\/\/www.moda.es\/blog\/allison-williams-con-escotado-vestido-de-j-mendel-y-joyas-de-lorraine-schwartz\/'><img width=\"150\" height=\"150\" src=\"https:\/\/i0.wp.com\/www.moda.es\/blog\/wp-content\/uploads\/2013\/01\/Allison-Williams-con-escotado-vestido-de-J.-Mendel-y-joyas-de-Lorraine-Schwartz.jpg?resize=150%2C150\" class=\"attachment-thumbnail size-thumbnail\" alt=\"\" loading=\"lazy\" aria-describedby=\"gallery-1-10150\" srcset=\"https:\/\/i0.wp.com\/www.moda.es\/blog\/wp-content\/uploads\/2013\/01\/Allison-Williams-con-escotado-vestido-de-J.-Mendel-y-joyas-de-Lorraine-Schwartz.jpg?resize=150%2C150 150w, https:\/\/i0.wp.com\/www.moda.es\/blog\/wp-content\/uploads\/2013\/01\/Allison-Williams-con-escotado-vestido-de-J.-Mendel-y-joyas-de-Lorraine-Schwartz.jpg?zoom=2&amp;resize=150%2C150 300w\" sizes=\"(max-width: 150px) 100vw, 150px\" data-attachment-id=\"10150\" data-permalink=\"http:\/\/www.moda.es\/blog\/allison-williams-con-escotado-vestido-de-j-mendel-y-joyas-de-lorraine-schwartz\/\" data-orig-file=\"https:\/\/i0.wp.com\/www.moda.es\/blog\/wp-content\/uploads\/2013\/01\/Allison-Williams-con-escotado-vestido-de-J.-Mendel-y-joyas-de-Lorraine-Schwartz.jpg?fit=320%2C480\" data-orig-size=\"320,480\" data-comments-opened=\"1\" data-image-meta=\"{&quot;aperture&quot;:&quot;0&quot;,&quot;credit&quot;:&quot;&quot;,&quot;camera&quot;:&quot;&quot;,&quot;caption&quot;:&quot;&quot;,&quot;created_timestamp&quot;:&quot;0&quot;,&quot;copyright&quot;:&quot;2013 Steve Granitz&quot;,&quot;focal_length&quot;:&quot;0&quot;,&quot;iso&quot;:&quot;0&quot;,&quot;shutter_speed&quot;:&quot;0&quot;,&quot;title&quot;:&quot;&quot;}\" data-image-title=\"Allison Williams, con escotado vestido de J. Mendel y joyas de Lorraine Schwartz\" data-image-description=\"\" data-image-caption=\"&lt;p&gt;Allison Williams, con escotado vestido de J. Mendel y joyas de Lorraine Schwartz&lt;\/p&gt;\n\" data-medium-file=\"https:\/\/i0.wp.com\/www.moda.es\/blog\/wp-content\/uploads\/2013\/01\/Allison-Williams-con-escotado-vestido-de-J.-Mendel-y-joyas-de-Lorraine-Schwartz.jpg?fit=200%2C300\" data-large-file=\"https:\/\/i0.wp.com\/www.moda.es\/blog\/wp-content\/uploads\/2013\/01\/Allison-Williams-con-escotado-vestido-de-J.-Mendel-y-joyas-de-Lorraine-Schwartz.jpg?fit=320%2C480\" \/><\/a>\n\t\t\t<\/div>\n\t\t\t\t<figcaption class='wp-caption-text gallery-caption' id='gallery-1-10150'>\n\t\t\t\tAllison Williams, con escotado vestido de J. Mendel y joyas de Lorraine Schwartz\n\t\t\t\t<\/figcaption><\/figure><figure class='gallery-item'>\n\t\t\t<div class='gallery-icon portrait'>\n\t\t\t\t<a href='http:\/\/www.moda.es\/blog\/eva-longoria-in-emilio-pucci-with-martin-katz-jewels\/'><img width=\"150\" height=\"150\" src=\"https:\/\/i0.wp.com\/www.moda.es\/blog\/wp-content\/uploads\/2013\/01\/Eva-Longoria-in-Emilio-Pucci-with-Martin-Katz-jewels.jpg?resize=150%2C150\" class=\"attachment-thumbnail size-thumbnail\" alt=\"\" loading=\"lazy\" aria-describedby=\"gallery-1-10157\" srcset=\"https:\/\/i0.wp.com\/www.moda.es\/blog\/wp-content\/uploads\/2013\/01\/Eva-Longoria-in-Emilio-Pucci-with-Martin-Katz-jewels.jpg?resize=150%2C150 150w, https:\/\/i0.wp.com\/www.moda.es\/blog\/wp-content\/uploads\/2013\/01\/Eva-Longoria-in-Emilio-Pucci-with-Martin-Katz-jewels.jpg?zoom=2&amp;resize=150%2C150 300w\" sizes=\"(max-width: 150px) 100vw, 150px\" data-attachment-id=\"10157\" data-permalink=\"http:\/\/www.moda.es\/blog\/eva-longoria-in-emilio-pucci-with-martin-katz-jewels\/\" data-orig-file=\"https:\/\/i0.wp.com\/www.moda.es\/blog\/wp-content\/uploads\/2013\/01\/Eva-Longoria-in-Emilio-Pucci-with-Martin-Katz-jewels.jpg?fit=320%2C480\" data-orig-size=\"320,480\" data-comments-opened=\"1\" data-image-meta=\"{&quot;aperture&quot;:&quot;0&quot;,&quot;credit&quot;:&quot;&quot;,&quot;camera&quot;:&quot;&quot;,&quot;caption&quot;:&quot;&quot;,&quot;created_timestamp&quot;:&quot;0&quot;,&quot;copyright&quot;:&quot;2013 Jeff Vespa&quot;,&quot;focal_length&quot;:&quot;0&quot;,&quot;iso&quot;:&quot;0&quot;,&quot;shutter_speed&quot;:&quot;0&quot;,&quot;title&quot;:&quot;&quot;}\" data-image-title=\"Eva Longoria, in Emilio Pucci, with Martin Katz jewels\" data-image-description=\"\" data-image-caption=\"&lt;p&gt;Eva Longoria, in Emilio Pucci, with Martin Katz jewels&lt;\/p&gt;\n\" data-medium-file=\"https:\/\/i0.wp.com\/www.moda.es\/blog\/wp-content\/uploads\/2013\/01\/Eva-Longoria-in-Emilio-Pucci-with-Martin-Katz-jewels.jpg?fit=200%2C300\" data-large-file=\"https:\/\/i0.wp.com\/www.moda.es\/blog\/wp-content\/uploads\/2013\/01\/Eva-Longoria-in-Emilio-Pucci-with-Martin-Katz-jewels.jpg?fit=320%2C480\" \/><\/a>\n\t\t\t<\/div>\n\t\t\t\t<figcaption class='wp-caption-text gallery-caption' id='gallery-1-10157'>\n\t\t\t\tEva Longoria, in Emilio Pucci, with Martin Katz jewels\n\t\t\t\t<\/figcaption><\/figure><figure class='gallery-item'>\n\t\t\t<div class='gallery-icon portrait'>\n\t\t\t\t<a href='http:\/\/www.moda.es\/blog\/taylor-swift-de-donna-karan-atelier\/'><img width=\"150\" height=\"150\" src=\"https:\/\/i0.wp.com\/www.moda.es\/blog\/wp-content\/uploads\/2013\/01\/Taylor-Swift-de-Donna-Karan-Atelier.jpg?resize=150%2C150\" class=\"attachment-thumbnail size-thumbnail\" alt=\"\" loading=\"lazy\" aria-describedby=\"gallery-1-10186\" srcset=\"https:\/\/i0.wp.com\/www.moda.es\/blog\/wp-content\/uploads\/2013\/01\/Taylor-Swift-de-Donna-Karan-Atelier.jpg?resize=150%2C150 150w, https:\/\/i0.wp.com\/www.moda.es\/blog\/wp-content\/uploads\/2013\/01\/Taylor-Swift-de-Donna-Karan-Atelier.jpg?zoom=2&amp;resize=150%2C150 300w\" sizes=\"(max-width: 150px) 100vw, 150px\" data-attachment-id=\"10186\" data-permalink=\"http:\/\/www.moda.es\/blog\/taylor-swift-de-donna-karan-atelier\/\" data-orig-file=\"https:\/\/i0.wp.com\/www.moda.es\/blog\/wp-content\/uploads\/2013\/01\/Taylor-Swift-de-Donna-Karan-Atelier.jpg?fit=320%2C480\" data-orig-size=\"320,480\" data-comments-opened=\"1\" data-image-meta=\"{&quot;aperture&quot;:&quot;0&quot;,&quot;credit&quot;:&quot;&quot;,&quot;camera&quot;:&quot;&quot;,&quot;caption&quot;:&quot;&quot;,&quot;created_timestamp&quot;:&quot;0&quot;,&quot;copyright&quot;:&quot;2013 Getty Images&quot;,&quot;focal_length&quot;:&quot;0&quot;,&quot;iso&quot;:&quot;0&quot;,&quot;shutter_speed&quot;:&quot;0&quot;,&quot;title&quot;:&quot;&quot;}\" data-image-title=\"Taylor Swift, de Donna Karan Atelier\" data-image-description=\"\" data-image-caption=\"&lt;p&gt;Taylor Swift, de Donna Karan Atelier&lt;\/p&gt;\n\" data-medium-file=\"https:\/\/i0.wp.com\/www.moda.es\/blog\/wp-content\/uploads\/2013\/01\/Taylor-Swift-de-Donna-Karan-Atelier.jpg?fit=200%2C300\" data-large-file=\"https:\/\/i0.wp.com\/www.moda.es\/blog\/wp-content\/uploads\/2013\/01\/Taylor-Swift-de-Donna-Karan-Atelier.jpg?fit=320%2C480\" \/><\/a>\n\t\t\t<\/div>\n\t\t\t\t<figcaption class='wp-caption-text gallery-caption' id='gallery-1-10186'>\n\t\t\t\tTaylor Swift, de Donna Karan Atelier\n\t\t\t\t<\/figcaption><\/figure><figure class='gallery-item'>\n\t\t\t<div class='gallery-icon portrait'>\n\t\t\t\t<a href='http:\/\/www.moda.es\/blog\/kate-hudson-de-alexander-mcqueen-con-joyas-de-jennifer-meyer-y-clutch-de-roger-vivier\/'><img width=\"150\" height=\"150\" src=\"https:\/\/i0.wp.com\/www.moda.es\/blog\/wp-content\/uploads\/2013\/01\/Kate-Hudson-de-Alexander-McQueen-con-joyas-de-Jennifer-Meyer-y-clutch-de-Roger-Vivier.jpg?resize=150%2C150\" class=\"attachment-thumbnail size-thumbnail\" alt=\"\" loading=\"lazy\" aria-describedby=\"gallery-1-10170\" srcset=\"https:\/\/i0.wp.com\/www.moda.es\/blog\/wp-content\/uploads\/2013\/01\/Kate-Hudson-de-Alexander-McQueen-con-joyas-de-Jennifer-Meyer-y-clutch-de-Roger-Vivier.jpg?resize=150%2C150 150w, https:\/\/i0.wp.com\/www.moda.es\/blog\/wp-content\/uploads\/2013\/01\/Kate-Hudson-de-Alexander-McQueen-con-joyas-de-Jennifer-Meyer-y-clutch-de-Roger-Vivier.jpg?zoom=2&amp;resize=150%2C150 300w\" sizes=\"(max-width: 150px) 100vw, 150px\" data-attachment-id=\"10170\" data-permalink=\"http:\/\/www.moda.es\/blog\/kate-hudson-de-alexander-mcqueen-con-joyas-de-jennifer-meyer-y-clutch-de-roger-vivier\/\" data-orig-file=\"https:\/\/i0.wp.com\/www.moda.es\/blog\/wp-content\/uploads\/2013\/01\/Kate-Hudson-de-Alexander-McQueen-con-joyas-de-Jennifer-Meyer-y-clutch-de-Roger-Vivier.jpg?fit=320%2C480\" data-orig-size=\"320,480\" data-comments-opened=\"1\" data-image-meta=\"{&quot;aperture&quot;:&quot;0&quot;,&quot;credit&quot;:&quot;&quot;,&quot;camera&quot;:&quot;&quot;,&quot;caption&quot;:&quot;&quot;,&quot;created_timestamp&quot;:&quot;0&quot;,&quot;copyright&quot;:&quot;2013 Getty Images&quot;,&quot;focal_length&quot;:&quot;0&quot;,&quot;iso&quot;:&quot;0&quot;,&quot;shutter_speed&quot;:&quot;0&quot;,&quot;title&quot;:&quot;&quot;}\" data-image-title=\"Kate Hudson, de Alexander McQueen, con joyas de Jennifer Meyer y clutch de Roger Vivier\" data-image-description=\"\" data-image-caption=\"&lt;p&gt;Kate Hudson, de Alexander McQueen, con joyas de Jennifer Meyer y clutch de Roger Vivier&lt;\/p&gt;\n\" data-medium-file=\"https:\/\/i0.wp.com\/www.moda.es\/blog\/wp-content\/uploads\/2013\/01\/Kate-Hudson-de-Alexander-McQueen-con-joyas-de-Jennifer-Meyer-y-clutch-de-Roger-Vivier.jpg?fit=200%2C300\" data-large-file=\"https:\/\/i0.wp.com\/www.moda.es\/blog\/wp-content\/uploads\/2013\/01\/Kate-Hudson-de-Alexander-McQueen-con-joyas-de-Jennifer-Meyer-y-clutch-de-Roger-Vivier.jpg?fit=320%2C480\" \/><\/a>\n\t\t\t<\/div>\n\t\t\t\t<figcaption class='wp-caption-text gallery-caption' id='gallery-1-10170'>\n\t\t\t\tKate Hudson, de Alexander McQueen, con joyas de Jennifer Meyer y clutch de Roger Vivier\n\t\t\t\t<\/figcaption><\/figure><figure class='gallery-item'>\n\t\t\t<div class='gallery-icon portrait'>\n\t\t\t\t<a href='http:\/\/www.moda.es\/blog\/amanda-seyfried-de-givenchy-haute-couture-y-joyas-de-fred-leighton\/'><img width=\"150\" height=\"150\" src=\"https:\/\/i0.wp.com\/www.moda.es\/blog\/wp-content\/uploads\/2013\/01\/Amanda-Seyfried-de-Givenchy-Haute-Couture-y-joyas-de-Fred-Leighton.jpg?resize=150%2C150\" class=\"attachment-thumbnail size-thumbnail\" alt=\"\" loading=\"lazy\" aria-describedby=\"gallery-1-10151\" srcset=\"https:\/\/i0.wp.com\/www.moda.es\/blog\/wp-content\/uploads\/2013\/01\/Amanda-Seyfried-de-Givenchy-Haute-Couture-y-joyas-de-Fred-Leighton.jpg?resize=150%2C150 150w, https:\/\/i0.wp.com\/www.moda.es\/blog\/wp-content\/uploads\/2013\/01\/Amanda-Seyfried-de-Givenchy-Haute-Couture-y-joyas-de-Fred-Leighton.jpg?zoom=2&amp;resize=150%2C150 300w\" sizes=\"(max-width: 150px) 100vw, 150px\" data-attachment-id=\"10151\" data-permalink=\"http:\/\/www.moda.es\/blog\/amanda-seyfried-de-givenchy-haute-couture-y-joyas-de-fred-leighton\/\" data-orig-file=\"https:\/\/i0.wp.com\/www.moda.es\/blog\/wp-content\/uploads\/2013\/01\/Amanda-Seyfried-de-Givenchy-Haute-Couture-y-joyas-de-Fred-Leighton.jpg?fit=320%2C480\" data-orig-size=\"320,480\" data-comments-opened=\"1\" data-image-meta=\"{&quot;aperture&quot;:&quot;0&quot;,&quot;credit&quot;:&quot;&quot;,&quot;camera&quot;:&quot;&quot;,&quot;caption&quot;:&quot;&quot;,&quot;created_timestamp&quot;:&quot;0&quot;,&quot;copyright&quot;:&quot;2013 Steve Granitz&quot;,&quot;focal_length&quot;:&quot;0&quot;,&quot;iso&quot;:&quot;0&quot;,&quot;shutter_speed&quot;:&quot;0&quot;,&quot;title&quot;:&quot;&quot;}\" data-image-title=\"Amanda Seyfried, de Givenchy Haute Couture, y joyas de Fred Leighton\" data-image-description=\"\" data-image-caption=\"&lt;p&gt;Amanda Seyfried, de Givenchy Haute Couture, y joyas de Fred Leighton&lt;\/p&gt;\n\" data-medium-file=\"https:\/\/i0.wp.com\/www.moda.es\/blog\/wp-content\/uploads\/2013\/01\/Amanda-Seyfried-de-Givenchy-Haute-Couture-y-joyas-de-Fred-Leighton.jpg?fit=200%2C300\" data-large-file=\"https:\/\/i0.wp.com\/www.moda.es\/blog\/wp-content\/uploads\/2013\/01\/Amanda-Seyfried-de-Givenchy-Haute-Couture-y-joyas-de-Fred-Leighton.jpg?fit=320%2C480\" \/><\/a>\n\t\t\t<\/div>\n\t\t\t\t<figcaption class='wp-caption-text gallery-caption' id='gallery-1-10151'>\n\t\t\t\tAmanda Seyfried, de Givenchy Haute Couture, y joyas de Fred Leighton\n\t\t\t\t<\/figcaption><\/figure><figure class='gallery-item'>\n\t\t\t<div class='gallery-icon portrait'>\n\t\t\t\t<a href='http:\/\/www.moda.es\/blog\/julianne-moore-de-tom-ford-con-joyas-de-bulgari\/'><img width=\"150\" height=\"150\" src=\"https:\/\/i0.wp.com\/www.moda.es\/blog\/wp-content\/uploads\/2013\/01\/Julianne-Moore-de-Tom-Ford-con-joyas-de-Bulgari.jpg?resize=150%2C150\" class=\"attachment-thumbnail size-thumbnail\" alt=\"\" loading=\"lazy\" aria-describedby=\"gallery-1-10169\" srcset=\"https:\/\/i0.wp.com\/www.moda.es\/blog\/wp-content\/uploads\/2013\/01\/Julianne-Moore-de-Tom-Ford-con-joyas-de-Bulgari.jpg?resize=150%2C150 150w, https:\/\/i0.wp.com\/www.moda.es\/blog\/wp-content\/uploads\/2013\/01\/Julianne-Moore-de-Tom-Ford-con-joyas-de-Bulgari.jpg?zoom=2&amp;resize=150%2C150 300w\" sizes=\"(max-width: 150px) 100vw, 150px\" data-attachment-id=\"10169\" data-permalink=\"http:\/\/www.moda.es\/blog\/julianne-moore-de-tom-ford-con-joyas-de-bulgari\/\" data-orig-file=\"https:\/\/i0.wp.com\/www.moda.es\/blog\/wp-content\/uploads\/2013\/01\/Julianne-Moore-de-Tom-Ford-con-joyas-de-Bulgari.jpg?fit=320%2C480\" data-orig-size=\"320,480\" data-comments-opened=\"1\" data-image-meta=\"{&quot;aperture&quot;:&quot;0&quot;,&quot;credit&quot;:&quot;&quot;,&quot;camera&quot;:&quot;&quot;,&quot;caption&quot;:&quot;&quot;,&quot;created_timestamp&quot;:&quot;0&quot;,&quot;copyright&quot;:&quot;2013 Steve Granitz&quot;,&quot;focal_length&quot;:&quot;0&quot;,&quot;iso&quot;:&quot;0&quot;,&quot;shutter_speed&quot;:&quot;0&quot;,&quot;title&quot;:&quot;&quot;}\" data-image-title=\"Julianne Moore, de Tom Ford, con joyas de Bulgari\" data-image-description=\"\" data-image-caption=\"&lt;p&gt;Julianne Moore, de Tom Ford, con joyas de Bulgari&lt;\/p&gt;\n\" data-medium-file=\"https:\/\/i0.wp.com\/www.moda.es\/blog\/wp-content\/uploads\/2013\/01\/Julianne-Moore-de-Tom-Ford-con-joyas-de-Bulgari.jpg?fit=200%2C300\" data-large-file=\"https:\/\/i0.wp.com\/www.moda.es\/blog\/wp-content\/uploads\/2013\/01\/Julianne-Moore-de-Tom-Ford-con-joyas-de-Bulgari.jpg?fit=320%2C480\" \/><\/a>\n\t\t\t<\/div>\n\t\t\t\t<figcaption class='wp-caption-text gallery-caption' id='gallery-1-10169'>\n\t\t\t\tJulianne Moore, de Tom Ford, con joyas de Bulgari\n\t\t\t\t<\/figcaption><\/figure><figure class='gallery-item'>\n\t\t\t<div class='gallery-icon portrait'>\n\t\t\t\t<a href='http:\/\/www.moda.es\/blog\/claire-danes-de-versace-con-joyas-lorraine-schwartz\/'><img width=\"150\" height=\"150\" src=\"https:\/\/i0.wp.com\/www.moda.es\/blog\/wp-content\/uploads\/2013\/01\/Claire-Danes-de-Versace-con-joyas-Lorraine-Schwartz.jpg?resize=150%2C150\" class=\"attachment-thumbnail size-thumbnail\" alt=\"\" loading=\"lazy\" aria-describedby=\"gallery-1-10154\" srcset=\"https:\/\/i0.wp.com\/www.moda.es\/blog\/wp-content\/uploads\/2013\/01\/Claire-Danes-de-Versace-con-joyas-Lorraine-Schwartz.jpg?resize=150%2C150 150w, https:\/\/i0.wp.com\/www.moda.es\/blog\/wp-content\/uploads\/2013\/01\/Claire-Danes-de-Versace-con-joyas-Lorraine-Schwartz.jpg?zoom=2&amp;resize=150%2C150 300w\" sizes=\"(max-width: 150px) 100vw, 150px\" data-attachment-id=\"10154\" data-permalink=\"http:\/\/www.moda.es\/blog\/claire-danes-de-versace-con-joyas-lorraine-schwartz\/\" data-orig-file=\"https:\/\/i0.wp.com\/www.moda.es\/blog\/wp-content\/uploads\/2013\/01\/Claire-Danes-de-Versace-con-joyas-Lorraine-Schwartz.jpg?fit=320%2C480\" data-orig-size=\"320,480\" data-comments-opened=\"1\" data-image-meta=\"{&quot;aperture&quot;:&quot;0&quot;,&quot;credit&quot;:&quot;&quot;,&quot;camera&quot;:&quot;&quot;,&quot;caption&quot;:&quot;&quot;,&quot;created_timestamp&quot;:&quot;0&quot;,&quot;copyright&quot;:&quot;2013 Jeff Vespa&quot;,&quot;focal_length&quot;:&quot;0&quot;,&quot;iso&quot;:&quot;0&quot;,&quot;shutter_speed&quot;:&quot;0&quot;,&quot;title&quot;:&quot;&quot;}\" data-image-title=\"Claire Danes, de Versace con joyas Lorraine Schwartz\" data-image-description=\"\" data-image-caption=\"&lt;p&gt;Claire Danes, de Versace con joyas Lorraine Schwartz&lt;\/p&gt;\n\" data-medium-file=\"https:\/\/i0.wp.com\/www.moda.es\/blog\/wp-content\/uploads\/2013\/01\/Claire-Danes-de-Versace-con-joyas-Lorraine-Schwartz.jpg?fit=200%2C300\" data-large-file=\"https:\/\/i0.wp.com\/www.moda.es\/blog\/wp-content\/uploads\/2013\/01\/Claire-Danes-de-Versace-con-joyas-Lorraine-Schwartz.jpg?fit=320%2C480\" \/><\/a>\n\t\t\t<\/div>\n\t\t\t\t<figcaption class='wp-caption-text gallery-caption' id='gallery-1-10154'>\n\t\t\t\tClaire Danes, de Versace con joyas Lorraine Schwartz\n\t\t\t\t<\/figcaption><\/figure><figure class='gallery-item'>\n\t\t\t<div class='gallery-icon portrait'>\n\t\t\t\t<a href='http:\/\/www.moda.es\/blog\/debra-messing-de-donna-karan-con-joyas-amrapali\/'><img width=\"150\" height=\"150\" src=\"https:\/\/i0.wp.com\/www.moda.es\/blog\/wp-content\/uploads\/2013\/01\/Debra-Messing-de-Donna-Karan-con-joyas-Amrapali.jpg?resize=150%2C150\" class=\"attachment-thumbnail size-thumbnail\" alt=\"\" loading=\"lazy\" aria-describedby=\"gallery-1-10155\" srcset=\"https:\/\/i0.wp.com\/www.moda.es\/blog\/wp-content\/uploads\/2013\/01\/Debra-Messing-de-Donna-Karan-con-joyas-Amrapali.jpg?resize=150%2C150 150w, https:\/\/i0.wp.com\/www.moda.es\/blog\/wp-content\/uploads\/2013\/01\/Debra-Messing-de-Donna-Karan-con-joyas-Amrapali.jpg?zoom=2&amp;resize=150%2C150 300w\" sizes=\"(max-width: 150px) 100vw, 150px\" data-attachment-id=\"10155\" data-permalink=\"http:\/\/www.moda.es\/blog\/debra-messing-de-donna-karan-con-joyas-amrapali\/\" data-orig-file=\"https:\/\/i0.wp.com\/www.moda.es\/blog\/wp-content\/uploads\/2013\/01\/Debra-Messing-de-Donna-Karan-con-joyas-Amrapali.jpg?fit=320%2C480\" data-orig-size=\"320,480\" data-comments-opened=\"1\" data-image-meta=\"{&quot;aperture&quot;:&quot;0&quot;,&quot;credit&quot;:&quot;&quot;,&quot;camera&quot;:&quot;&quot;,&quot;caption&quot;:&quot;&quot;,&quot;created_timestamp&quot;:&quot;0&quot;,&quot;copyright&quot;:&quot;2013 Jeff Vespa&quot;,&quot;focal_length&quot;:&quot;0&quot;,&quot;iso&quot;:&quot;0&quot;,&quot;shutter_speed&quot;:&quot;0&quot;,&quot;title&quot;:&quot;&quot;}\" data-image-title=\"Debra Messing de Donna Karan con joyas Amrapali\" data-image-description=\"\" data-image-caption=\"&lt;p&gt;Debra Messing de Donna Karan con joyas Amrapali&lt;\/p&gt;\n\" data-medium-file=\"https:\/\/i0.wp.com\/www.moda.es\/blog\/wp-content\/uploads\/2013\/01\/Debra-Messing-de-Donna-Karan-con-joyas-Amrapali.jpg?fit=200%2C300\" data-large-file=\"https:\/\/i0.wp.com\/www.moda.es\/blog\/wp-content\/uploads\/2013\/01\/Debra-Messing-de-Donna-Karan-con-joyas-Amrapali.jpg?fit=320%2C480\" \/><\/a>\n\t\t\t<\/div>\n\t\t\t\t<figcaption class='wp-caption-text gallery-caption' id='gallery-1-10155'>\n\t\t\t\tDebra Messing de Donna Karan con joyas Amrapali\n\t\t\t\t<\/figcaption><\/figure><figure class='gallery-item'>\n\t\t\t<div class='gallery-icon portrait'>\n\t\t\t\t<a href='http:\/\/www.moda.es\/blog\/rosie-huntington-whiteley-de-saint-laurent\/'><img width=\"150\" height=\"150\" src=\"https:\/\/i0.wp.com\/www.moda.es\/blog\/wp-content\/uploads\/2013\/01\/Rosie-Huntington-Whiteley-de-Saint-Laurent.jpg?resize=150%2C150\" class=\"attachment-thumbnail size-thumbnail\" alt=\"\" loading=\"lazy\" aria-describedby=\"gallery-1-10182\" srcset=\"https:\/\/i0.wp.com\/www.moda.es\/blog\/wp-content\/uploads\/2013\/01\/Rosie-Huntington-Whiteley-de-Saint-Laurent.jpg?resize=150%2C150 150w, https:\/\/i0.wp.com\/www.moda.es\/blog\/wp-content\/uploads\/2013\/01\/Rosie-Huntington-Whiteley-de-Saint-Laurent.jpg?zoom=2&amp;resize=150%2C150 300w, https:\/\/i0.wp.com\/www.moda.es\/blog\/wp-content\/uploads\/2013\/01\/Rosie-Huntington-Whiteley-de-Saint-Laurent.jpg?zoom=3&amp;resize=150%2C150 450w\" sizes=\"(max-width: 150px) 100vw, 150px\" data-attachment-id=\"10182\" data-permalink=\"http:\/\/www.moda.es\/blog\/rosie-huntington-whiteley-de-saint-laurent\/\" data-orig-file=\"https:\/\/i0.wp.com\/www.moda.es\/blog\/wp-content\/uploads\/2013\/01\/Rosie-Huntington-Whiteley-de-Saint-Laurent.jpg?fit=800%2C1200\" data-orig-size=\"800,1200\" data-comments-opened=\"1\" data-image-meta=\"{&quot;aperture&quot;:&quot;0&quot;,&quot;credit&quot;:&quot;&quot;,&quot;camera&quot;:&quot;&quot;,&quot;caption&quot;:&quot;&quot;,&quot;created_timestamp&quot;:&quot;0&quot;,&quot;copyright&quot;:&quot;&quot;,&quot;focal_length&quot;:&quot;0&quot;,&quot;iso&quot;:&quot;0&quot;,&quot;shutter_speed&quot;:&quot;0&quot;,&quot;title&quot;:&quot;&quot;}\" data-image-title=\"Rosie Huntington Whiteley de Saint Laurent\" data-image-description=\"\" data-image-caption=\"&lt;p&gt;Rosie Huntington Whiteley de Saint Laurent&lt;\/p&gt;\n\" data-medium-file=\"https:\/\/i0.wp.com\/www.moda.es\/blog\/wp-content\/uploads\/2013\/01\/Rosie-Huntington-Whiteley-de-Saint-Laurent.jpg?fit=200%2C300\" data-large-file=\"https:\/\/i0.wp.com\/www.moda.es\/blog\/wp-content\/uploads\/2013\/01\/Rosie-Huntington-Whiteley-de-Saint-Laurent.jpg?fit=640%2C961\" \/><\/a>\n\t\t\t<\/div>\n\t\t\t\t<figcaption class='wp-caption-text gallery-caption' id='gallery-1-10182'>\n\t\t\t\tRosie Huntington Whiteley de Saint Laurent\n\t\t\t\t<\/figcaption><\/figure><figure class='gallery-item'>\n\t\t\t<div class='gallery-icon portrait'>\n\t\t\t\t<a href='http:\/\/www.moda.es\/blog\/jodie-foster-de-giorgio-armani-con-joyas-de-martin-katz-jewels-y-clutch-de-leiber\/'><img width=\"150\" height=\"150\" src=\"https:\/\/i0.wp.com\/www.moda.es\/blog\/wp-content\/uploads\/2013\/01\/Jodie-Foster-de-Giorgio-Armani-con-joyas-de-Martin-Katz-jewels-y-clutch-de-Leiber.jpg?resize=150%2C150\" class=\"attachment-thumbnail size-thumbnail\" alt=\"\" loading=\"lazy\" aria-describedby=\"gallery-1-10167\" srcset=\"https:\/\/i0.wp.com\/www.moda.es\/blog\/wp-content\/uploads\/2013\/01\/Jodie-Foster-de-Giorgio-Armani-con-joyas-de-Martin-Katz-jewels-y-clutch-de-Leiber.jpg?resize=150%2C150 150w, https:\/\/i0.wp.com\/www.moda.es\/blog\/wp-content\/uploads\/2013\/01\/Jodie-Foster-de-Giorgio-Armani-con-joyas-de-Martin-Katz-jewels-y-clutch-de-Leiber.jpg?zoom=2&amp;resize=150%2C150 300w\" sizes=\"(max-width: 150px) 100vw, 150px\" data-attachment-id=\"10167\" data-permalink=\"http:\/\/www.moda.es\/blog\/jodie-foster-de-giorgio-armani-con-joyas-de-martin-katz-jewels-y-clutch-de-leiber\/\" data-orig-file=\"https:\/\/i0.wp.com\/www.moda.es\/blog\/wp-content\/uploads\/2013\/01\/Jodie-Foster-de-Giorgio-Armani-con-joyas-de-Martin-Katz-jewels-y-clutch-de-Leiber.jpg?fit=320%2C480\" data-orig-size=\"320,480\" data-comments-opened=\"1\" data-image-meta=\"{&quot;aperture&quot;:&quot;0&quot;,&quot;credit&quot;:&quot;&quot;,&quot;camera&quot;:&quot;&quot;,&quot;caption&quot;:&quot;&quot;,&quot;created_timestamp&quot;:&quot;0&quot;,&quot;copyright&quot;:&quot;2013 Steve Granitz&quot;,&quot;focal_length&quot;:&quot;0&quot;,&quot;iso&quot;:&quot;0&quot;,&quot;shutter_speed&quot;:&quot;0&quot;,&quot;title&quot;:&quot;&quot;}\" data-image-title=\"Jodie Foster, de  Giorgio Armani con joyas de Martin Katz jewels y clutch de Leiber\" data-image-description=\"\" data-image-caption=\"&lt;p&gt;Jodie Foster, de  Giorgio Armani con joyas de Martin Katz jewels y clutch de Leiber&lt;\/p&gt;\n\" data-medium-file=\"https:\/\/i0.wp.com\/www.moda.es\/blog\/wp-content\/uploads\/2013\/01\/Jodie-Foster-de-Giorgio-Armani-con-joyas-de-Martin-Katz-jewels-y-clutch-de-Leiber.jpg?fit=200%2C300\" data-large-file=\"https:\/\/i0.wp.com\/www.moda.es\/blog\/wp-content\/uploads\/2013\/01\/Jodie-Foster-de-Giorgio-Armani-con-joyas-de-Martin-Katz-jewels-y-clutch-de-Leiber.jpg?fit=320%2C480\" \/><\/a>\n\t\t\t<\/div>\n\t\t\t\t<figcaption class='wp-caption-text gallery-caption' id='gallery-1-10167'>\n\t\t\t\tJodie Foster, de  Giorgio Armani con joyas de Martin Katz jewels y clutch de Leiber\n\t\t\t\t<\/figcaption><\/figure><figure class='gallery-item'>\n\t\t\t<div class='gallery-icon portrait'>\n\t\t\t\t<a href='http:\/\/www.moda.es\/blog\/salma-hayek-de-gucci\/'><img width=\"150\" height=\"150\" src=\"https:\/\/i0.wp.com\/www.moda.es\/blog\/wp-content\/uploads\/2013\/01\/Salma-Hayek-de-Gucci.jpg?resize=150%2C150\" class=\"attachment-thumbnail size-thumbnail\" alt=\"\" loading=\"lazy\" aria-describedby=\"gallery-1-10183\" srcset=\"https:\/\/i0.wp.com\/www.moda.es\/blog\/wp-content\/uploads\/2013\/01\/Salma-Hayek-de-Gucci.jpg?resize=150%2C150 150w, https:\/\/i0.wp.com\/www.moda.es\/blog\/wp-content\/uploads\/2013\/01\/Salma-Hayek-de-Gucci.jpg?zoom=2&amp;resize=150%2C150 300w\" sizes=\"(max-width: 150px) 100vw, 150px\" data-attachment-id=\"10183\" data-permalink=\"http:\/\/www.moda.es\/blog\/salma-hayek-de-gucci\/\" data-orig-file=\"https:\/\/i0.wp.com\/www.moda.es\/blog\/wp-content\/uploads\/2013\/01\/Salma-Hayek-de-Gucci.jpg?fit=320%2C480\" data-orig-size=\"320,480\" data-comments-opened=\"1\" data-image-meta=\"{&quot;aperture&quot;:&quot;0&quot;,&quot;credit&quot;:&quot;&quot;,&quot;camera&quot;:&quot;&quot;,&quot;caption&quot;:&quot;&quot;,&quot;created_timestamp&quot;:&quot;0&quot;,&quot;copyright&quot;:&quot;2013 Jeff Vespa&quot;,&quot;focal_length&quot;:&quot;0&quot;,&quot;iso&quot;:&quot;0&quot;,&quot;shutter_speed&quot;:&quot;0&quot;,&quot;title&quot;:&quot;&quot;}\" data-image-title=\"Salma Hayek, de Gucci\" data-image-description=\"\" data-image-caption=\"&lt;p&gt;Salma Hayek, de Gucci&lt;\/p&gt;\n\" data-medium-file=\"https:\/\/i0.wp.com\/www.moda.es\/blog\/wp-content\/uploads\/2013\/01\/Salma-Hayek-de-Gucci.jpg?fit=200%2C300\" data-large-file=\"https:\/\/i0.wp.com\/www.moda.es\/blog\/wp-content\/uploads\/2013\/01\/Salma-Hayek-de-Gucci.jpg?fit=320%2C480\" \/><\/a>\n\t\t\t<\/div>\n\t\t\t\t<figcaption class='wp-caption-text gallery-caption' id='gallery-1-10183'>\n\t\t\t\tSalma Hayek, de Gucci\n\t\t\t\t<\/figcaption><\/figure><figure class='gallery-item'>\n\t\t\t<div class='gallery-icon portrait'>\n\t\t\t\t<a href='http:\/\/www.moda.es\/blog\/lea-michele-de-elie-saab-con-joyas-de-lorraine-schwartz\/'><img width=\"150\" height=\"150\" src=\"https:\/\/i0.wp.com\/www.moda.es\/blog\/wp-content\/uploads\/2013\/01\/Lea-Michele-de-Elie-Saab-con-joyas-de-Lorraine-Schwartz.jpg?resize=150%2C150\" class=\"attachment-thumbnail size-thumbnail\" alt=\"\" loading=\"lazy\" aria-describedby=\"gallery-1-10173\" srcset=\"https:\/\/i0.wp.com\/www.moda.es\/blog\/wp-content\/uploads\/2013\/01\/Lea-Michele-de-Elie-Saab-con-joyas-de-Lorraine-Schwartz.jpg?resize=150%2C150 150w, https:\/\/i0.wp.com\/www.moda.es\/blog\/wp-content\/uploads\/2013\/01\/Lea-Michele-de-Elie-Saab-con-joyas-de-Lorraine-Schwartz.jpg?zoom=2&amp;resize=150%2C150 300w\" sizes=\"(max-width: 150px) 100vw, 150px\" data-attachment-id=\"10173\" data-permalink=\"http:\/\/www.moda.es\/blog\/lea-michele-de-elie-saab-con-joyas-de-lorraine-schwartz\/\" data-orig-file=\"https:\/\/i0.wp.com\/www.moda.es\/blog\/wp-content\/uploads\/2013\/01\/Lea-Michele-de-Elie-Saab-con-joyas-de-Lorraine-Schwartz.jpg?fit=320%2C480\" data-orig-size=\"320,480\" data-comments-opened=\"1\" data-image-meta=\"{&quot;aperture&quot;:&quot;0&quot;,&quot;credit&quot;:&quot;&quot;,&quot;camera&quot;:&quot;&quot;,&quot;caption&quot;:&quot;&quot;,&quot;created_timestamp&quot;:&quot;0&quot;,&quot;copyright&quot;:&quot;2013 Getty Images&quot;,&quot;focal_length&quot;:&quot;0&quot;,&quot;iso&quot;:&quot;0&quot;,&quot;shutter_speed&quot;:&quot;0&quot;,&quot;title&quot;:&quot;&quot;}\" data-image-title=\"Lea Michele, de Elie Saab, con joyas de Lorraine Schwartz\" data-image-description=\"\" data-image-caption=\"&lt;p&gt;Julianne Moore, de Tom Ford, con joyas de Bulgari&lt;\/p&gt;\n\" data-medium-file=\"https:\/\/i0.wp.com\/www.moda.es\/blog\/wp-content\/uploads\/2013\/01\/Lea-Michele-de-Elie-Saab-con-joyas-de-Lorraine-Schwartz.jpg?fit=200%2C300\" data-large-file=\"https:\/\/i0.wp.com\/www.moda.es\/blog\/wp-content\/uploads\/2013\/01\/Lea-Michele-de-Elie-Saab-con-joyas-de-Lorraine-Schwartz.jpg?fit=320%2C480\" \/><\/a>\n\t\t\t<\/div>\n\t\t\t\t<figcaption class='wp-caption-text gallery-caption' id='gallery-1-10173'>\n\t\t\t\tJulianne Moore, de Tom Ford, con joyas de Bulgari\n\t\t\t\t<\/figcaption><\/figure><figure class='gallery-item'>\n\t\t\t<div class='gallery-icon portrait'>\n\t\t\t\t<a href='http:\/\/www.moda.es\/blog\/heidi-klum-de-alexandre-vauthier-haute-couture-con-joyas-lorraine-schwartz-y-zapatos-christian-louboutin\/'><img width=\"150\" height=\"150\" src=\"https:\/\/i0.wp.com\/www.moda.es\/blog\/wp-content\/uploads\/2013\/01\/Heidi-Klum-de-Alexandre-Vauthier-Haute-Couture-con-joyas-Lorraine-Schwartz-y-zapatos-Christian-Louboutin.jpg?resize=150%2C150\" class=\"attachment-thumbnail size-thumbnail\" alt=\"\" loading=\"lazy\" aria-describedby=\"gallery-1-10160\" srcset=\"https:\/\/i0.wp.com\/www.moda.es\/blog\/wp-content\/uploads\/2013\/01\/Heidi-Klum-de-Alexandre-Vauthier-Haute-Couture-con-joyas-Lorraine-Schwartz-y-zapatos-Christian-Louboutin.jpg?resize=150%2C150 150w, https:\/\/i0.wp.com\/www.moda.es\/blog\/wp-content\/uploads\/2013\/01\/Heidi-Klum-de-Alexandre-Vauthier-Haute-Couture-con-joyas-Lorraine-Schwartz-y-zapatos-Christian-Louboutin.jpg?zoom=2&amp;resize=150%2C150 300w\" sizes=\"(max-width: 150px) 100vw, 150px\" data-attachment-id=\"10160\" data-permalink=\"http:\/\/www.moda.es\/blog\/heidi-klum-de-alexandre-vauthier-haute-couture-con-joyas-lorraine-schwartz-y-zapatos-christian-louboutin\/\" data-orig-file=\"https:\/\/i0.wp.com\/www.moda.es\/blog\/wp-content\/uploads\/2013\/01\/Heidi-Klum-de-Alexandre-Vauthier-Haute-Couture-con-joyas-Lorraine-Schwartz-y-zapatos-Christian-Louboutin.jpg?fit=320%2C480\" data-orig-size=\"320,480\" data-comments-opened=\"1\" data-image-meta=\"{&quot;aperture&quot;:&quot;0&quot;,&quot;credit&quot;:&quot;&quot;,&quot;camera&quot;:&quot;&quot;,&quot;caption&quot;:&quot;&quot;,&quot;created_timestamp&quot;:&quot;0&quot;,&quot;copyright&quot;:&quot;2013 Jeff Vespa&quot;,&quot;focal_length&quot;:&quot;0&quot;,&quot;iso&quot;:&quot;0&quot;,&quot;shutter_speed&quot;:&quot;0&quot;,&quot;title&quot;:&quot;&quot;}\" data-image-title=\"Heidi Klum, de Alexandre Vauthier Haute Couture con joyas Lorraine Schwartz y zapatos Christian Louboutin\" data-image-description=\"\" data-image-caption=\"&lt;p&gt;Heidi Klum, de Alexandre Vauthier Haute Couture con joyas Lorraine Schwartz y zapatos Christian Louboutin&lt;\/p&gt;\n\" data-medium-file=\"https:\/\/i0.wp.com\/www.moda.es\/blog\/wp-content\/uploads\/2013\/01\/Heidi-Klum-de-Alexandre-Vauthier-Haute-Couture-con-joyas-Lorraine-Schwartz-y-zapatos-Christian-Louboutin.jpg?fit=200%2C300\" data-large-file=\"https:\/\/i0.wp.com\/www.moda.es\/blog\/wp-content\/uploads\/2013\/01\/Heidi-Klum-de-Alexandre-Vauthier-Haute-Couture-con-joyas-Lorraine-Schwartz-y-zapatos-Christian-Louboutin.jpg?fit=320%2C480\" \/><\/a>\n\t\t\t<\/div>\n\t\t\t\t<figcaption class='wp-caption-text gallery-caption' id='gallery-1-10160'>\n\t\t\t\tHeidi Klum, de Alexandre Vauthier Haute Couture con joyas Lorraine Schwartz y zapatos Christian Louboutin\n\t\t\t\t<\/figcaption><\/figure><figure class='gallery-item'>\n\t\t\t<div class='gallery-icon portrait'>\n\t\t\t\t<a href='http:\/\/www.moda.es\/blog\/glenn-close-de-zac-posen\/'><img width=\"150\" height=\"150\" src=\"https:\/\/i0.wp.com\/www.moda.es\/blog\/wp-content\/uploads\/2013\/01\/Glenn-Close-de-Zac-Posen.jpg?resize=150%2C150\" class=\"attachment-thumbnail size-thumbnail\" alt=\"\" loading=\"lazy\" aria-describedby=\"gallery-1-10158\" srcset=\"https:\/\/i0.wp.com\/www.moda.es\/blog\/wp-content\/uploads\/2013\/01\/Glenn-Close-de-Zac-Posen.jpg?resize=150%2C150 150w, https:\/\/i0.wp.com\/www.moda.es\/blog\/wp-content\/uploads\/2013\/01\/Glenn-Close-de-Zac-Posen.jpg?zoom=2&amp;resize=150%2C150 300w\" sizes=\"(max-width: 150px) 100vw, 150px\" data-attachment-id=\"10158\" data-permalink=\"http:\/\/www.moda.es\/blog\/glenn-close-de-zac-posen\/\" data-orig-file=\"https:\/\/i0.wp.com\/www.moda.es\/blog\/wp-content\/uploads\/2013\/01\/Glenn-Close-de-Zac-Posen.jpg?fit=320%2C480\" data-orig-size=\"320,480\" data-comments-opened=\"1\" data-image-meta=\"{&quot;aperture&quot;:&quot;0&quot;,&quot;credit&quot;:&quot;&quot;,&quot;camera&quot;:&quot;&quot;,&quot;caption&quot;:&quot;&quot;,&quot;created_timestamp&quot;:&quot;0&quot;,&quot;copyright&quot;:&quot;2013 Jeff Vespa&quot;,&quot;focal_length&quot;:&quot;0&quot;,&quot;iso&quot;:&quot;0&quot;,&quot;shutter_speed&quot;:&quot;0&quot;,&quot;title&quot;:&quot;&quot;}\" data-image-title=\"Glenn Close, de Zac Posen\" data-image-description=\"\" data-image-caption=\"&lt;p&gt;Glenn Close, de Zac Posen&lt;\/p&gt;\n\" data-medium-file=\"https:\/\/i0.wp.com\/www.moda.es\/blog\/wp-content\/uploads\/2013\/01\/Glenn-Close-de-Zac-Posen.jpg?fit=200%2C300\" data-large-file=\"https:\/\/i0.wp.com\/www.moda.es\/blog\/wp-content\/uploads\/2013\/01\/Glenn-Close-de-Zac-Posen.jpg?fit=320%2C480\" \/><\/a>\n\t\t\t<\/div>\n\t\t\t\t<figcaption class='wp-caption-text gallery-caption' id='gallery-1-10158'>\n\t\t\t\tGlenn Close, de Zac Posen\n\t\t\t\t<\/figcaption><\/figure><figure class='gallery-item'>\n\t\t\t<div class='gallery-icon portrait'>\n\t\t\t\t<a href='http:\/\/www.moda.es\/blog\/zooey-deschanel-de-oscar-de-la-renta-con-joyas-kwiat\/'><img width=\"150\" height=\"150\" src=\"https:\/\/i0.wp.com\/www.moda.es\/blog\/wp-content\/uploads\/2013\/01\/Zooey-Deschanel-de-Oscar-de-la-Renta-con-joyas-Kwiat.jpg?resize=150%2C150\" class=\"attachment-thumbnail size-thumbnail\" alt=\"\" loading=\"lazy\" aria-describedby=\"gallery-1-10188\" srcset=\"https:\/\/i0.wp.com\/www.moda.es\/blog\/wp-content\/uploads\/2013\/01\/Zooey-Deschanel-de-Oscar-de-la-Renta-con-joyas-Kwiat.jpg?resize=150%2C150 150w, https:\/\/i0.wp.com\/www.moda.es\/blog\/wp-content\/uploads\/2013\/01\/Zooey-Deschanel-de-Oscar-de-la-Renta-con-joyas-Kwiat.jpg?zoom=2&amp;resize=150%2C150 300w\" sizes=\"(max-width: 150px) 100vw, 150px\" data-attachment-id=\"10188\" data-permalink=\"http:\/\/www.moda.es\/blog\/zooey-deschanel-de-oscar-de-la-renta-con-joyas-kwiat\/\" data-orig-file=\"https:\/\/i0.wp.com\/www.moda.es\/blog\/wp-content\/uploads\/2013\/01\/Zooey-Deschanel-de-Oscar-de-la-Renta-con-joyas-Kwiat.jpg?fit=320%2C480\" data-orig-size=\"320,480\" data-comments-opened=\"1\" data-image-meta=\"{&quot;aperture&quot;:&quot;0&quot;,&quot;credit&quot;:&quot;&quot;,&quot;camera&quot;:&quot;&quot;,&quot;caption&quot;:&quot;&quot;,&quot;created_timestamp&quot;:&quot;0&quot;,&quot;copyright&quot;:&quot;2013 Getty Images&quot;,&quot;focal_length&quot;:&quot;0&quot;,&quot;iso&quot;:&quot;0&quot;,&quot;shutter_speed&quot;:&quot;0&quot;,&quot;title&quot;:&quot;&quot;}\" data-image-title=\"Zooey Deschanel, de Oscar de la Renta, con joyas Kwiat\" data-image-description=\"\" data-image-caption=\"&lt;p&gt;Zooey Deschanel, de Oscar de la Renta, con joyas Kwiat&lt;\/p&gt;\n\" data-medium-file=\"https:\/\/i0.wp.com\/www.moda.es\/blog\/wp-content\/uploads\/2013\/01\/Zooey-Deschanel-de-Oscar-de-la-Renta-con-joyas-Kwiat.jpg?fit=200%2C300\" data-large-file=\"https:\/\/i0.wp.com\/www.moda.es\/blog\/wp-content\/uploads\/2013\/01\/Zooey-Deschanel-de-Oscar-de-la-Renta-con-joyas-Kwiat.jpg?fit=320%2C480\" \/><\/a>\n\t\t\t<\/div>\n\t\t\t\t<figcaption class='wp-caption-text gallery-caption' id='gallery-1-10188'>\n\t\t\t\tZooey Deschanel, de Oscar de la Renta, con joyas Kwiat\n\t\t\t\t<\/figcaption><\/figure><figure class='gallery-item'>\n\t\t\t<div class='gallery-icon portrait'>\n\t\t\t\t<a href='http:\/\/www.moda.es\/blog\/jennifer-lawrence-dedior-haute-couture\/'><img width=\"150\" height=\"150\" src=\"https:\/\/i0.wp.com\/www.moda.es\/blog\/wp-content\/uploads\/2013\/01\/Jennifer-Lawrence-deDior-Haute-Couture.jpg?resize=150%2C150\" class=\"attachment-thumbnail size-thumbnail\" alt=\"\" loading=\"lazy\" aria-describedby=\"gallery-1-10163\" srcset=\"https:\/\/i0.wp.com\/www.moda.es\/blog\/wp-content\/uploads\/2013\/01\/Jennifer-Lawrence-deDior-Haute-Couture.jpg?resize=150%2C150 150w, https:\/\/i0.wp.com\/www.moda.es\/blog\/wp-content\/uploads\/2013\/01\/Jennifer-Lawrence-deDior-Haute-Couture.jpg?zoom=2&amp;resize=150%2C150 300w\" sizes=\"(max-width: 150px) 100vw, 150px\" data-attachment-id=\"10163\" data-permalink=\"http:\/\/www.moda.es\/blog\/jennifer-lawrence-dedior-haute-couture\/\" data-orig-file=\"https:\/\/i0.wp.com\/www.moda.es\/blog\/wp-content\/uploads\/2013\/01\/Jennifer-Lawrence-deDior-Haute-Couture.jpg?fit=320%2C480\" data-orig-size=\"320,480\" data-comments-opened=\"1\" data-image-meta=\"{&quot;aperture&quot;:&quot;0&quot;,&quot;credit&quot;:&quot;&quot;,&quot;camera&quot;:&quot;&quot;,&quot;caption&quot;:&quot;&quot;,&quot;created_timestamp&quot;:&quot;0&quot;,&quot;copyright&quot;:&quot;2013 Steve Granitz&quot;,&quot;focal_length&quot;:&quot;0&quot;,&quot;iso&quot;:&quot;0&quot;,&quot;shutter_speed&quot;:&quot;0&quot;,&quot;title&quot;:&quot;&quot;}\" data-image-title=\"Jennifer Lawrence, deDior Haute Couture\" data-image-description=\"\" data-image-caption=\"&lt;p&gt;Jennifer Lawrence, deDior Haute Couture&lt;\/p&gt;\n\" data-medium-file=\"https:\/\/i0.wp.com\/www.moda.es\/blog\/wp-content\/uploads\/2013\/01\/Jennifer-Lawrence-deDior-Haute-Couture.jpg?fit=200%2C300\" data-large-file=\"https:\/\/i0.wp.com\/www.moda.es\/blog\/wp-content\/uploads\/2013\/01\/Jennifer-Lawrence-deDior-Haute-Couture.jpg?fit=320%2C480\" \/><\/a>\n\t\t\t<\/div>\n\t\t\t\t<figcaption class='wp-caption-text gallery-caption' id='gallery-1-10163'>\n\t\t\t\tJennifer Lawrence, deDior Haute Couture\n\t\t\t\t<\/figcaption><\/figure><figure class='gallery-item'>\n\t\t\t<div class='gallery-icon portrait'>\n\t\t\t\t<a href='http:\/\/www.moda.es\/blog\/sofia-vergara-de-michael-cinco-con-joyas-de-lorraine-schwartz\/'><img width=\"150\" height=\"150\" src=\"https:\/\/i0.wp.com\/www.moda.es\/blog\/wp-content\/uploads\/2013\/01\/Sofia-Vergara-de-Michael-Cinco-con-joyas-de-Lorraine-Schwartz.jpg?resize=150%2C150\" class=\"attachment-thumbnail size-thumbnail\" alt=\"\" loading=\"lazy\" aria-describedby=\"gallery-1-10185\" srcset=\"https:\/\/i0.wp.com\/www.moda.es\/blog\/wp-content\/uploads\/2013\/01\/Sofia-Vergara-de-Michael-Cinco-con-joyas-de-Lorraine-Schwartz.jpg?resize=150%2C150 150w, https:\/\/i0.wp.com\/www.moda.es\/blog\/wp-content\/uploads\/2013\/01\/Sofia-Vergara-de-Michael-Cinco-con-joyas-de-Lorraine-Schwartz.jpg?zoom=2&amp;resize=150%2C150 300w\" sizes=\"(max-width: 150px) 100vw, 150px\" data-attachment-id=\"10185\" data-permalink=\"http:\/\/www.moda.es\/blog\/sofia-vergara-de-michael-cinco-con-joyas-de-lorraine-schwartz\/\" data-orig-file=\"https:\/\/i0.wp.com\/www.moda.es\/blog\/wp-content\/uploads\/2013\/01\/Sofia-Vergara-de-Michael-Cinco-con-joyas-de-Lorraine-Schwartz.jpg?fit=320%2C480\" data-orig-size=\"320,480\" data-comments-opened=\"1\" data-image-meta=\"{&quot;aperture&quot;:&quot;0&quot;,&quot;credit&quot;:&quot;&quot;,&quot;camera&quot;:&quot;&quot;,&quot;caption&quot;:&quot;&quot;,&quot;created_timestamp&quot;:&quot;0&quot;,&quot;copyright&quot;:&quot;2013 Steve Granitz&quot;,&quot;focal_length&quot;:&quot;0&quot;,&quot;iso&quot;:&quot;0&quot;,&quot;shutter_speed&quot;:&quot;0&quot;,&quot;title&quot;:&quot;&quot;}\" data-image-title=\"Sofia Vergara, de Michael Cinco, con joyas de Lorraine Schwartz\" data-image-description=\"\" data-image-caption=\"&lt;p&gt;Taylor Swift, de Donna Karan Atelier&lt;\/p&gt;\n\" data-medium-file=\"https:\/\/i0.wp.com\/www.moda.es\/blog\/wp-content\/uploads\/2013\/01\/Sofia-Vergara-de-Michael-Cinco-con-joyas-de-Lorraine-Schwartz.jpg?fit=200%2C300\" data-large-file=\"https:\/\/i0.wp.com\/www.moda.es\/blog\/wp-content\/uploads\/2013\/01\/Sofia-Vergara-de-Michael-Cinco-con-joyas-de-Lorraine-Schwartz.jpg?fit=320%2C480\" \/><\/a>\n\t\t\t<\/div>\n\t\t\t\t<figcaption class='wp-caption-text gallery-caption' id='gallery-1-10185'>\n\t\t\t\tTaylor Swift, de Donna Karan Atelier\n\t\t\t\t<\/figcaption><\/figure><figure class='gallery-item'>\n\t\t\t<div class='gallery-icon portrait'>\n\t\t\t\t<a href='http:\/\/www.moda.es\/blog\/kelly-osbourne-de-zac-posen\/'><img width=\"150\" height=\"150\" src=\"https:\/\/i0.wp.com\/www.moda.es\/blog\/wp-content\/uploads\/2013\/01\/Kelly-Osbourne-de-Zac-Posen.jpg?resize=150%2C150\" class=\"attachment-thumbnail size-thumbnail\" alt=\"\" loading=\"lazy\" aria-describedby=\"gallery-1-10171\" srcset=\"https:\/\/i0.wp.com\/www.moda.es\/blog\/wp-content\/uploads\/2013\/01\/Kelly-Osbourne-de-Zac-Posen.jpg?resize=150%2C150 150w, https:\/\/i0.wp.com\/www.moda.es\/blog\/wp-content\/uploads\/2013\/01\/Kelly-Osbourne-de-Zac-Posen.jpg?zoom=2&amp;resize=150%2C150 300w, https:\/\/i0.wp.com\/www.moda.es\/blog\/wp-content\/uploads\/2013\/01\/Kelly-Osbourne-de-Zac-Posen.jpg?zoom=3&amp;resize=150%2C150 450w\" sizes=\"(max-width: 150px) 100vw, 150px\" data-attachment-id=\"10171\" data-permalink=\"http:\/\/www.moda.es\/blog\/kelly-osbourne-de-zac-posen\/\" data-orig-file=\"https:\/\/i0.wp.com\/www.moda.es\/blog\/wp-content\/uploads\/2013\/01\/Kelly-Osbourne-de-Zac-Posen.jpg?fit=643%2C900\" data-orig-size=\"643,900\" data-comments-opened=\"1\" data-image-meta=\"{&quot;aperture&quot;:&quot;0&quot;,&quot;credit&quot;:&quot;&quot;,&quot;camera&quot;:&quot;&quot;,&quot;caption&quot;:&quot;&quot;,&quot;created_timestamp&quot;:&quot;0&quot;,&quot;copyright&quot;:&quot;&quot;,&quot;focal_length&quot;:&quot;0&quot;,&quot;iso&quot;:&quot;0&quot;,&quot;shutter_speed&quot;:&quot;0&quot;,&quot;title&quot;:&quot;&quot;}\" data-image-title=\"Kelly Osbourne de Zac Posen\" data-image-description=\"\" data-image-caption=\"&lt;p&gt;Kelly Osbourne de Zac Posen&lt;\/p&gt;\n\" data-medium-file=\"https:\/\/i0.wp.com\/www.moda.es\/blog\/wp-content\/uploads\/2013\/01\/Kelly-Osbourne-de-Zac-Posen.jpg?fit=214%2C300\" data-large-file=\"https:\/\/i0.wp.com\/www.moda.es\/blog\/wp-content\/uploads\/2013\/01\/Kelly-Osbourne-de-Zac-Posen.jpg?fit=640%2C896\" \/><\/a>\n\t\t\t<\/div>\n\t\t\t\t<figcaption class='wp-caption-text gallery-caption' id='gallery-1-10171'>\n\t\t\t\tKelly Osbourne de Zac Posen\n\t\t\t\t<\/figcaption><\/figure><figure class='gallery-item'>\n\t\t\t<div class='gallery-icon portrait'>\n\t\t\t\t<a href='http:\/\/www.moda.es\/blog\/naomi-watts-de-zac-posen-con-joyas-de-lorraine-schwartz-y-accesorios-de-salvatore-ferragamo\/'><img width=\"150\" height=\"150\" src=\"https:\/\/i0.wp.com\/www.moda.es\/blog\/wp-content\/uploads\/2013\/01\/Naomi-Watts-de-Zac-Posen-con-joyas-de-Lorraine-Schwartz-y-accesorios-de-Salvatore-Ferragamo.jpg?resize=150%2C150\" class=\"attachment-thumbnail size-thumbnail\" alt=\"\" loading=\"lazy\" aria-describedby=\"gallery-1-10178\" srcset=\"https:\/\/i0.wp.com\/www.moda.es\/blog\/wp-content\/uploads\/2013\/01\/Naomi-Watts-de-Zac-Posen-con-joyas-de-Lorraine-Schwartz-y-accesorios-de-Salvatore-Ferragamo.jpg?resize=150%2C150 150w, https:\/\/i0.wp.com\/www.moda.es\/blog\/wp-content\/uploads\/2013\/01\/Naomi-Watts-de-Zac-Posen-con-joyas-de-Lorraine-Schwartz-y-accesorios-de-Salvatore-Ferragamo.jpg?zoom=2&amp;resize=150%2C150 300w\" sizes=\"(max-width: 150px) 100vw, 150px\" data-attachment-id=\"10178\" data-permalink=\"http:\/\/www.moda.es\/blog\/naomi-watts-de-zac-posen-con-joyas-de-lorraine-schwartz-y-accesorios-de-salvatore-ferragamo\/\" data-orig-file=\"https:\/\/i0.wp.com\/www.moda.es\/blog\/wp-content\/uploads\/2013\/01\/Naomi-Watts-de-Zac-Posen-con-joyas-de-Lorraine-Schwartz-y-accesorios-de-Salvatore-Ferragamo.jpg?fit=320%2C480\" data-orig-size=\"320,480\" data-comments-opened=\"1\" data-image-meta=\"{&quot;aperture&quot;:&quot;0&quot;,&quot;credit&quot;:&quot;&quot;,&quot;camera&quot;:&quot;&quot;,&quot;caption&quot;:&quot;&quot;,&quot;created_timestamp&quot;:&quot;0&quot;,&quot;copyright&quot;:&quot;2013 Steve Granitz&quot;,&quot;focal_length&quot;:&quot;0&quot;,&quot;iso&quot;:&quot;0&quot;,&quot;shutter_speed&quot;:&quot;0&quot;,&quot;title&quot;:&quot;&quot;}\" data-image-title=\"Naomi Watts, de Zac Posen con joyas de Lorraine Schwartz y accesorios de Salvatore Ferragamo\" data-image-description=\"\" data-image-caption=\"&lt;p&gt;Naomi Watts, de Zac Posen con joyas de Lorraine Schwartz y accesorios de Salvatore Ferragamo&lt;\/p&gt;\n\" data-medium-file=\"https:\/\/i0.wp.com\/www.moda.es\/blog\/wp-content\/uploads\/2013\/01\/Naomi-Watts-de-Zac-Posen-con-joyas-de-Lorraine-Schwartz-y-accesorios-de-Salvatore-Ferragamo.jpg?fit=200%2C300\" data-large-file=\"https:\/\/i0.wp.com\/www.moda.es\/blog\/wp-content\/uploads\/2013\/01\/Naomi-Watts-de-Zac-Posen-con-joyas-de-Lorraine-Schwartz-y-accesorios-de-Salvatore-Ferragamo.jpg?fit=320%2C480\" \/><\/a>\n\t\t\t<\/div>\n\t\t\t\t<figcaption class='wp-caption-text gallery-caption' id='gallery-1-10178'>\n\t\t\t\tNaomi Watts, de Zac Posen con joyas de Lorraine Schwartz y accesorios de Salvatore Ferragamo\n\t\t\t\t<\/figcaption><\/figure>\n\t\t<\/div>\n\n<p>&nbsp;<\/p>\n<p>\u00a9Style<\/p>\n<p>&nbsp;<\/p>\n<p>&nbsp;                             <\/p>\n","protected":false},"excerpt":{"rendered":"<p>Anoche, mientras todas est\u00e1bamos calentitas en nuestra cama,\u00a0 el Beverly Hilton International Ballroom de Los \u00c1ngeles estaba viviendo una de las grandes noches del cine. &nbsp; La edici\u00f3n n\u00famero 70 de los Globos de Oro reconoc\u00eda la labor de la industria entregando los premios a los mejores en una gala [&hellip;]<\/p>\n","protected":false},"author":3,"featured_media":16937,"comment_status":"open","ping_status":"open","sticky":false,"template":"","format":"standard","meta":{"jetpack_publicize_message":"","jetpack_is_tweetstorm":false,"jetpack_publicize_feature_enabled":true},"categories":[4],"tags":[74,84,92,252,357,379,385,427,433,435,600,788,793],"jetpack_publicize_connections":[],"jetpack_featured_media_url":"https:\/\/i0.wp.com\/www.moda.es\/blog\/wp-content\/uploads\/2013\/01\/Tonos-empolvados1.jpg?fit=500%2C300","jetpack_sharing_enabled":true,"jetpack_shortlink":"https:\/\/wp.me\/p4tJCC-2Dy","jetpack-related-posts":[{"id":21585,"url":"http:\/\/www.moda.es\/blog\/descubre-la-alfombra-roja-de-los-globos-de-oro\/","url_meta":{"origin":10140,"position":0},"title":"Descubre la alfombra roja de los Globos de Oro","date":"enero 10, 2017","format":false,"excerpt":"La temporada de premios ha comenzado oficialmente con los Globos de Oro. Nos encanta empezar el a\u00f1o con grandes momentos de moda en la alfombra roja y la primera gala del cine afortunadamente no ha defraudado. Y adem\u00e1s de darnos una idea de qui\u00e9n podr\u00eda estar preparado para ganar en\u2026","rel":"","context":"En \u00abActualidad\u00bb","img":{"alt_text":"","src":"https:\/\/i0.wp.com\/www.moda.es\/blog\/wp-content\/uploads\/2017\/01\/Captura-de-pantalla-2017-01-10-a-las-0.12.03.png?fit=350%2C524&resize=350%2C200","width":350,"height":200},"classes":[]},{"id":20169,"url":"http:\/\/www.moda.es\/blog\/las-mejor-vestidas-de-los-globos-de-oro\/","url_meta":{"origin":10140,"position":1},"title":"Las mejor vestidas de los Globos de Oro","date":"enero 11, 2016","format":false,"excerpt":"Llevamos dos semanas de este 2016 pero ya hemos tenido la primera alfombra roja, y no nos ha decepcionado. Anoche tuvo lugar la ceremonia de los Globos de Oro, unos premios cuya alfombra roja cada vez compite m\u00e1s con los Oscars. La paleta de colores elegida por las celebrities ha\u2026","rel":"","context":"En \u00abAlfombra Roja\u00bb","img":{"alt_text":"","src":"https:\/\/i0.wp.com\/www.moda.es\/blog\/wp-content\/uploads\/2016\/01\/Captura-de-pantalla-2016-01-11-a-las-23.25.13.png?fit=443%2C561&resize=350%2C200","width":350,"height":200},"classes":[]},{"id":10418,"url":"http:\/\/www.moda.es\/blog\/lo-mejor-de-la-alfombra-roja-de-los-sag\/","url_meta":{"origin":10140,"position":2},"title":"Lo mejor de la alfombra roja de los SAG","date":"enero 30, 2013","format":false,"excerpt":"Seguimos en este mes de tanta pompa y ceremonial y hoy le ha tocado a la ceremonia de los SAG Awards, los premios del Sindicato de Actores (Screen Actors Guild Awards). \u00a0 Aunque esta gala fue mucho menos espectacular en cuanto al nivel de la concurrencia, (en los Globos de\u2026","rel":"","context":"En \u00abAlfombra Roja\u00bb","img":{"alt_text":"","src":"https:\/\/i0.wp.com\/www.moda.es\/blog\/wp-content\/uploads\/2013\/01\/Freida-Pinto-de-Roland-Mouret-con-joyas-Lorraine-Schwartz-y-clutch-Leiber.jpg?resize=350%2C200","width":350,"height":200},"classes":[]},{"id":15537,"url":"http:\/\/www.moda.es\/blog\/la-alfombra-roja-de-los-globos-de-oro\/","url_meta":{"origin":10140,"position":3},"title":"La alfombra roja de los Globos de Oro","date":"enero 13, 2014","format":false,"excerpt":"Se abre la veda. Comienza con fuerza la temporada de alfombra roja y lo hace con uno\u00a0 de los eventos que m\u00e1s alegr\u00edas y penas estil\u00edsticas nos da: los Golden Globes. La noche de los premios previos al cine ha llegado llena de estilo (bueno y malo) y con marcadas\u2026","rel":"","context":"En \u00abAlfombra Roja\u00bb","img":{"alt_text":"","src":"https:\/\/i0.wp.com\/www.moda.es\/blog\/wp-content\/uploads\/2014\/01\/Globos-de-Oro-2014-1.jpg?resize=350%2C200","width":350,"height":200},"classes":[]},{"id":10739,"url":"http:\/\/www.moda.es\/blog\/dias-de-alfombra-roja\/","url_meta":{"origin":10140,"position":4},"title":"D\u00edas de alfombra roja","date":"febrero 12, 2013","format":false,"excerpt":"En el lento caminar hacia la ceremonia de los Oscar seguimos asistiendo en primera fila a m\u00e1s desfiles y patinazos de las estrellas en la alfombra roja. \u00a0 En la noche del domingo rivalizaron dos grandes eventos: la ceremonia de los Premios Grammy de la M\u00fasica y la de los\u2026","rel":"","context":"En \u00abActualidad\u00bb","img":{"alt_text":"","src":"https:\/\/i0.wp.com\/www.moda.es\/blog\/wp-content\/uploads\/2013\/02\/Amy-Adams-de-Elie-Saab.jpg?resize=350%2C200","width":350,"height":200},"classes":[]},{"id":1954,"url":"http:\/\/www.moda.es\/blog\/cannes-y-la-croisette\/","url_meta":{"origin":10140,"position":5},"title":"Cannes y la Croisette","date":"mayo 17, 2011","format":false,"excerpt":"Dejando un poco de lado los recuerdos cinematogr\u00e1ficos de estos d\u00edas atr\u00e1s, vuelvo de nuevo la mirada a Cannes. Este festival de cine no ha descansado el fin de semana, tiempo durante el cual se han seguido presentando pel\u00edculas tanto fuera como dentro de concurso. Con cada premier, han ido\u2026","rel":"","context":"En \u00abAlfombra Roja\u00bb","img":{"alt_text":"","src":"https:\/\/i0.wp.com\/www.moda.es\/blog\/wp-content\/uploads\/2011\/05\/cartel-64-edicion-festival-cannes-2011.jpg?fit=650%2C401&resize=350%2C200","width":350,"height":200},"classes":[]}],"_links":{"self":[{"href":"http:\/\/www.moda.es\/blog\/wp-json\/wp\/v2\/posts\/10140"}],"collection":[{"href":"http:\/\/www.moda.es\/blog\/wp-json\/wp\/v2\/posts"}],"about":[{"href":"http:\/\/www.moda.es\/blog\/wp-json\/wp\/v2\/types\/post"}],"author":[{"embeddable":true,"href":"http:\/\/www.moda.es\/blog\/wp-json\/wp\/v2\/users\/3"}],"replies":[{"embeddable":true,"href":"http:\/\/www.moda.es\/blog\/wp-json\/wp\/v2\/comments?post=10140"}],"version-history":[{"count":5,"href":"http:\/\/www.moda.es\/blog\/wp-json\/wp\/v2\/posts\/10140\/revisions"}],"predecessor-version":[{"id":36729,"href":"http:\/\/www.moda.es\/blog\/wp-json\/wp\/v2\/posts\/10140\/revisions\/36729"}],"wp:featuredmedia":[{"embeddable":true,"href":"http:\/\/www.moda.es\/blog\/wp-json\/wp\/v2\/media\/16937"}],"wp:attachment":[{"href":"http:\/\/www.moda.es\/blog\/wp-json\/wp\/v2\/media?parent=10140"}],"wp:term":[{"taxonomy":"category","embeddable":true,"href":"http:\/\/www.moda.es\/blog\/wp-json\/wp\/v2\/categories?post=10140"},{"taxonomy":"post_tag","embeddable":true,"href":"http:\/\/www.moda.es\/blog\/wp-json\/wp\/v2\/tags?post=10140"}],"curies":[{"name":"wp","href":"https:\/\/api.w.org\/{rel}","templated":true}]}}