{"id":10093,"date":"2013-01-10T22:13:46","date_gmt":"2013-01-10T21:13:46","guid":{"rendered":"http:\/\/www.moda.es\/blog\/?p=10093"},"modified":"2020-04-27T18:28:15","modified_gmt":"2020-04-27T17:28:15","slug":"empieza-a-pensar-en-el-verano","status":"publish","type":"post","link":"http:\/\/www.moda.es\/blog\/empieza-a-pensar-en-el-verano\/","title":{"rendered":"Empieza a pensar en el verano"},"content":{"rendered":"<p style=\"text-align: center\"><a href=\"https:\/\/i0.wp.com\/www.moda.es\/blog\/wp-content\/uploads\/2013\/01\/Victoria-Secret-Swim-2013-3.jpg\" target=\"_blank\"><img data-attachment-id=\"10094\" data-permalink=\"http:\/\/www.moda.es\/blog\/empieza-a-pensar-en-el-verano\/victoria-secret-swim-2013-3\/\" data-orig-file=\"https:\/\/i0.wp.com\/www.moda.es\/blog\/wp-content\/uploads\/2013\/01\/Victoria-Secret-Swim-2013-3.jpg?fit=439%2C300\" data-orig-size=\"439,300\" data-comments-opened=\"1\" data-image-meta=\"{&quot;aperture&quot;:&quot;0&quot;,&quot;credit&quot;:&quot;&quot;,&quot;camera&quot;:&quot;&quot;,&quot;caption&quot;:&quot;&quot;,&quot;created_timestamp&quot;:&quot;0&quot;,&quot;copyright&quot;:&quot;&quot;,&quot;focal_length&quot;:&quot;0&quot;,&quot;iso&quot;:&quot;0&quot;,&quot;shutter_speed&quot;:&quot;0&quot;,&quot;title&quot;:&quot;&quot;}\" data-image-title=\"Victoria Secret Swim 2013 3\" data-image-description=\"\" data-image-caption=\"\" data-medium-file=\"https:\/\/i0.wp.com\/www.moda.es\/blog\/wp-content\/uploads\/2013\/01\/Victoria-Secret-Swim-2013-3.jpg?fit=300%2C205\" data-large-file=\"https:\/\/i0.wp.com\/www.moda.es\/blog\/wp-content\/uploads\/2013\/01\/Victoria-Secret-Swim-2013-3.jpg?fit=439%2C300\" loading=\"lazy\" class=\"aligncenter size-full wp-image-10094\" alt=\"Victoria Secret Swim 2013 3\" src=\"https:\/\/i0.wp.com\/www.moda.es\/blog\/wp-content\/uploads\/2013\/01\/Victoria-Secret-Swim-2013-3.jpg?resize=439%2C300\" width=\"439\" height=\"300\" srcset=\"https:\/\/i0.wp.com\/www.moda.es\/blog\/wp-content\/uploads\/2013\/01\/Victoria-Secret-Swim-2013-3.jpg?w=439 439w, https:\/\/i0.wp.com\/www.moda.es\/blog\/wp-content\/uploads\/2013\/01\/Victoria-Secret-Swim-2013-3.jpg?resize=300%2C205 300w\" sizes=\"(max-width: 439px) 100vw, 439px\" data-recalc-dims=\"1\" \/><\/a><\/p>\n<p>Rayos de sol, arena blanca, palmeras, fiestas, color, m\u00fasica \u00a1y bikinis! De acuerdo, la temperatura ah\u00ed fuera no es la m\u00e1s agradable, \u00bfpero no est\u00e1s harta de este ambiente gris?\u00a0<strong> Victoria Secret<\/strong> ya nos est\u00e1 hablando de vacaciones en la presentaci\u00f3n de su nueva colecci\u00f3n de ba\u00f1o, <strong>Victoria Secret Swim 2013<\/strong>.<\/p>\n<p style=\"text-align: center\">\u00a0<a href=\"https:\/\/i0.wp.com\/www.moda.es\/blog\/wp-content\/uploads\/2013\/01\/Victoria-Secret-Swim-2013-6.jpg\" target=\"_blank\"><img data-attachment-id=\"10099\" data-permalink=\"http:\/\/www.moda.es\/blog\/empieza-a-pensar-en-el-verano\/victoria-secret-swim-2013-6\/\" data-orig-file=\"https:\/\/i0.wp.com\/www.moda.es\/blog\/wp-content\/uploads\/2013\/01\/Victoria-Secret-Swim-2013-6.jpg?fit=439%2C300\" data-orig-size=\"439,300\" data-comments-opened=\"1\" data-image-meta=\"{&quot;aperture&quot;:&quot;0&quot;,&quot;credit&quot;:&quot;&quot;,&quot;camera&quot;:&quot;&quot;,&quot;caption&quot;:&quot;&quot;,&quot;created_timestamp&quot;:&quot;0&quot;,&quot;copyright&quot;:&quot;&quot;,&quot;focal_length&quot;:&quot;0&quot;,&quot;iso&quot;:&quot;0&quot;,&quot;shutter_speed&quot;:&quot;0&quot;,&quot;title&quot;:&quot;&quot;}\" data-image-title=\"Victoria Secret Swim 2013 6\" data-image-description=\"\" data-image-caption=\"\" data-medium-file=\"https:\/\/i0.wp.com\/www.moda.es\/blog\/wp-content\/uploads\/2013\/01\/Victoria-Secret-Swim-2013-6.jpg?fit=300%2C205\" data-large-file=\"https:\/\/i0.wp.com\/www.moda.es\/blog\/wp-content\/uploads\/2013\/01\/Victoria-Secret-Swim-2013-6.jpg?fit=439%2C300\" loading=\"lazy\" class=\"aligncenter size-full wp-image-10099\" alt=\"Victoria Secret Swim 2013 6\" src=\"https:\/\/i0.wp.com\/www.moda.es\/blog\/wp-content\/uploads\/2013\/01\/Victoria-Secret-Swim-2013-6.jpg?resize=439%2C300\" width=\"439\" height=\"300\" srcset=\"https:\/\/i0.wp.com\/www.moda.es\/blog\/wp-content\/uploads\/2013\/01\/Victoria-Secret-Swim-2013-6.jpg?w=439 439w, https:\/\/i0.wp.com\/www.moda.es\/blog\/wp-content\/uploads\/2013\/01\/Victoria-Secret-Swim-2013-6.jpg?resize=300%2C205 300w\" sizes=\"(max-width: 439px) 100vw, 439px\" data-recalc-dims=\"1\" \/><\/a><\/p>\n<p>&nbsp;<\/p>\n<p style=\"text-align: center\"><a href=\"https:\/\/i0.wp.com\/www.moda.es\/blog\/wp-content\/uploads\/2013\/01\/Victoria-Secret-Swim-2013-8.jpg\" target=\"_blank\"><img data-attachment-id=\"10100\" data-permalink=\"http:\/\/www.moda.es\/blog\/empieza-a-pensar-en-el-verano\/victoria-secret-swim-2013-8\/\" data-orig-file=\"https:\/\/i0.wp.com\/www.moda.es\/blog\/wp-content\/uploads\/2013\/01\/Victoria-Secret-Swim-2013-8.jpg?fit=439%2C300\" data-orig-size=\"439,300\" data-comments-opened=\"1\" data-image-meta=\"{&quot;aperture&quot;:&quot;0&quot;,&quot;credit&quot;:&quot;&quot;,&quot;camera&quot;:&quot;&quot;,&quot;caption&quot;:&quot;&quot;,&quot;created_timestamp&quot;:&quot;0&quot;,&quot;copyright&quot;:&quot;&quot;,&quot;focal_length&quot;:&quot;0&quot;,&quot;iso&quot;:&quot;0&quot;,&quot;shutter_speed&quot;:&quot;0&quot;,&quot;title&quot;:&quot;&quot;}\" data-image-title=\"Victoria Secret Swim 2013 8\" data-image-description=\"\" data-image-caption=\"\" data-medium-file=\"https:\/\/i0.wp.com\/www.moda.es\/blog\/wp-content\/uploads\/2013\/01\/Victoria-Secret-Swim-2013-8.jpg?fit=300%2C205\" data-large-file=\"https:\/\/i0.wp.com\/www.moda.es\/blog\/wp-content\/uploads\/2013\/01\/Victoria-Secret-Swim-2013-8.jpg?fit=439%2C300\" loading=\"lazy\" class=\"aligncenter size-full wp-image-10100\" alt=\"Victoria Secret Swim 2013 8\" src=\"https:\/\/i0.wp.com\/www.moda.es\/blog\/wp-content\/uploads\/2013\/01\/Victoria-Secret-Swim-2013-8.jpg?resize=439%2C300\" width=\"439\" height=\"300\" srcset=\"https:\/\/i0.wp.com\/www.moda.es\/blog\/wp-content\/uploads\/2013\/01\/Victoria-Secret-Swim-2013-8.jpg?w=439 439w, https:\/\/i0.wp.com\/www.moda.es\/blog\/wp-content\/uploads\/2013\/01\/Victoria-Secret-Swim-2013-8.jpg?resize=300%2C205 300w\" sizes=\"(max-width: 439px) 100vw, 439px\" data-recalc-dims=\"1\" \/><\/a><\/p>\n<p>Con la nueva campa\u00f1a, fotografiada en<strong> Islas Turcas<\/strong>, <strong>Caicos<\/strong> y <strong>Miami<\/strong> por\u00a0Russell James el gigante de la lencer\u00eda americana ha lanzado una serie de cuatro v\u00eddeos\u00a0 llamada <strong>The Angels &amp; The Artists<\/strong>. El primero de ellos, <strong>Bikinis &amp; Bruno Mars<\/strong>, muestra a unas super sexies\u00a0<strong>Candice\u00a0Swanepoel<\/strong> y <strong>Doutzen Kroes<\/strong> bailando alrededor de una piscina al ritmo del hit de Bruno Mars, <em>Locked Out of Heaven<\/em>.<\/p>\n<p style=\"text-align: center\">\u00a0<a href=\"https:\/\/i0.wp.com\/www.moda.es\/blog\/wp-content\/uploads\/2013\/01\/Victoria-Secret-Swim-2013-9.jpg\" target=\"_blank\"><img data-attachment-id=\"10101\" data-permalink=\"http:\/\/www.moda.es\/blog\/empieza-a-pensar-en-el-verano\/victoria-secret-swim-2013-9\/\" data-orig-file=\"https:\/\/i0.wp.com\/www.moda.es\/blog\/wp-content\/uploads\/2013\/01\/Victoria-Secret-Swim-2013-9.jpg?fit=439%2C300\" data-orig-size=\"439,300\" data-comments-opened=\"1\" data-image-meta=\"{&quot;aperture&quot;:&quot;0&quot;,&quot;credit&quot;:&quot;&quot;,&quot;camera&quot;:&quot;&quot;,&quot;caption&quot;:&quot;&quot;,&quot;created_timestamp&quot;:&quot;0&quot;,&quot;copyright&quot;:&quot;&quot;,&quot;focal_length&quot;:&quot;0&quot;,&quot;iso&quot;:&quot;0&quot;,&quot;shutter_speed&quot;:&quot;0&quot;,&quot;title&quot;:&quot;&quot;}\" data-image-title=\"Victoria Secret Swim 2013 9\" data-image-description=\"\" data-image-caption=\"\" data-medium-file=\"https:\/\/i0.wp.com\/www.moda.es\/blog\/wp-content\/uploads\/2013\/01\/Victoria-Secret-Swim-2013-9.jpg?fit=300%2C205\" data-large-file=\"https:\/\/i0.wp.com\/www.moda.es\/blog\/wp-content\/uploads\/2013\/01\/Victoria-Secret-Swim-2013-9.jpg?fit=439%2C300\" loading=\"lazy\" class=\"aligncenter size-full wp-image-10101\" alt=\"Victoria Secret Swim 2013 9\" src=\"https:\/\/i0.wp.com\/www.moda.es\/blog\/wp-content\/uploads\/2013\/01\/Victoria-Secret-Swim-2013-9.jpg?resize=439%2C300\" width=\"439\" height=\"300\" srcset=\"https:\/\/i0.wp.com\/www.moda.es\/blog\/wp-content\/uploads\/2013\/01\/Victoria-Secret-Swim-2013-9.jpg?w=439 439w, https:\/\/i0.wp.com\/www.moda.es\/blog\/wp-content\/uploads\/2013\/01\/Victoria-Secret-Swim-2013-9.jpg?resize=300%2C205 300w\" sizes=\"(max-width: 439px) 100vw, 439px\" data-recalc-dims=\"1\" \/><\/a><\/p>\n<p>De este proyecto ha salido tambi\u00e9n el nuevo <strong>cat\u00e1logo<\/strong> de Victoria Secret para el pr\u00f3ximo verano, y la afortunada protagonsita de su portada es Candice Swanepoel. La modelo est\u00e1 encantada por tal honor: \u00ab\u00a1Es incre\u00edble ser la portada del cat\u00e1logo Swim! Antes de que yo fuera modelo, sol\u00eda ver Gisele (BundchenI, Tyra Banks y todas esas mujeres ic\u00f3nicas en \u00e9l. Es incre\u00edble que una ni\u00f1a sudafricana como yo puede aparecer en la portada\u00bb.<\/p>\n<p style=\"text-align: center\">\u00a0<a href=\"https:\/\/i0.wp.com\/www.moda.es\/blog\/wp-content\/uploads\/2013\/01\/Victoria-Secret-Swim-2013-41.jpg\" target=\"_blank\"><img data-attachment-id=\"10104\" data-permalink=\"http:\/\/www.moda.es\/blog\/empieza-a-pensar-en-el-verano\/victoria-secret-swim-2013-4-2\/\" data-orig-file=\"https:\/\/i0.wp.com\/www.moda.es\/blog\/wp-content\/uploads\/2013\/01\/Victoria-Secret-Swim-2013-41.jpg?fit=439%2C300\" data-orig-size=\"439,300\" data-comments-opened=\"1\" data-image-meta=\"{&quot;aperture&quot;:&quot;0&quot;,&quot;credit&quot;:&quot;&quot;,&quot;camera&quot;:&quot;&quot;,&quot;caption&quot;:&quot;&quot;,&quot;created_timestamp&quot;:&quot;0&quot;,&quot;copyright&quot;:&quot;&quot;,&quot;focal_length&quot;:&quot;0&quot;,&quot;iso&quot;:&quot;0&quot;,&quot;shutter_speed&quot;:&quot;0&quot;,&quot;title&quot;:&quot;&quot;}\" data-image-title=\"Victoria Secret Swim 2013 4\" data-image-description=\"\" data-image-caption=\"\" data-medium-file=\"https:\/\/i0.wp.com\/www.moda.es\/blog\/wp-content\/uploads\/2013\/01\/Victoria-Secret-Swim-2013-41.jpg?fit=300%2C205\" data-large-file=\"https:\/\/i0.wp.com\/www.moda.es\/blog\/wp-content\/uploads\/2013\/01\/Victoria-Secret-Swim-2013-41.jpg?fit=439%2C300\" loading=\"lazy\" class=\"aligncenter size-full wp-image-10104\" alt=\"Victoria Secret Swim 2013 4\" src=\"https:\/\/i0.wp.com\/www.moda.es\/blog\/wp-content\/uploads\/2013\/01\/Victoria-Secret-Swim-2013-41.jpg?resize=439%2C300\" width=\"439\" height=\"300\" srcset=\"https:\/\/i0.wp.com\/www.moda.es\/blog\/wp-content\/uploads\/2013\/01\/Victoria-Secret-Swim-2013-41.jpg?w=439 439w, https:\/\/i0.wp.com\/www.moda.es\/blog\/wp-content\/uploads\/2013\/01\/Victoria-Secret-Swim-2013-41.jpg?resize=300%2C205 300w\" sizes=\"(max-width: 439px) 100vw, 439px\" data-recalc-dims=\"1\" \/><\/a><\/p>\n<p>En este cat\u00e1logo reinan los colores fluor, el verde, las rayas, las aplicaciones de lentejuelas y abalorios y la mezcla de estampados de todo tipo.<\/p>\n<p>&nbsp;<\/p>\n<p>\u00bfPreparada para empezar a pensar en las vacaciones?<br \/>\n<div class=\"jetpack-video-wrapper\"><span class=\"embed-youtube\" style=\"text-align:center; display: block;\"><iframe class=\"youtube-player\" width=\"520\" height=\"293\" src=\"https:\/\/www.youtube.com\/embed\/3u9VCJV07oc?version=3&#038;rel=1&#038;showsearch=0&#038;showinfo=1&#038;iv_load_policy=1&#038;fs=1&#038;hl=es-ES&#038;autohide=2&#038;wmode=transparent\" allowfullscreen=\"true\" style=\"border:0;\" sandbox=\"allow-scripts allow-same-origin allow-popups allow-presentation\"><\/iframe><\/span><\/div><\/p>\n<p>\u00a9Grazia UK<\/p>\n<p>&nbsp;<\/p>\n<p>&nbsp;                             <\/p>\n","protected":false},"excerpt":{"rendered":"<p>Rayos de sol, arena blanca, palmeras, fiestas, color, m\u00fasica \u00a1y bikinis! De acuerdo, la temperatura ah\u00ed fuera no es la m\u00e1s agradable, \u00bfpero no est\u00e1s harta de este ambiente gris?\u00a0 Victoria Secret ya nos est\u00e1 hablando de vacaciones en la presentaci\u00f3n de su nueva colecci\u00f3n de ba\u00f1o, Victoria Secret Swim [&hellip;]<\/p>\n","protected":false},"author":3,"featured_media":16933,"comment_status":"open","ping_status":"open","sticky":false,"template":"","format":"standard","meta":{"jetpack_publicize_message":"","jetpack_is_tweetstorm":false,"jetpack_publicize_feature_enabled":true},"categories":[10,20],"tags":[161,279,931],"jetpack_publicize_connections":[],"jetpack_featured_media_url":"https:\/\/i0.wp.com\/www.moda.es\/blog\/wp-content\/uploads\/2013\/01\/Victoria-Secret-Swim-2013-31.jpg?fit=439%2C300","jetpack_sharing_enabled":true,"jetpack_shortlink":"https:\/\/wp.me\/p4tJCC-2CN","jetpack-related-posts":[{"id":10564,"url":"http:\/\/www.moda.es\/blog\/en-el-dia-mas-romantico-del-ano\/","url_meta":{"origin":10093,"position":0},"title":"En el d\u00eda m\u00e1s rom\u00e1ntico del a\u00f1o&#8230;","date":"febrero 5, 2013","format":false,"excerpt":"... tan importante como escoger el modelazo con el que sorprender\u00e1s a tu Romeo es cuidar otros detalles, m\u00e1s peque\u00f1os pero no por ello menos importantes... El 14 de febrero es el d\u00eda del amor por excelencia, amor de verdad, sin tonter\u00edas y con todo lo que conlleva. Por eso\u2026","rel":"","context":"En \u00abShopping\u00bb","img":{"alt_text":"","src":"https:\/\/i0.wp.com\/www.moda.es\/blog\/wp-content\/uploads\/2013\/02\/Rosie-Huntington-presenta-su-propia-coleccion-de-lenceria.jpg?fit=500%2C359&resize=350%2C200","width":350,"height":200},"classes":[]},{"id":18967,"url":"http:\/\/www.moda.es\/blog\/los-vaqueros-de-joan-smalls\/","url_meta":{"origin":10093,"position":1},"title":"Los vaqueros de Joan Smalls","date":"febrero 18, 2015","format":false,"excerpt":"Joan Smalls ha seguido los pasos\u00a0 de su compa\u00f1era en Victoria Secret, Candice Swanepoel, y ha dise\u00f1ado su propia colecci\u00f3n de denim. La modelo ha creado una colecci\u00f3n de diecis\u00e9is piezas para la marca True Religion. Desde el denim m\u00e1s tradicional a las opciones m\u00e1s contempor\u00e1neos perfectas para conseguir el\u2026","rel":"","context":"En \u00abColecciones\u00bb","img":{"alt_text":"","src":"https:\/\/i0.wp.com\/www.moda.es\/blog\/wp-content\/uploads\/2015\/02\/joan-smalls-2.jpg?fit=426%2C639&resize=350%2C200","width":350,"height":200},"classes":[]},{"id":11673,"url":"http:\/\/www.moda.es\/blog\/rihanna-erin-heatherton-y-behati-prinsloo-bajo-el-sol-de-victorias-secret\/","url_meta":{"origin":10093,"position":2},"title":"Rihanna, Erin Heatherton y Behati Prinsloo bajo el sol de Victoria&#8217;s Secret","date":"marzo 26, 2013","format":false,"excerpt":"Si hace algunos d\u00edas te daba algunos trucos para lucir una figura espectacular en bikini, hoy te traigo algunos bikinis que seguro realzar\u00e1n los buenos resultados obtenidos. \u00a0 Victoria's Secret contin\u00faa presentando su ciclo Swim 2013 y sus asociaciones de modelos, cantantes de \u00e9xito y trajes de ba\u00f1o super sexies,\u2026","rel":"","context":"En \u00abCampa\u00f1as\u00bb","img":{"alt_text":"","src":"https:\/\/i0.wp.com\/www.moda.es\/blog\/wp-content\/uploads\/2013\/03\/Victorias-Secret1.jpg?fit=655%2C400&resize=350%2C200","width":350,"height":200},"classes":[]},{"id":12197,"url":"http:\/\/www.moda.es\/blog\/un-angel-muy-enfadado\/","url_meta":{"origin":10093,"position":3},"title":"Un \u00e1ngel muy enfadado","date":"abril 25, 2013","format":false,"excerpt":"Remordimientos religiosos. Eso es lo que ha movido a la ex \u00e1ngel de Victoria's Secret, Kylie Bisutti, ha abandonar las filas del desfile de lencer\u00eda m\u00e1s seguido del mundo. Febrero de 2012 fue la fecha y una provocativa sesi\u00f3n de fotos en ropa interior para la revista FHM fue el\u2026","rel":"","context":"En \u00abActualidad\u00bb","img":{"alt_text":"","src":"https:\/\/i0.wp.com\/www.moda.es\/blog\/wp-content\/uploads\/2013\/04\/Kylie-Bisutti-21.jpg?fit=400%2C600&resize=350%2C200","width":350,"height":200},"classes":[]},{"id":18029,"url":"http:\/\/www.moda.es\/blog\/diez-anos-de-doutzen-kroes\/","url_meta":{"origin":10093,"position":4},"title":"Diez a\u00f1os de Doutzen Kroes","date":"agosto 6, 2014","format":false,"excerpt":"Me siento un poco abuela al exclamar \"\u00a1c\u00f3mo pasa el tiempo!\", pero no puedo evitar hacerlo cuando descubro cosas como que la modelo Doutzen Kroes ya lleva diez a\u00f1os sobre las pasarelas. M\u00e1s conocida ahora como uno de los \u00e1ngeles de Victoria Secret o como imagen de L'Or\u00e9al, Doutzen Kroes,\u2026","rel":"","context":"En \u00abDestacados\u00bb","img":{"alt_text":"","src":"https:\/\/i0.wp.com\/www.moda.es\/blog\/wp-content\/uploads\/2014\/08\/dk6.jpg?fit=650%2C975&resize=350%2C200","width":350,"height":200},"classes":[]},{"id":19167,"url":"http:\/\/www.moda.es\/blog\/adios-giselle\/","url_meta":{"origin":10093,"position":5},"title":"Adios, Giselle","date":"marzo 21, 2015","format":false,"excerpt":"Durante m\u00e1s de quince a\u00f1os, Gisele B\u00fcndchen, con sus piernas interminables, su preciosa sonrisa y su cabello dorado ha sido un elemento b\u00e1sico en las pasarelas. Ahora, la bomba brasile\u00f1a ha anunciado que va a colgar sus tacones de aguja a trav\u00e9s de un comunicado de su hermana y portavoz,\u2026","rel":"","context":"En \u00abActualidad\u00bb","img":{"alt_text":"","src":"https:\/\/i0.wp.com\/www.moda.es\/blog\/wp-content\/uploads\/2015\/03\/04-christian-dior-couture-fall-2007.jpg?fit=650%2C975&resize=350%2C200","width":350,"height":200},"classes":[]}],"_links":{"self":[{"href":"http:\/\/www.moda.es\/blog\/wp-json\/wp\/v2\/posts\/10093"}],"collection":[{"href":"http:\/\/www.moda.es\/blog\/wp-json\/wp\/v2\/posts"}],"about":[{"href":"http:\/\/www.moda.es\/blog\/wp-json\/wp\/v2\/types\/post"}],"author":[{"embeddable":true,"href":"http:\/\/www.moda.es\/blog\/wp-json\/wp\/v2\/users\/3"}],"replies":[{"embeddable":true,"href":"http:\/\/www.moda.es\/blog\/wp-json\/wp\/v2\/comments?post=10093"}],"version-history":[{"count":5,"href":"http:\/\/www.moda.es\/blog\/wp-json\/wp\/v2\/posts\/10093\/revisions"}],"predecessor-version":[{"id":36732,"href":"http:\/\/www.moda.es\/blog\/wp-json\/wp\/v2\/posts\/10093\/revisions\/36732"}],"wp:featuredmedia":[{"embeddable":true,"href":"http:\/\/www.moda.es\/blog\/wp-json\/wp\/v2\/media\/16933"}],"wp:attachment":[{"href":"http:\/\/www.moda.es\/blog\/wp-json\/wp\/v2\/media?parent=10093"}],"wp:term":[{"taxonomy":"category","embeddable":true,"href":"http:\/\/www.moda.es\/blog\/wp-json\/wp\/v2\/categories?post=10093"},{"taxonomy":"post_tag","embeddable":true,"href":"http:\/\/www.moda.es\/blog\/wp-json\/wp\/v2\/tags?post=10093"}],"curies":[{"name":"wp","href":"https:\/\/api.w.org\/{rel}","templated":true}]}}